{"id":382160,"date":"2025-09-11T07:05:09","date_gmt":"2025-09-11T07:05:09","guid":{"rendered":"https:\/\/www.europesays.com\/fr\/382160\/"},"modified":"2025-09-11T07:05:09","modified_gmt":"2025-09-11T07:05:09","slug":"daryl-bultor-au-service-du-gfc-ajaccio","status":"publish","type":"post","link":"https:\/\/www.europesays.com\/fr\/382160\/","title":{"rendered":"Daryl Bultor au service du GFC Ajaccio"},"content":{"rendered":"<p><strong>Pourquoi avoir choisi le GFCA pour votre retour dans le championnat de France\u00a0?<\/strong>&#13;\n<\/p>\n<p>Il fallait qu&rsquo;il y ait un attrait commun pour que je donne mon accord. D\u00e8s les premiers contacts, j&rsquo;ai ressenti une forte envie du coach et au-del\u00e0 de l&rsquo;ensemble du club, de travailler avec moi. Cela fait vraiment plaisir et \u00e0 partir de l\u00e0, tout s&rsquo;est fait naturellement. Mon objectif en retrouvant le championnat de France est de me relancer et je pense que le Gaz qui est un tr\u00e8s bon club avec un beau pass\u00e9, est le bon endroit pour y parvenir.<\/p>\n<p><strong>Les premi\u00e8res impressions sont-elles positives\u00a0?<\/strong>&#13;\n<\/p>\n<p>Oui les conditions de travail sont excellentes et il y a une bonne ambiance. Je retrouve aussi Matthieu Garcia qui a \u00e9t\u00e9 mon co\u00e9quipier \u00e0 S\u00e8te. Pour m&rsquo;acclimater, il n&rsquo;y aura vraiment aucune difficult\u00e9.<\/p>\n<p><strong>Votre dernier club en Ligue A, c&rsquo;\u00e9tait il y a deux ans Illac \u00e9galement promu. Qu&rsquo;avez-vous retir\u00e9 de cette exp\u00e9rience et ne craignez-vous pas qu&rsquo;Ajaccio rencontre les m\u00eames difficult\u00e9s \u00e0 \u00eatre au niveau de la MSL\u00a0?<\/strong>&#13;\n<\/p>\n<p>Illac n&rsquo;avait jamais \u00e9volu\u00e9 au plus haut niveau et donc ce n&rsquo;est pas vraiment comparable avec Ajaccio qui a longtemps \u00e9t\u00e9 un club solide et performant, avec d&rsquo;ailleurs le m\u00eame coach \u00e0 ce niveau. Forc\u00e9ment, l&#8230;<\/p>\n","protected":false},"excerpt":{"rendered":"Pourquoi avoir choisi le GFCA pour votre retour dans le championnat de France\u00a0?&#13; Il fallait qu&rsquo;il y ait&hellip;\n","protected":false},"author":2,"featured_media":382161,"comment_status":"","ping_status":"","sticky":false,"template":"","format":"standard","meta":{"footnotes":""},"categories":[1417],"tags":[17,5622,32701,32700,1011,27,3025,49560,3737,51532,60,1470,1469],"class_list":{"0":"post-382160","1":"post","2":"type-post","3":"status-publish","4":"format-standard","5":"has-post-thumbnail","7":"category-volley","8":"tag-17","9":"tag-ajaccio","10":"tag-bultor","11":"tag-daryl","12":"tag-fr","13":"tag-france","14":"tag-gfc","15":"tag-marmara","16":"tag-service","17":"tag-spikeligue","18":"tag-sports","19":"tag-volley","20":"tag-volleyball"},"share_on_mastodon":{"url":"https:\/\/pubeurope.com\/@fr\/115184397409722169","error":""},"_links":{"self":[{"href":"https:\/\/www.europesays.com\/fr\/wp-json\/wp\/v2\/posts\/382160","targetHints":{"allow":["GET"]}}],"collection":[{"href":"https:\/\/www.europesays.com\/fr\/wp-json\/wp\/v2\/posts"}],"about":[{"href":"https:\/\/www.europesays.com\/fr\/wp-json\/wp\/v2\/types\/post"}],"author":[{"embeddable":true,"href":"https:\/\/www.europesays.com\/fr\/wp-json\/wp\/v2\/users\/2"}],"replies":[{"embeddable":true,"href":"https:\/\/www.europesays.com\/fr\/wp-json\/wp\/v2\/comments?post=382160"}],"version-history":[{"count":0,"href":"https:\/\/www.europesays.com\/fr\/wp-json\/wp\/v2\/posts\/382160\/revisions"}],"wp:featuredmedia":[{"embeddable":true,"href":"https:\/\/www.europesays.com\/fr\/wp-json\/wp\/v2\/media\/382161"}],"wp:attachment":[{"href":"https:\/\/www.europesays.com\/fr\/wp-json\/wp\/v2\/media?parent=382160"}],"wp:term":[{"taxonomy":"category","embeddable":true,"href":"https:\/\/www.europesays.com\/fr\/wp-json\/wp\/v2\/categories?post=382160"},{"taxonomy":"post_tag","embeddable":true,"href":"https:\/\/www.europesays.com\/fr\/wp-json\/wp\/v2\/tags?post=382160"}],"curies":[{"name":"wp","href":"https:\/\/api.w.org\/{rel}","templated":true}]}}