{"id":382164,"date":"2025-09-11T07:07:14","date_gmt":"2025-09-11T07:07:14","guid":{"rendered":"https:\/\/www.europesays.com\/fr\/382164\/"},"modified":"2025-09-11T07:07:14","modified_gmt":"2025-09-11T07:07:14","slug":"wta-us-open-billie-jean-king-a-aryna-sabalenka-je-vais-te-dire-ce-que-jaime-vraiment-chez-toi","status":"publish","type":"post","link":"https:\/\/www.europesays.com\/fr\/382164\/","title":{"rendered":"WTA, US Open > Billie Jean King \u00e0 Aryna Sabalenka : \u00ab\u00a0Je vais te dire ce que j&rsquo;aime vraiment chez toi\u00a0\u00bb"},"content":{"rendered":"<p>R\u00e9cemment invit\u00e9e d\u2019un podcast aux c\u00f4t\u00e9s de Bille Jean King, quelques jours apr\u00e8s son sacre \u00e0 l\u2019US Open, Aryna Sabalenka a \u00e9t\u00e9 inter\u00adrog\u00e9e par l\u2019an\u00adcienne joueuse am\u00e9ri\u00adcaine \u00e0 propos de sa fameuse rage de vaincre. Et la r\u00e9ponse de la Bi\u00e9lorusse ne surprend pas grand monde. Extraits.\u00a0<\/p>\n<p>Billie Jean King\u00a0: <strong>\u00ab\u202fCe que j\u2019aime chez toi, c\u2019est que lorsque tu viens jouer, tu apportes tout de toi\u2010m\u00eame. Je veux dire, tu apportes chaque parcelle de ton \u00eatre. J\u2019aimerais savoir comment tu te pr\u00e9pares chaque jour, chaque fois, pour chaque match.<\/strong><br \/>Aryna Sabalenka\u00a0: <strong>J\u2019aime tout simple\u00adment ce que je fais, et je pense que lorsque vous aimez votre travail, vous apportez tout ce que vous avez. Tu es l\u00e0, tu es en comp\u00e9\u00adti\u00adtion. Tu es juste toi\u2010m\u00eame. Je pense que c\u2019est pour \u00e7a. Je pense qu\u2019il est impor\u00adtant d\u2019\u00eatre soi\u2010m\u00eame et de donner le meilleur de soi\u2010m\u00eame sur le terrain pour r\u00e9ussir dans son m\u00e9tier.\u202f\u00bb<\/strong><\/p>\n<p class=\"post-published-date\" style=\"color: silver; font-size: 75%; text-align: left;\">Publi\u00e9 le mercredi 10 septembre 2025 \u00e0 16:46<\/p>\n","protected":false},"excerpt":{"rendered":"R\u00e9cemment invit\u00e9e d\u2019un podcast aux c\u00f4t\u00e9s de Bille Jean King, quelques jours apr\u00e8s son sacre \u00e0 l\u2019US Open,&hellip;\n","protected":false},"author":2,"featured_media":382165,"comment_status":"","ping_status":"","sticky":false,"template":"","format":"standard","meta":{"footnotes":""},"categories":[1415],"tags":[7615,1011,27,60,1467],"class_list":{"0":"post-382164","1":"post","2":"type-post","3":"status-publish","4":"format-standard","5":"has-post-thumbnail","7":"category-tennis","8":"tag-aryna-sabalenka","9":"tag-fr","10":"tag-france","11":"tag-sports","12":"tag-tennis"},"share_on_mastodon":{"url":"https:\/\/pubeurope.com\/@fr\/115184405246876092","error":""},"_links":{"self":[{"href":"https:\/\/www.europesays.com\/fr\/wp-json\/wp\/v2\/posts\/382164","targetHints":{"allow":["GET"]}}],"collection":[{"href":"https:\/\/www.europesays.com\/fr\/wp-json\/wp\/v2\/posts"}],"about":[{"href":"https:\/\/www.europesays.com\/fr\/wp-json\/wp\/v2\/types\/post"}],"author":[{"embeddable":true,"href":"https:\/\/www.europesays.com\/fr\/wp-json\/wp\/v2\/users\/2"}],"replies":[{"embeddable":true,"href":"https:\/\/www.europesays.com\/fr\/wp-json\/wp\/v2\/comments?post=382164"}],"version-history":[{"count":0,"href":"https:\/\/www.europesays.com\/fr\/wp-json\/wp\/v2\/posts\/382164\/revisions"}],"wp:featuredmedia":[{"embeddable":true,"href":"https:\/\/www.europesays.com\/fr\/wp-json\/wp\/v2\/media\/382165"}],"wp:attachment":[{"href":"https:\/\/www.europesays.com\/fr\/wp-json\/wp\/v2\/media?parent=382164"}],"wp:term":[{"taxonomy":"category","embeddable":true,"href":"https:\/\/www.europesays.com\/fr\/wp-json\/wp\/v2\/categories?post=382164"},{"taxonomy":"post_tag","embeddable":true,"href":"https:\/\/www.europesays.com\/fr\/wp-json\/wp\/v2\/tags?post=382164"}],"curies":[{"name":"wp","href":"https:\/\/api.w.org\/{rel}","templated":true}]}}