{"id":382166,"date":"2025-09-11T07:09:13","date_gmt":"2025-09-11T07:09:13","guid":{"rendered":"https:\/\/www.europesays.com\/fr\/382166\/"},"modified":"2025-09-11T07:09:13","modified_gmt":"2025-09-11T07:09:13","slug":"motogp-franco-morbidelli-se-devoile-il-y-a-quelque-chose-en-moi-qui-cherche-toujours-la-bagarre","status":"publish","type":"post","link":"https:\/\/www.europesays.com\/fr\/382166\/","title":{"rendered":"MotoGP, Franco Morbidelli se d\u00e9voile : \u00ab\u00a0il y a quelque chose en moi qui cherche toujours la bagarre\u00a0\u00bb"},"content":{"rendered":"<p><strong>Franco Morbidelli, pilote VR46, arrive \u00e0 Misano (12-14<br \/>\nseptembre 2025) pour son Grand Prix \u00e0 domicile dans un \u00e9tat<br \/>\nd\u2019\u00e9puisement, apr\u00e8s un week-end cauchemardesque \u00e0 Barcelone. Malgr\u00e9<br \/>\nune 4e place en qualifications, le Romain a encha\u00een\u00e9 les d\u00e9boires :<br \/>\ndeux chutes, une altercation avec des commissaires et une amende de<br \/>\n2 000 \u20ac. Dans une interview exclusive il se confie sur son esprit<br \/>\ncombatif, son approche en piste et les le\u00e7ons tir\u00e9es avant Misano.<br \/>\nVoici le r\u00e9cit d\u2019un pilote sous pression mais<br \/>\nd\u00e9termin\u00e9.<\/strong><\/p>\n<p>\u00c0 Barcelone, <strong>Morbidelli<\/strong> avait tout pour<br \/>\nbriller. Sa 4e place en qualifications, boost\u00e9e par les erreurs de<br \/>\nson ami et rival <strong>Marco Bezzecchi<\/strong>, lui offrait une<br \/>\nchance de podium. Mais tout s\u2019est \u00e9croul\u00e9. Lors du<br \/>\n<strong>Sprint<\/strong>, un accrochage avec <strong>Jorge<br \/>\nMartin<\/strong> au virage 10, apr\u00e8s un d\u00e9part rat\u00e9, a envoy\u00e9 les<br \/>\ndeux pilotes hors course. \u00ab Morbido \u00bb a perdu son sang-froid,<br \/>\nentra\u00eenant l\u2019<strong>Aprilia<\/strong> de <strong>Martin<\/strong><br \/>\ndans sa chute. Une p\u00e9nalit\u00e9 de long lap n\u2019a pas apais\u00e9 sa<br \/>\nfougue.<\/p>\n<p>Le dimanche, rebelote : apr\u00e8s une nouvelle p\u00e9nalit\u00e9,<br \/>\n<strong>Morbidelli<\/strong> attaque trop fort, chute encore au<br \/>\nvirage 10 \u2013 son 16e accident en 2025 \u2013 et termine sa course dans le<br \/>\nbac \u00e0 gravier. Une altercation avec les commissaires, qui lui<br \/>\nreprochaient de ne pas quitter la piste assez vite, lui co\u00fbte 2 000<br \/>\n\u20ac et une sanction pour Misano : il entamera avec 10 minutes de<br \/>\nretard la EL1. \u00ab <strong>Ce fut un week-end d\u00e9sastreux, mais je<br \/>\nsuis pr\u00eat \u00e0 rebondir<\/strong> \u00bb, d\u00e9clare-t-il \u00e0 <a href=\"https:\/\/www.speedweek.com\/motogp\/news\/240788\/Franco-Morbidelli-Harte-Kaempfe-E28093-ein-Teil-der-Show.html\" target=\"_blank\" rel=\"noopener\"><br \/>\nSpeedweek<\/a>.<\/p>\n<p>Dans son entretien, <strong>Morbidelli<\/strong>, 6e au<br \/>\nchampionnat, explique sa dualit\u00e9 : \u00ab je pense que c\u2019est assez<br \/>\nsimple, <strong>c\u2019est ma nature. Je suis un battant<\/strong>. M\u00eame<br \/>\nsi j\u2019ai l\u2019air tr\u00e8s calme et pos\u00e9 de l\u2019ext\u00e9rieur \u2013 et je le suis<br \/>\ntoujours en dehors des stands \u2013, il y a quelque chose en moi qui<br \/>\ncherche toujours la bagarre. \u00bb Habitant pr\u00e8s de Tavullia, il<br \/>\najoute : \u00ab j\u2019essaie toujours d\u2019\u00eatre extr\u00eamement concentr\u00e9 sur<br \/>\nla piste et de me battre avec une pr\u00e9cision absolue. En match<br \/>\ndirect, ce duel est quelque chose de tr\u00e8s naturel ; <strong>je ne<br \/>\nrecule jamais devant un duel. Mais ensuite, je dois m\u2019efforcer de<br \/>\nrester pr\u00e9cis et de garder le contr\u00f4le<\/strong>. \u00bb<\/p>\n<p>Cette mentalit\u00e9 de combattant, qui fait vibrer les fans, a un<br \/>\nprix. Les r\u00e8gles strictes du MotoGP et le catalogue de sanctions<br \/>\nalourdi p\u00e9nalisent les pilotes agressifs.<br \/>\n<strong>Morbidelli<\/strong>, avec ses 16 chutes cette saison, en<br \/>\npaie le prix fort.<\/p>\n<p><img loading=\"lazy\" decoding=\"async\" class=\"aligncenter size-full wp-image-1326794\" src=\"https:\/\/www.europesays.com\/fr\/wp-content\/uploads\/2025\/09\/Morbidelli-.jpg\" alt=\"Franco Morbidelli\" width=\"1028\" height=\"461\"  \/><\/p>\n<p><strong>Franco Morbidelli\u00a0: \u00ab<br \/>\nPecco Bagnaia a domin\u00e9 pendant deux ans et s\u2019est montr\u00e9 tr\u00e8s<br \/>\ncoriace. Il ne fait pas exception \u00bb<\/strong><\/p>\n<p>Interrog\u00e9 sur l\u2019importance de l\u2019agressivit\u00e9 en MotoGP,<br \/>\n<strong>Morbidelli<\/strong> est cat\u00e9gorique : \u00ab il y a des<br \/>\nsituations <strong>o\u00f9 il faut livrer des batailles acharn\u00e9es ;<br \/>\nc\u2019est normal<\/strong>. Certainement plusieurs fois par an. Mais<br \/>\ncette mentalit\u00e9 de duel n\u2019est pas d\u00e9terminante pour la r\u00e9ussite sur<br \/>\nl\u2019ann\u00e9e. \u00bb Il cite <a href=\"https:\/\/www.paddock-gp.com\/motogp-pecco-bagnaia-meme-si-je-nai-pas-obtenu-de-resultats-fantastiques-je-suis-toujours-troisieme-au-championnat-et-je-dois-continuer-comme-ca\/\" target=\"_blank\" rel=\"noopener\"><br \/>\n<strong>Pecco Bagnaia<\/strong><\/a>, <strong>Jorge Lorenzo<\/strong><br \/>\net <strong>Casey Stoner<\/strong>, qui ont domin\u00e9 sans \u00eatre des \u00ab<br \/>\nbagarreurs \u00bb obsessionnels : \u00ab Pecco a domin\u00e9 pendant deux ans<br \/>\net s\u2019est montr\u00e9 tr\u00e8s coriace. Il ne fait pas exception. \u00bb<\/p>\n<p>Pour <strong>Morbidelli<\/strong>, les duels sont un \u00ab outil \u00bb<br \/>\nspectaculaire, mais pas la cl\u00e9 du succ\u00e8s : \u00ab <strong>cette<br \/>\nconfrontation fait partie de la course et du<br \/>\nspectacle<\/strong>. S\u2019attaquer \u00e0 la force est un<br \/>\ninstrument, un outil parmi d\u2019autres, mais cela ne dit pas forc\u00e9ment<br \/>\ngrand-chose sur le potentiel et la r\u00e9ussite d\u2019un pilote. \u00bb<br \/>\nAvec 104 points au <strong>championnat<\/strong>, il reste<br \/>\ncomp\u00e9titif, mais ses erreurs \u00e0 Barcelone soulignent un besoin de<br \/>\nma\u00eetrise.<\/p>\n<p>\u00c0 Misano, <strong>Morbidelli<\/strong> joue gros. Sur son circuit<br \/>\nf\u00e9tiche, o\u00f9 il a grandi et o\u00f9 il est soutenu par les tifosi de<br \/>\n<strong>VR46<\/strong>, il veut effacer le fiasco de Barcelone. Son<br \/>\ncontrat renouvel\u00e9 avec l\u2019\u00e9quipe de <strong>Valentino Rossi<\/strong><br \/>\nlui donne une stabilit\u00e9, mais la pression est immense face \u00e0 la<br \/>\ndomination des fr\u00e8res <strong>Marquez<\/strong> et \u00e0 un<br \/>\n<strong>Bagnaia<\/strong> en crise. La sanction en EL1 (10 minutes<br \/>\nde retard) compliquera son vendredi, mais<br \/>\n<strong>Morbidelli<\/strong> reste confiant : \u00ab <strong>je suis<br \/>\n\u00e0 la maison ici. Je vais me battre, mais avec<br \/>\npr\u00e9cision<\/strong>. \u00bb<\/p>\n<p>Le soutien de <strong>Rossi<\/strong> et d\u2019<a href=\"https:\/\/www.paddock-gp.com\/motogp-uccio-salucci-vr46-balance-pecco-bagnaia-a-perdu-sa-motivation-selon-les-donnees-ducati\/\" target=\"_blank\" rel=\"noopener\"><strong>Alessio<br \/>\nSalucci<\/strong><\/a>, directeur de <strong>VR46<\/strong>, est<br \/>\ncrucial. \u00ab Franco est un pilote talentueux, et nous croyons en<br \/>\nlui \u00bb, d\u00e9clare <strong>Salucci<\/strong>. Avec la GP24,<br \/>\n<strong>Morbidelli<\/strong> a les moyens de briller, mais il devra<br \/>\ncanaliser son instinct de \u00ab battant \u00bb pour \u00e9viter de nouvelles<br \/>\nerreurs.<\/p>\n<p>Sur les r\u00e9seaux, les fans de <strong>Franco<\/strong><br \/>\n<strong>Morbidelli<\/strong> oscillent entre admiration et<br \/>\nfrustration. Un post sur X r\u00e9sume : \u00ab Morbido a un c\u0153ur de<br \/>\nlion, mais il doit arr\u00eater de foncer t\u00eate baiss\u00e9e. Misano, c\u2019est sa<br \/>\nchance ! \u00bb D\u2019autres critiquent son agressivit\u00e9 : \u00ab Trop de<br \/>\nchutes, il g\u00e2che son talent. \u00bb La bagarre avec les<br \/>\ncommissaires \u00e0 Barcelone a aussi terni son image, certains y voyant<br \/>\nun manque de professionnalisme.<\/p>\n<p><strong>Franco Morbidelli<\/strong> est un paradoxe : un pilote<br \/>\ncalme hors der la piste, mais un guerrier incontr\u00f4lable en course.<br \/>\nBarcelone a r\u00e9v\u00e9l\u00e9 les limites de son style, mais<br \/>\n<strong>Misano<\/strong> offre une opportunit\u00e9 de r\u00e9demption. Face \u00e0<br \/>\n<a href=\"https:\/\/www.paddock-gp.com\/motogp-catalogne-championnat-marc-marquez-repousse-lecheance-apres-misano\/\" target=\"_blank\" rel=\"noopener\"><br \/>\n<strong>Marc Marquez<\/strong><\/a>, favori pour le titre, et<br \/>\n<strong>Alex Marquez<\/strong>, nouvelle coqueluche de Ducati, \u00ab<br \/>\nMorbido \u00bb devra prouver qu\u2019il peut allier combativit\u00e9 et pr\u00e9cision.<br \/>\nComme il le dit : \u00ab <strong>Je ne recule jamais devant un<br \/>\nduel<\/strong>. \u00bb Mais pour briller \u00e0 domicile, il faudra<br \/>\ndompter ce feu int\u00e9rieur. Le public de Tavullia attend un h\u00e9ros,<br \/>\npas un kamikaze !<\/p>\n<p><img decoding=\"async\" class=\"aligncenter\" src=\"https:\/\/www.europesays.com\/fr\/wp-content\/uploads\/2025\/09\/ca9ebee07bab4f0abe5c395e6713a407.jpg\" alt=\"Morbidelli : \u00ab La force de frappe est un instrument \u00bb\"\/><\/p>\n","protected":false},"excerpt":{"rendered":"Franco Morbidelli, pilote VR46, arrive \u00e0 Misano (12-14 septembre 2025) pour son Grand Prix \u00e0 domicile dans un&hellip;\n","protected":false},"author":2,"featured_media":382167,"comment_status":"","ping_status":"","sticky":false,"template":"","format":"standard","meta":{"footnotes":""},"categories":[1413],"tags":[1011,27,1457,1456,60],"class_list":{"0":"post-382166","1":"post","2":"type-post","3":"status-publish","4":"format-standard","5":"has-post-thumbnail","7":"category-moto","8":"tag-fr","9":"tag-france","10":"tag-moto","11":"tag-motocycle","12":"tag-sports"},"share_on_mastodon":{"url":"https:\/\/pubeurope.com\/@fr\/115184413549253662","error":""},"_links":{"self":[{"href":"https:\/\/www.europesays.com\/fr\/wp-json\/wp\/v2\/posts\/382166","targetHints":{"allow":["GET"]}}],"collection":[{"href":"https:\/\/www.europesays.com\/fr\/wp-json\/wp\/v2\/posts"}],"about":[{"href":"https:\/\/www.europesays.com\/fr\/wp-json\/wp\/v2\/types\/post"}],"author":[{"embeddable":true,"href":"https:\/\/www.europesays.com\/fr\/wp-json\/wp\/v2\/users\/2"}],"replies":[{"embeddable":true,"href":"https:\/\/www.europesays.com\/fr\/wp-json\/wp\/v2\/comments?post=382166"}],"version-history":[{"count":0,"href":"https:\/\/www.europesays.com\/fr\/wp-json\/wp\/v2\/posts\/382166\/revisions"}],"wp:featuredmedia":[{"embeddable":true,"href":"https:\/\/www.europesays.com\/fr\/wp-json\/wp\/v2\/media\/382167"}],"wp:attachment":[{"href":"https:\/\/www.europesays.com\/fr\/wp-json\/wp\/v2\/media?parent=382166"}],"wp:term":[{"taxonomy":"category","embeddable":true,"href":"https:\/\/www.europesays.com\/fr\/wp-json\/wp\/v2\/categories?post=382166"},{"taxonomy":"post_tag","embeddable":true,"href":"https:\/\/www.europesays.com\/fr\/wp-json\/wp\/v2\/tags?post=382166"}],"curies":[{"name":"wp","href":"https:\/\/api.w.org\/{rel}","templated":true}]}}