{"id":382174,"date":"2025-09-11T07:13:12","date_gmt":"2025-09-11T07:13:12","guid":{"rendered":"https:\/\/www.europesays.com\/fr\/382174\/"},"modified":"2025-09-11T07:13:12","modified_gmt":"2025-09-11T07:13:12","slug":"selena-gomez-innove-avec-un-packaging-facile-a-ouvrir-pour-sa-marque","status":"publish","type":"post","link":"https:\/\/www.europesays.com\/fr\/382174\/","title":{"rendered":"Selena Gomez innove avec un packaging facile \u00e0 ouvrir pour sa marque"},"content":{"rendered":"<p>Publi\u00e911. septembre 2025, 07:28<\/p>\n<p>Selena Gomez: Malade, elle a imagin\u00e9 un packaging facile \u00e0 ouvrir<\/p>\n<p>Selena Gomez a expliqu\u00e9 qu&rsquo;elle souffrait d&rsquo;arthrite \u00e0 cause de son lupus. Les difficult\u00e9s auxquelles elle a fait face ont impact\u00e9 les emballages de sa marque.<\/p>\n<p><img decoding=\"async\" alt=\"Angelica Zermatten\" src=\"https:\/\/www.europesays.com\/fr\/wp-content\/uploads\/2025\/09\/9139d5c4-ad09-4525-9fbd-99c90d3785ac.jpeg\" class=\"sc-b1f21c84-1 juVSAe\"\/><\/p>\n<p>Si on savait d\u00e9j\u00e0 que Selena Gomez souffrait d&rsquo;un lupus, une maladie auto-immune qui lui a \u00e9t\u00e9 diagnostiqu\u00e9e en 2013, la chanteuse de 33 ans a r\u00e9v\u00e9l\u00e9 ce 9 septembre 2025 dans le podcast \u00abGood Hang with Amy Poehler\u00bb, qu&rsquo;elle \u00e9tait aussi atteinte d&rsquo;arthrite. \u00abJ&rsquo;ai de l&rsquo;arthrite dans les doigts et cela est d\u00fb \u00e0 mon lupus\u00bb, a confi\u00e9 la fianc\u00e9e de Benny Blanco.<\/p>\n<p>Une cons\u00e9quence de sa maladie qui lui a rendu le quotidien bien compliqu\u00e9. \u00abJe me souviens qu&rsquo;une action comme ouvrir une bouteille d&rsquo;eau me faisait tr\u00e8s mal, avant que je ne re\u00e7oive les bons m\u00e9dicaments\u00bb, a-t-elle racont\u00e9. Un manque de dext\u00e9rit\u00e9 qu&rsquo;elle n&rsquo;a pas oubli\u00e9 au moment d&rsquo;imaginer le packaging des produits de sa marque de cosm\u00e9tique, \u00abRare Beauty\u00bb.<\/p>\n<p>\u00abNous avons en quelque sorte rendu les produits faciles \u00e0 ouvrir, puis nous avons r\u00e9alis\u00e9 qu&rsquo;ils devaient \u00eatre ainsi\u00bb, a poursuivi l&rsquo;Am\u00e9ricaine. L&rsquo;objectif de l&rsquo;entreprise a alors \u00e9t\u00e9 de fabriquer des produits pouvant convenir \u00e0 toute personne ayant des probl\u00e8mes de dext\u00e9rit\u00e9.<\/p>\n<p>L&rsquo;artiste a ensuite \u00e9voqu\u00e9 le nouveau parfum de sa marque qui n&rsquo;a pas de bouchon \u00e0 retirer, mais un bouton \u00e0 basculer d&rsquo;une position verrouill\u00e9e \u00e0 d\u00e9verrouill\u00e9e. \u00abJe sais que cela peut sembler insignifiant, mais \u00e7a ne l&rsquo;est vraiment pas. Cela aide vraiment tout le monde \u00e0 n&rsquo;importe quel \u00e2ge\u00bb, a ensuite affirm\u00e9 Selena Gomez. Et de conclure: \u00abC&rsquo;est pourquoi nous voulons les rendre faciles et accessibles, car c&rsquo;est important pour moi et cela l&rsquo;a toujours \u00e9t\u00e9!\u00bb<\/p>\n<p>Tu nous suis d\u00e9j\u00e0 sur WhatsApp?<\/p>\n<p>Abonne-toi \u00e0 notre cha\u00eene, active la petite \ud83d\udd14 et tu recevras un <strong>r\u00e9cap de l&rsquo;actu<\/strong> chaque jour en <strong>d\u00e9but de soir\u00e9e<\/strong>.<\/p>\n","protected":false},"excerpt":{"rendered":"Publi\u00e911. septembre 2025, 07:28 Selena Gomez: Malade, elle a imagin\u00e9 un packaging facile \u00e0 ouvrir Selena Gomez a&hellip;\n","protected":false},"author":2,"featured_media":382175,"comment_status":"","ping_status":"","sticky":false,"template":"","format":"standard","meta":{"footnotes":""},"categories":[1359],"tags":[58,59,1011,27,973],"class_list":{"0":"post-382174","1":"post","2":"type-post","3":"status-publish","4":"format-standard","5":"has-post-thumbnail","7":"category-people","8":"tag-divertissement","9":"tag-entertainment","10":"tag-fr","11":"tag-france","12":"tag-people"},"share_on_mastodon":{"url":"https:\/\/pubeurope.com\/@fr\/115184428963258118","error":""},"_links":{"self":[{"href":"https:\/\/www.europesays.com\/fr\/wp-json\/wp\/v2\/posts\/382174","targetHints":{"allow":["GET"]}}],"collection":[{"href":"https:\/\/www.europesays.com\/fr\/wp-json\/wp\/v2\/posts"}],"about":[{"href":"https:\/\/www.europesays.com\/fr\/wp-json\/wp\/v2\/types\/post"}],"author":[{"embeddable":true,"href":"https:\/\/www.europesays.com\/fr\/wp-json\/wp\/v2\/users\/2"}],"replies":[{"embeddable":true,"href":"https:\/\/www.europesays.com\/fr\/wp-json\/wp\/v2\/comments?post=382174"}],"version-history":[{"count":0,"href":"https:\/\/www.europesays.com\/fr\/wp-json\/wp\/v2\/posts\/382174\/revisions"}],"wp:featuredmedia":[{"embeddable":true,"href":"https:\/\/www.europesays.com\/fr\/wp-json\/wp\/v2\/media\/382175"}],"wp:attachment":[{"href":"https:\/\/www.europesays.com\/fr\/wp-json\/wp\/v2\/media?parent=382174"}],"wp:term":[{"taxonomy":"category","embeddable":true,"href":"https:\/\/www.europesays.com\/fr\/wp-json\/wp\/v2\/categories?post=382174"},{"taxonomy":"post_tag","embeddable":true,"href":"https:\/\/www.europesays.com\/fr\/wp-json\/wp\/v2\/tags?post=382174"}],"curies":[{"name":"wp","href":"https:\/\/api.w.org\/{rel}","templated":true}]}}