{"id":382182,"date":"2025-09-11T07:17:17","date_gmt":"2025-09-11T07:17:17","guid":{"rendered":"https:\/\/www.europesays.com\/fr\/382182\/"},"modified":"2025-09-11T07:17:17","modified_gmt":"2025-09-11T07:17:17","slug":"le-rappeur-jul-devoile-un-nouveau-titre-et-annonce-une-incursion-au-cinema","status":"publish","type":"post","link":"https:\/\/www.europesays.com\/fr\/382182\/","title":{"rendered":"Le rappeur Jul d\u00e9voile un nouveau titre et annonce une incursion au cin\u00e9ma"},"content":{"rendered":"<p>Le musicien a mis en ligne un avant-go\u00fbt de son 35e disque, Album gratuit Vol.8. Il en d\u00e9gainera, jusqu\u2019\u00e0 sa sortie, une chanson par jour. Ses fans le retrouveront aussi en salles, o\u00f9 son concert du Stade de France, d\u2019avril 2025, sera bient\u00f4t diffus\u00e9.<\/p>\n<p class=\"fig-paragraph\">Le \u00ab\u00a0J\u00a0\u00bb a donc concoct\u00e9 une nouvelle \u00ab\u00a0dinguerie\u00a0\u00bb, pour citer les r\u00e9actions \u00e0 cette annonce sur les r\u00e9seaux sociaux. Quelques mois seulement apr\u00e8s avoir d\u00e9voil\u00e9 l\u2019album studio D&amp;P \u00e0 vie, le\u00a0<a href=\"http:\/\/www.lefigaro.fr\/culture\/assassinat-du-manager-du-rappeur-jul-lourdes-condamnations-en-appel-20240921\" target=\"_blank\" data-fig-type=\"NewsFlash\" rel=\"noopener\" data-gtm-custom-categorie=\"navigation\" data-gtm-custom-action=\"crossclick\" data-gtm-custom-label=\"Contextuel\" data-gtm-event=\"customEventSPE\" data-fig-domain=\"LEFIGARO\">rappeur Jul<\/a>\u00a0offre \u00e0 ses fans un premier titre de son prochain disque, Album gratuit Vol.8. D\u2019ici sa sortie, il d\u00e9gainera chaque jour une nouvelle chanson.<\/p>\n<p class=\"fig-paragraph\">On a pas peur inaugure le floril\u00e8ge. Trois minutes trente au cours desquelles le chanteur \u00e0 la productivit\u00e9 proverbiale affirme, comme le titre l\u2019indique, ne \u00ab\u00a0pas avoir peur\u00a0\u00bb. Ni de ses ennemis, ni des \u00ab\u00a0\u00e9quipes\u00a0\u00bb rivales. \u00ab\u00a0D\u00e9sol\u00e9, je me l\u00e2che, \u00e7a vient du fond du c\u0153ur, b\u00e2tard. Je fais que picoler, je suis tous les jours de mauvaise humeur, cafard\u00a0\u00bb, y regrette-t-il en musique.<\/p>\n<p>                                    <a class=\"fig-a11y-skip a11y-hidden\" href=\"#fig-a11y-skip-main-inarticle\"><br \/>\n        Passer la publicit\u00e9<br \/>\n    <\/a><\/p>\n<p>Concert retransmis au cin\u00e9ma<\/p>\n<p class=\"fig-paragraph\">Le Marseillais, qui soigne le marketing entourant la sortie de ses albums, n\u2019a pas indiqu\u00e9 la date \u00e0 laquelle les auditeurs retrouveront le volume 8 dans les bacs. Ou, plut\u00f4t, sur les plateformes musicales, o\u00f9 Jul caracole chaque ann\u00e9e\u00a0<a href=\"http:\/\/www.lefigaro.fr\/musique\/jul-ninho-dadju-les-plateformes-de-streaming-devoilent-leur-classement-annuel-20241205\" target=\"_blank\" data-fig-type=\"Article\" rel=\"noopener\" data-gtm-custom-categorie=\"navigation\" data-gtm-custom-action=\"crossclick\" data-gtm-custom-label=\"Contextuel\" data-gtm-event=\"customEventSPE\" data-fig-domain=\"LEFIGARO\">en t\u00eate des rappeurs fran\u00e7ais<\/a>\u00a0les plus \u00e9cout\u00e9s.<\/p>\n<p class=\"fig-body-link\">\n            \u00c0 lire aussi<br \/>\n        <a class=\"fig-body-link__link fig-premium-mark\" href=\"http:\/\/www.lefigaro.fr\/culture\/jul-phenomenal-au-stade-de-france-20250427\" target=\"_blank\" data-fig-type=\"Article\" rel=\"noopener\" data-gtm-custom-categorie=\"navigation\" data-gtm-custom-action=\"crossclick\" data-gtm-custom-label=\"Contextuel\" data-gtm-event=\"customEventSPE\" data-fig-domain=\"LEFIGARO\">Jul ph\u00e9nom\u00e9nal au Stade de France<br \/>\n    <\/a>\n<\/p>\n<p class=\"fig-paragraph\">En avril, arm\u00e9 de son autotune et d\u2019une impressionnante sc\u00e9nographie, il a \u00e9lectris\u00e9\u00a0<a href=\"http:\/\/www.lefigaro.fr\/culture\/jul-phenomenal-au-stade-de-france-20250427\" target=\"_blank\" data-fig-type=\"Article\" rel=\"noopener\" data-gtm-custom-categorie=\"navigation\" data-gtm-custom-action=\"crossclick\" data-gtm-custom-label=\"Contextuel\" data-gtm-event=\"customEventSPE\" data-fig-domain=\"LEFIGARO\">le public du Stade de France<\/a>. 98 000 spectateurs se d\u00e9hanchaient dans l\u2019enceinte, 25 000 suivaient les festivit\u00e9s \u00e0 distance, depuis leur t\u00e9l\u00e9phone portable. Sur les r\u00e9seaux sociaux, apr\u00e8s avoir pr\u00e9sent\u00e9 le titre On a pas peur, le trentenaire a annonc\u00e9 la diffusion de cette soir\u00e9e de deux heures et demie dans des salles du r\u00e9seau Path\u00e9.<\/p>\n<p class=\"fig-paragraph\">Non seulement en France, mais aussi en Belgique, en Suisse ou au Luxembourg. Des s\u00e9ances sont pr\u00e9vues le jeudi 30 octobre, ainsi que le week-end des 1er et 2 novembre. Pas encore disponibles, les places pourront \u00eatre achet\u00e9es sur\u00a0<a href=\"https:\/\/www.doretdeplatineshop.com\/fr-fr\/jul-au-cinema\" target=\"_blank\" rel=\"noopener\" data-gtm-custom-categorie=\"navigation\" data-gtm-custom-action=\"crossclick\" data-gtm-custom-label=\"Contextuel\" data-gtm-event=\"customEventSPE\">le site de Jul<\/a>, o\u00f9 sont propos\u00e9s \u00e0 la vente des goodies et v\u00eatements en tout genre, y compris ses \u00ab\u00a0claquettes\u00a0&#8211;\u00a0chaussettes\u00a0\u00bb.<\/p>\n<p class=\"fig-paragraph\">Le rappeur de tous les records a d\u2019ores et d\u00e9j\u00e0 sorti 1\u00a0000 titres et 34 albums en \u00e0 peine plus de dix ans (dont dix gratuits, destin\u00e9s \u00e0 remercier et fid\u00e9liser son public). Et m\u00eame soulev\u00e9\u00a0<a href=\"http:\/\/www.lefigaro.fr\/marseille\/tout-le-monde-pensait-que-c-etait-zidane-benoit-payan-surpris-par-l-apparition-de-jul-pour-l-arrivee-de-la-flamme-olympique-a-marseille-20240531\" target=\"_blank\" data-fig-type=\"NewsFlash\" rel=\"noopener\" data-gtm-custom-categorie=\"navigation\" data-gtm-custom-action=\"crossclick\" data-gtm-custom-label=\"Contextuel\" data-gtm-event=\"customEventSPE\" data-fig-domain=\"LEFIGARO\">une flamme olympique<\/a>\u00a0\u00e0 son arriv\u00e9e \u00e0 Marseille.<\/p>\n","protected":false},"excerpt":{"rendered":"Le musicien a mis en ligne un avant-go\u00fbt de son 35e disque, Album gratuit Vol.8. Il en d\u00e9gainera,&hellip;\n","protected":false},"author":2,"featured_media":382183,"comment_status":"","ping_status":"","sticky":false,"template":"","format":"standard","meta":{"footnotes":""},"categories":[1355],"tags":[58,59,1011,27,1279,1361,873,7206,6198],"class_list":{"0":"post-382182","1":"post","2":"type-post","3":"status-publish","4":"format-standard","5":"has-post-thumbnail","7":"category-musique","8":"tag-divertissement","9":"tag-entertainment","10":"tag-fr","11":"tag-france","12":"tag-jul","13":"tag-music","14":"tag-musique","15":"tag-nouvel-album","16":"tag-rappeur"},"share_on_mastodon":{"url":"https:\/\/pubeurope.com\/@fr\/115184444672268733","error":""},"_links":{"self":[{"href":"https:\/\/www.europesays.com\/fr\/wp-json\/wp\/v2\/posts\/382182","targetHints":{"allow":["GET"]}}],"collection":[{"href":"https:\/\/www.europesays.com\/fr\/wp-json\/wp\/v2\/posts"}],"about":[{"href":"https:\/\/www.europesays.com\/fr\/wp-json\/wp\/v2\/types\/post"}],"author":[{"embeddable":true,"href":"https:\/\/www.europesays.com\/fr\/wp-json\/wp\/v2\/users\/2"}],"replies":[{"embeddable":true,"href":"https:\/\/www.europesays.com\/fr\/wp-json\/wp\/v2\/comments?post=382182"}],"version-history":[{"count":0,"href":"https:\/\/www.europesays.com\/fr\/wp-json\/wp\/v2\/posts\/382182\/revisions"}],"wp:featuredmedia":[{"embeddable":true,"href":"https:\/\/www.europesays.com\/fr\/wp-json\/wp\/v2\/media\/382183"}],"wp:attachment":[{"href":"https:\/\/www.europesays.com\/fr\/wp-json\/wp\/v2\/media?parent=382182"}],"wp:term":[{"taxonomy":"category","embeddable":true,"href":"https:\/\/www.europesays.com\/fr\/wp-json\/wp\/v2\/categories?post=382182"},{"taxonomy":"post_tag","embeddable":true,"href":"https:\/\/www.europesays.com\/fr\/wp-json\/wp\/v2\/tags?post=382182"}],"curies":[{"name":"wp","href":"https:\/\/api.w.org\/{rel}","templated":true}]}}