{"id":382184,"date":"2025-09-11T07:18:17","date_gmt":"2025-09-11T07:18:17","guid":{"rendered":"https:\/\/www.europesays.com\/fr\/382184\/"},"modified":"2025-09-11T07:18:17","modified_gmt":"2025-09-11T07:18:17","slug":"de-nouvelles-affiches-promos-pour-tron-ares-actusf","status":"publish","type":"post","link":"https:\/\/www.europesays.com\/fr\/382184\/","title":{"rendered":"De nouvelles affiches promos pour Tron : Ares &#8211; ActuSF"},"content":{"rendered":"<p>Vous reprendrez bien un peu de promo ? Disney+ a pr\u00e9sent\u00e9 une s\u00e9rie d&rsquo;affiches pour annoncer la sortie prochaine de Tron : Ares le 8 octobre prochain. On vous laisse d\u00e9couvrir le design.<\/p>\n<p>Jared Leto a le r\u00f4le titre. Voici le synopsis : \u00ab\u00a0L&rsquo;\u00e9tonnante aventure d\u2019un Programme hautement sophistiqu\u00e9 du nom de Ares, envoy\u00e9 du monde num\u00e9rique au monde r\u00e9el pour une mission dangereuse qui marquera la premi\u00e8re rencontre de l&rsquo;humanit\u00e9 avec des \u00eatres dot\u00e9s d&rsquo;une intelligence artificielle\u2026\u00a0\u00bb<\/p>\n<p><img decoding=\"async\" style=\"display: block; margin-left: auto; margin-right: auto;\" src=\"https:\/\/www.europesays.com\/fr\/wp-content\/uploads\/2025\/09\/TronAres01.jpg\" alt=\"\" width=\"450\"\/><\/p>\n<p><img decoding=\"async\" style=\"display: block; margin-left: auto; margin-right: auto;\" src=\"https:\/\/www.europesays.com\/fr\/wp-content\/uploads\/2025\/09\/TronAres02.jpg\" alt=\"\" width=\"450\"\/><\/p>\n<p><img decoding=\"async\" style=\"display: block; margin-left: auto; margin-right: auto;\" src=\"https:\/\/www.europesays.com\/fr\/wp-content\/uploads\/2025\/09\/TronAres03.jpg\" alt=\"\" width=\"450\"\/><\/p>\n<p><img decoding=\"async\" style=\"display: block; margin-left: auto; margin-right: auto;\" src=\"https:\/\/www.europesays.com\/fr\/wp-content\/uploads\/2025\/09\/TronAres04.jpg\" alt=\"\" width=\"450\"\/><\/p>\n<p><img decoding=\"async\" style=\"display: block; margin-left: auto; margin-right: auto;\" src=\"https:\/\/www.europesays.com\/fr\/wp-content\/uploads\/2025\/09\/TronAres05.jpg\" alt=\"\" width=\"450\"\/><\/p>\n<p><img decoding=\"async\" style=\"display: block; margin-left: auto; margin-right: auto;\" src=\"https:\/\/www.europesays.com\/fr\/wp-content\/uploads\/2025\/09\/TronAres06.jpg\" alt=\"\" width=\"450\"\/><\/p>\n<p><img decoding=\"async\" style=\"display: block; margin-left: auto; margin-right: auto;\" src=\"https:\/\/www.europesays.com\/fr\/wp-content\/uploads\/2025\/09\/TronAres07.jpg\" alt=\"\" width=\"450\"\/><\/p>\n","protected":false},"excerpt":{"rendered":"Vous reprendrez bien un peu de promo ? Disney+ a pr\u00e9sent\u00e9 une s\u00e9rie d&rsquo;affiches pour annoncer la sortie&hellip;\n","protected":false},"author":2,"featured_media":382185,"comment_status":"","ping_status":"","sticky":false,"template":"","format":"standard","meta":{"footnotes":""},"categories":[1354],"tags":[58,59,1346,1011,27,1360],"class_list":{"0":"post-382184","1":"post","2":"type-post","3":"status-publish","4":"format-standard","5":"has-post-thumbnail","7":"category-films","8":"tag-divertissement","9":"tag-entertainment","10":"tag-films","11":"tag-fr","12":"tag-france","13":"tag-movies"},"share_on_mastodon":{"url":"https:\/\/pubeurope.com\/@fr\/115184449002232924","error":""},"_links":{"self":[{"href":"https:\/\/www.europesays.com\/fr\/wp-json\/wp\/v2\/posts\/382184","targetHints":{"allow":["GET"]}}],"collection":[{"href":"https:\/\/www.europesays.com\/fr\/wp-json\/wp\/v2\/posts"}],"about":[{"href":"https:\/\/www.europesays.com\/fr\/wp-json\/wp\/v2\/types\/post"}],"author":[{"embeddable":true,"href":"https:\/\/www.europesays.com\/fr\/wp-json\/wp\/v2\/users\/2"}],"replies":[{"embeddable":true,"href":"https:\/\/www.europesays.com\/fr\/wp-json\/wp\/v2\/comments?post=382184"}],"version-history":[{"count":0,"href":"https:\/\/www.europesays.com\/fr\/wp-json\/wp\/v2\/posts\/382184\/revisions"}],"wp:featuredmedia":[{"embeddable":true,"href":"https:\/\/www.europesays.com\/fr\/wp-json\/wp\/v2\/media\/382185"}],"wp:attachment":[{"href":"https:\/\/www.europesays.com\/fr\/wp-json\/wp\/v2\/media?parent=382184"}],"wp:term":[{"taxonomy":"category","embeddable":true,"href":"https:\/\/www.europesays.com\/fr\/wp-json\/wp\/v2\/categories?post=382184"},{"taxonomy":"post_tag","embeddable":true,"href":"https:\/\/www.europesays.com\/fr\/wp-json\/wp\/v2\/tags?post=382184"}],"curies":[{"name":"wp","href":"https:\/\/api.w.org\/{rel}","templated":true}]}}