{"id":382187,"date":"2025-09-11T07:20:14","date_gmt":"2025-09-11T07:20:14","guid":{"rendered":"https:\/\/www.europesays.com\/fr\/382187\/"},"modified":"2025-09-11T07:20:14","modified_gmt":"2025-09-11T07:20:14","slug":"un-projet-federateur-pour-faire-renaitre-lac-ajaccio","status":"publish","type":"post","link":"https:\/\/www.europesays.com\/fr\/382187\/","title":{"rendered":"un projet f\u00e9d\u00e9rateur pour faire rena\u00eetre l&rsquo;AC Ajaccio"},"content":{"rendered":"\n<p>Delort, Mangani et Nouri en 7e division, d&rsquo;autres anciens qui s&rsquo;impliquent  : un projet f\u00e9d\u00e9rateur pour faire rena\u00eetre l&rsquo;AC Ajaccio<\/p>\n<p>Proche de dispara\u00eetre cet \u00e9t\u00e9, l&rsquo;AC Ajaccio se pr\u00e9pare \u00e0 repartir depuis le 7e \u00e9chelon. Soutenu par plusieurs de ses anciens joueurs, comme Benjamin Andr\u00e9, le club corse va notamment pouvoir compter sur Andy Delort, Thomas Mangani et Riad Nouri, pr\u00eats \u00e0 d\u00e9panner sur le terrain.<\/p>\n","protected":false},"excerpt":{"rendered":"Delort, Mangani et Nouri en 7e division, d&rsquo;autres anciens qui s&rsquo;impliquent : un projet f\u00e9d\u00e9rateur pour faire rena\u00eetre&hellip;\n","protected":false},"author":2,"featured_media":382188,"comment_status":"","ping_status":"","sticky":false,"template":"","format":"standard","meta":{"footnotes":""},"categories":[9],"tags":[1011,27,60],"class_list":{"0":"post-382187","1":"post","2":"type-post","3":"status-publish","4":"format-standard","5":"has-post-thumbnail","7":"category-sports","8":"tag-fr","9":"tag-france","10":"tag-sports"},"share_on_mastodon":{"url":"https:\/\/pubeurope.com\/@fr\/115184456774455028","error":""},"_links":{"self":[{"href":"https:\/\/www.europesays.com\/fr\/wp-json\/wp\/v2\/posts\/382187","targetHints":{"allow":["GET"]}}],"collection":[{"href":"https:\/\/www.europesays.com\/fr\/wp-json\/wp\/v2\/posts"}],"about":[{"href":"https:\/\/www.europesays.com\/fr\/wp-json\/wp\/v2\/types\/post"}],"author":[{"embeddable":true,"href":"https:\/\/www.europesays.com\/fr\/wp-json\/wp\/v2\/users\/2"}],"replies":[{"embeddable":true,"href":"https:\/\/www.europesays.com\/fr\/wp-json\/wp\/v2\/comments?post=382187"}],"version-history":[{"count":0,"href":"https:\/\/www.europesays.com\/fr\/wp-json\/wp\/v2\/posts\/382187\/revisions"}],"wp:featuredmedia":[{"embeddable":true,"href":"https:\/\/www.europesays.com\/fr\/wp-json\/wp\/v2\/media\/382188"}],"wp:attachment":[{"href":"https:\/\/www.europesays.com\/fr\/wp-json\/wp\/v2\/media?parent=382187"}],"wp:term":[{"taxonomy":"category","embeddable":true,"href":"https:\/\/www.europesays.com\/fr\/wp-json\/wp\/v2\/categories?post=382187"},{"taxonomy":"post_tag","embeddable":true,"href":"https:\/\/www.europesays.com\/fr\/wp-json\/wp\/v2\/tags?post=382187"}],"curies":[{"name":"wp","href":"https:\/\/api.w.org\/{rel}","templated":true}]}}