{"id":382189,"date":"2025-09-11T07:21:17","date_gmt":"2025-09-11T07:21:17","guid":{"rendered":"https:\/\/www.europesays.com\/fr\/382189\/"},"modified":"2025-09-11T07:21:17","modified_gmt":"2025-09-11T07:21:17","slug":"depuis-la-2e-semaine-de-fevrier-lola-dumenil-officialise-pour-la-1re-fois-sa-rupture-avec-florent-manaudou-ses-mots-tendres-envers-michou","status":"publish","type":"post","link":"https:\/\/www.europesays.com\/fr\/382189\/","title":{"rendered":"\u00ab\u00a0Depuis la 2e semaine de f\u00e9vrier\u2026\u00a0\u00bb\u00a0: Lola Dumenil officialise pour la 1re fois sa rupture avec Florent Manaudou, ses mots tendres envers\u2026 Michou\u00a0!"},"content":{"rendered":"<p>De f\u00e9vrier \u00e0 avril dernier, plusieurs \u00ab\u00a0couples\u00a0\u00bb ont enflamm\u00e9 la piste de la <strong>quatorzi\u00e8me saison de \u00ab\u00a0Danse avec les stars\u00a0\u00bb.<\/strong> Une saison <strong>remport\u00e9e par <a href=\"https:\/\/www.public.fr\/jai-mis-du-temps-a-vous-ecrire-ce-message-lenie-star-academy-la-triste-annonce\" rel=\"nofollow noopener\" target=\"_blank\">L\u00e9nie <\/a>et Jordan Mouillerac <\/strong>devenu papa dans la foul\u00e9e. Sur les deux autres marches du podium, et contre toute attente, <strong>deux sportifs de haut niveau<\/strong> ont fait la diff\u00e9rence. Ainsi, l&rsquo;ancien footballeur international <strong>Adil Rami <\/strong>s&rsquo;est hiss\u00e9 sur la troisi\u00e8me marche du podium, juste derri\u00e8re <strong>Florent Manaudou<\/strong>. <a href=\"https:\/\/www.public.fr\/ca-a-dure-4-a-5-mois-capucine-anav-leve-le-voile-sur-son-idylle-avec-florent-manaudou\" rel=\"nofollow noopener\" target=\"_blank\">Le nageur multim\u00e9daill\u00e9<\/a> a fait forte impression. Lui qui \u00e9tait <strong>plut\u00f4t \u00ab\u00a0raide\u00a0\u00bb en d\u00e9but d&rsquo;aventure<\/strong> est parvenu \u00e0 se lib\u00e9rer.<\/p>\n<p>Nul doute que <strong><a href=\"https:\/\/www.public.fr\/exit-michou-lex-de-florent-manaudou-seclate-avec-damien-de-secret-story\" rel=\"nofollow noopener\" target=\"_blank\">sa partenaire Elsa Bois<\/a><\/strong> y est pour quelque chose. D&rsquo;ailleurs, d\u00e8s leur premier prime et leur <strong>premi\u00e8re rumba endiabl\u00e9e<\/strong> sur la BO de Dirty Dancing, les t\u00e9l\u00e9spectateurs ont imm\u00e9diatement vu une connexion entre eux. De prime en prime, tous les deux sont alors <strong>devenus tr\u00e8s proches<\/strong>. Une alchimie qui s&rsquo;est confirm\u00e9e loin des cam\u00e9ras puisque <a href=\"https:\/\/www.public.fr\/je-suis-tres-heureuse-elsa-bois-sa-relation-avec-florent-manaudou-et-ses-debuts-dans-ici-tout-commence-elle-balance-tout\" rel=\"nofollow noopener\" target=\"_blank\">la danseuse de 25 ans<\/a> et <a href=\"https:\/\/www.public.fr\/florent-manaudou-et-elsa-bois-se-retrouvent-a-antibes-loin-des-cameras-leur-complicite-continue-de-grandir\" rel=\"nofollow noopener\" target=\"_blank\">le sportif de 34 ans<\/a> sont <strong>r\u00e9guli\u00e8rement apparus ensemble<\/strong> lors d&rsquo;\u00e9v\u00e9nements.<\/p>\n<p><strong>Qu&rsquo;en est-il de leur relation\u00a0?<\/strong> Ni l&rsquo;un ni l&rsquo;autre ne s&rsquo;est exprim\u00e9 sur le sujet \u00e0 ce stade. Qui plus est, <strong>Florent Manaudou \u00e9tait en couple avec Lola Dumenil<\/strong> lors de la diffusion du programme. <strong>Sont-ils encore ensemble\u00a0? <\/strong>Et bien apr\u00e8s des mois de sp\u00e9culations, <a href=\"https:\/\/www.public.fr\/je-vais-lui-mettre-un-haltere-dans-les-dents-florent-manaudou-son-ex-lola-furax-ce-quelle-ne-peut-plus-supporter\" rel=\"nofollow noopener\" target=\"_blank\">l&rsquo;\u00e9tudiante<\/a> a d\u00e9cid\u00e9 de prendre la parole pour annoncer officiellement <strong>sa s\u00e9paration<\/strong> avec <a href=\"https:\/\/www.public.fr\/florent-manaudou-en-depression-pendant-danse-avec-les-stars-il-evoque-des-moments-compliques-depuis-sa-rencontre-avec-elsa-bois\" rel=\"nofollow noopener\" target=\"_blank\">le fr\u00e8re de Laure<\/a> Manaudou. L&rsquo;occasion, aussi, d&rsquo;en dire plus sur <strong>la nature de sa relation avec Michou<\/strong>, l&rsquo;ex d&rsquo;Elsa Bois.<\/p>\n<p><img loading=\"lazy\" decoding=\"async\" width=\"426\" height=\"762\" src=\"https:\/\/www.europesays.com\/fr\/wp-content\/uploads\/2025\/09\/Capture-decran-2025-09-11-053904.png\" alt=\"&quot;Depuis la 2e semaine de f\u00e9vrier\u2026&quot; : Lola Dumenil officialise pour la 1re fois sa rupture avec Florent Manaudou, ses mots tendres envers\u2026 Michou !\"  \/><\/p>\n<p>Capture Instagram Lola Dumenil<\/p>\n<p>Florent Manaudou\u00a0: son ex-Lola Dumenil prend enfin la parole\u00a0!<\/p>\n<p>Sur Instagram, la jolie brune a commenc\u00e9 par annoncer qu&rsquo;elle avait <strong>pris la parole sur TikTok<\/strong> \u00ab\u00a0au sujet des &lsquo;pol\u00e9miques&rsquo; de ces derniers mois\u00a0\u00bb. Pour \u00ab\u00a0<strong>la premi\u00e8re et la derni\u00e8re fois<\/strong>\u00ab\u00a0, Lola Dumenil a d\u00e9cid\u00e9 de <strong>livrer sa v\u00e9rit\u00e9<\/strong>. Ainsi, en toute fin de soir\u00e9e ce 10\u00a0septembre, cette derni\u00e8re s&rsquo;est l\u00e2ch\u00e9e dans <strong>une vid\u00e9o de plus de cinq minutes<\/strong>. \u00ab\u00a0<strong>Je commence \u00e0 \u00eatre lass\u00e9e, je commence \u00e0 en avoir marre <\/strong>qu&rsquo;on me r\u00e9p\u00e8te les m\u00eames sujets quotidiennement depuis plusieurs mois\u00a0\u00bb a-t-elle fait savoir afin d&rsquo;expliquer sa d\u00e9marche.<\/p>\n<p>Premier sujet \u00e9voqu\u00e9\u00a0: <strong><a href=\"https:\/\/www.public.fr\/diaporamas\/regards-langoureux-caresses-baisers-florent-manaudou-saffiche-avec-sa-cherie-lola-dumenil-dans-les-gradins-dun-match-de-basket\" rel=\"nofollow noopener\" target=\"_blank\">sa \u00ab\u00a0tr\u00e8s belle relation\u00a0\u00bb<\/a> avec Florent Manaudou<\/strong>. \u00ab\u00a0<strong>Non, je ne suis plus avec Flo depuis la deuxi\u00e8me semaine de f\u00e9vrier<\/strong>\u00ab\u00a0, a-t-elle confi\u00e9 ne souhaitant pas donner plus de d\u00e9tails \u00e0 ses abonn\u00e9s car \u00ab\u00a0\u00e7a reste de l&rsquo;ordre du priv\u00e9\u00a0\u00bb. Toutefois, <a href=\"https:\/\/www.public.fr\/florent-manaudou-fou-amoureux-de-lola-dumenil-le-nageur-quitte-la-france-pour-sa-cherie\" rel=\"nofollow noopener\" target=\"_blank\">Lola Dumenil<\/a> a aussi assur\u00e9 qu&rsquo;il \u00ab\u00a0n&rsquo;y a[vait] rien de grave [&#8230;] J&rsquo;ai 24 ans, j&rsquo;ai le temps d&rsquo;aimer 1000 fois\u2026\u00a0\u00bb<\/p>\n<p>Lola Dumenil\u00a0s\u00e9par\u00e9e : quelle relation la mannequin entretient-elle avec Michou\u00a0?<\/p>\n<p>Autre sujet abord\u00e9 au cours de cette vid\u00e9o\u00a0: <strong>la nature de <a href=\"https:\/\/www.public.fr\/michou-et-lex-de-florent-manaudou-enlaces-a-cannes-la-nouvelle-video-qui-fait-jaser\" rel=\"nofollow noopener\" target=\"_blank\">la relation entre l&rsquo;ex d&rsquo;Elsa Bois et Lola Dumenil<\/a><\/strong>. Cette derni\u00e8re s&rsquo;est l\u00e0 encore <strong>livr\u00e9e en toute transparence <\/strong>assurant avoir \u00ab\u00a0commenc\u00e9 \u00e0 converser\u00a0\u00bb avec lui \u00ab\u00a0au moment de \u00ab\u00a0Danse avec les stars\u00a0\u00bb parce qu&rsquo;il y avait toute <strong><a href=\"https:\/\/www.google.com\/url?sa=t&amp;source=web&amp;rct=j&amp;opi=89978449&amp;url=https:\/\/vsd.fr\/76333-elsa-bois-et-florent-manaudou-le-gros-ras-le-bol-de-jean-marc-genereux\/&amp;ved=2ahUKEwiostqN68-PAxVBBfsDHfRxI9QQFnoECBgQAQ&amp;usg=AOvVaw3p4VD2nynp8sZ8hQkTjfgt\" rel=\"nofollow noopener\" target=\"_blank\">cette pol\u00e9mique<\/a> qui \u00e9tait en r\u00e9alit\u00e9 assez pesante<\/strong>\u00ab\u00a0, confie l&rsquo;\u00e9tudiante qui semble avoir la t\u00eate sur les \u00e9paules.<\/p>\n<p>\u00ab\u00a0On s&rsquo;est pas mal rapproch\u00e9 \u00e0 ce moment-l\u00e0. C&rsquo;est une personne avec qui je m&rsquo;entends extr\u00eamement bien, une <strong>personne fonci\u00e8rement gentille<\/strong> et c&rsquo;est tr\u00e8s rare de trouver \u00e7a de nos jours. C&rsquo;est <strong>une personne extr\u00eamement dr\u00f4le<\/strong> \u00e9galement\u00a0\u00bb. Mais alors <strong>s&rsquo;est-il pass\u00e9 quelque chose entre eux ?<\/strong> Et bien, \u00ab\u00a0<strong>Non, il ne s&rsquo;est absolument rien pass\u00e9 avec <a href=\"https:\/\/www.public.fr\/ce-chien-michou-regle-ses-comptes-et-evoque-les-rumeurs-de-couple-entre-son-ex-compagne-elsa-bois-et-florent-manaudou\" rel=\"nofollow noopener\" target=\"_blank\">Michou<\/a><\/strong>\u00a0\u00bb m\u00eame si elle ne semble pas fermer \u00e0 le recroiser \u00e0 l&rsquo;avenir.<\/p>\n<p>Une mise au point qui semblait n\u00e9cessaire pour Lola Dumenil qui, pour conclure, a tenu \u00e0 rappeler que \u00ab\u00a0<strong>rien ne l\u00e9gitimise votre harc\u00e8lement<\/strong> [&#8230;] N&rsquo;oubliez pas qu&rsquo;il y a des personnes derri\u00e8re vos messages, vos commentaires. On essaie de ne pas tout lire mais <strong>il y a des moments o\u00f9 \u00e7a fait mal au ventre<\/strong>\u00ab\u00a0, a-t-elle ajout\u00e9 dans cette vid\u00e9o pleine de sinc\u00e9rit\u00e9 o\u00f9 elle assure \u00eatre <strong>ressortie \u00ab\u00a0grandie\u00a0\u00bb<\/strong>.<\/p>\n<p>      Mentionn\u00e9s dans cet article<\/p>\n<p>      Sur le m\u00eame sujet<\/p>\n","protected":false},"excerpt":{"rendered":"De f\u00e9vrier \u00e0 avril dernier, plusieurs \u00ab\u00a0couples\u00a0\u00bb ont enflamm\u00e9 la piste de la quatorzi\u00e8me saison de \u00ab\u00a0Danse avec&hellip;\n","protected":false},"author":2,"featured_media":382190,"comment_status":"","ping_status":"","sticky":false,"template":"","format":"standard","meta":{"footnotes":""},"categories":[8],"tags":[1376,1193,2392,194,58,7744,59,925,1011,27,3780,199,2439],"class_list":{"0":"post-382189","1":"post","2":"type-post","3":"status-publish","4":"format-standard","5":"has-post-thumbnail","7":"category-divertissement","8":"tag-amour","9":"tag-couple","10":"tag-couple-de-stars","11":"tag-danse-avec-les-stars","12":"tag-divertissement","13":"tag-elsa-bois","14":"tag-entertainment","15":"tag-florent-manaudou","16":"tag-fr","17":"tag-france","18":"tag-relation-amoureuse","19":"tag-tf1","20":"tag-tiktok"},"share_on_mastodon":{"url":"https:\/\/pubeurope.com\/@fr\/115184460405403158","error":""},"_links":{"self":[{"href":"https:\/\/www.europesays.com\/fr\/wp-json\/wp\/v2\/posts\/382189","targetHints":{"allow":["GET"]}}],"collection":[{"href":"https:\/\/www.europesays.com\/fr\/wp-json\/wp\/v2\/posts"}],"about":[{"href":"https:\/\/www.europesays.com\/fr\/wp-json\/wp\/v2\/types\/post"}],"author":[{"embeddable":true,"href":"https:\/\/www.europesays.com\/fr\/wp-json\/wp\/v2\/users\/2"}],"replies":[{"embeddable":true,"href":"https:\/\/www.europesays.com\/fr\/wp-json\/wp\/v2\/comments?post=382189"}],"version-history":[{"count":0,"href":"https:\/\/www.europesays.com\/fr\/wp-json\/wp\/v2\/posts\/382189\/revisions"}],"wp:featuredmedia":[{"embeddable":true,"href":"https:\/\/www.europesays.com\/fr\/wp-json\/wp\/v2\/media\/382190"}],"wp:attachment":[{"href":"https:\/\/www.europesays.com\/fr\/wp-json\/wp\/v2\/media?parent=382189"}],"wp:term":[{"taxonomy":"category","embeddable":true,"href":"https:\/\/www.europesays.com\/fr\/wp-json\/wp\/v2\/categories?post=382189"},{"taxonomy":"post_tag","embeddable":true,"href":"https:\/\/www.europesays.com\/fr\/wp-json\/wp\/v2\/tags?post=382189"}],"curies":[{"name":"wp","href":"https:\/\/api.w.org\/{rel}","templated":true}]}}