{"id":38219,"date":"2025-04-20T06:34:08","date_gmt":"2025-04-20T06:34:08","guid":{"rendered":"https:\/\/www.europesays.com\/fr\/38219\/"},"modified":"2025-04-20T06:34:08","modified_gmt":"2025-04-20T06:34:08","slug":"zakaria-sur-tous-les-fronts-minamino-aux-abonnes-absents-les-tops-et-les-flops","status":"publish","type":"post","link":"https:\/\/www.europesays.com\/fr\/38219\/","title":{"rendered":"Zakaria sur tous les fronts, Minamino aux abonn\u00e9s absents&#8230; Les tops et les flops"},"content":{"rendered":"<p>Mon\u00e9gasques et Strasbourgeois se sont quitt\u00e9s sur un match nul 0-0 \u00e0 l\u2019issue d\u2019un match \u00e9triqu\u00e9 et pauvre en occasions pour le Racing. D\u00e9couvrez ce qui a plu, et d\u00e9plu, \u00e0 notre r\u00e9daction.<\/p>\n<p class=\"fig-paragraph\">TOPS<\/p>\n<p>Denis Zakaria au four et au moulin<\/p>\n<p class=\"fig-paragraph\">Le milieu de terrain suisse est l\u2019\u00e2me de cette \u00e9quipe b\u00e2tie par Adi Hutter. Capitaine respect\u00e9, il fait le lien entre la d\u00e9fense et l\u2019attaque mon\u00e9gasque et ne compte pas ses efforts. 62 ballons touch\u00e9s pour lui ce soir, 95% de passes r\u00e9ussis, 5 duels sur 7 remport\u00e9s, le tout en jouant les 90 minutes. Il ne lui manquait qu\u2019un but mais\u00a0<a href=\"https:\/\/www.lefigaro.fr\/sports\/football\/live\/ligue-1\/2024\/2448672\/monaco-strasbourg\" data-fig-type=\"Live\" data-gtm-custom-categorie=\"navigation\" data-gtm-custom-action=\"crossclick\" data-gtm-custom-label=\"Contextuel\" data-gtm-event=\"customEventSPE\" data-fig-domain=\"LEFIGARO\" target=\"_blank\" rel=\"noopener\">il a manqu\u00e9 de pr\u00e9cision par deux fois (25e, 90e)<\/a>.<\/p>\n<p>Dorde Petrovic tient la baraque<\/p>\n<p class=\"fig-paragraph\">Apr\u00e8s une rencontre moins flamboyante qu\u2019\u00e0 l\u2019accoutumer et deux buts encaiss\u00e9s le week-end dernier<a href=\"http:\/\/www.lefigaro.fr\/sports\/football\/ligue-1\/ligue-1-nice-climatise-strasbourg-a-la-toute-derniere-seconde-dans-un-choc-de-haut-de-tableau-20250412\" data-fig-type=\"NewsFlash\" data-gtm-custom-categorie=\"navigation\" data-gtm-custom-action=\"crossclick\" data-gtm-custom-label=\"Contextuel\" data-gtm-event=\"customEventSPE\" data-fig-domain=\"LEFIGARO\" target=\"_blank\" rel=\"noopener\">\u00a0face \u00e0 l\u2019OGC Nice<\/a>, Dorde Petrovic savait qu\u2019il serait \u00e0 nouveau mis \u00e0 contribution face \u00e0 Monaco. Et \u00e7a n\u2019a pas manqu\u00e9. D\u00e8s la 19e minute, il est bien vigilant devant Maghnes Akliouche, puis \u00e0 la 41e sur un centre de Breel Embolo. \u00c0 la 83e, il fait encore plus fort en d\u00e9viant au-dessus de sa barre la t\u00eate de Folarin Balogun. Un match dans les standards du portier serbe\u00a0: rassurant.<\/p>\n<p class=\"fig-paragraph\">FLOPS<\/p>\n<p>Takumi Minamino n\u2019a pas pes\u00e9<\/p>\n<p class=\"fig-paragraph\">C\u2019est lui qui aurait pu d\u00e9bloquer la situation pour Monaco dans une deuxi\u00e8me mi-temps durant laquelle\u00a0<a href=\"http:\/\/www.lefigaro.fr\/sports\/football\/ligue-1\/ligue-1-malgre-un-match-anime-pas-de-vainqueur-dans-le-choc-entre-monaco-et-strasbourg-20250419\" data-fig-type=\"NewsFlash\" data-gtm-custom-categorie=\"navigation\" data-gtm-custom-action=\"crossclick\" data-gtm-custom-label=\"Contextuel\" data-gtm-event=\"customEventSPE\" data-fig-domain=\"LEFIGARO\" target=\"_blank\" rel=\"noopener\">le Racing semblait bien d\u00e9cid\u00e9 \u00e0 pr\u00e9server le match nul<\/a>. Malheureusement pour le club de la Principaut\u00e9, le Japonais n\u2019\u00e9tait pas dans un bon jour. Le gaucher n\u2019a touch\u00e9 que 27 ballons, rarement dans les bonnes zones, et a m\u00eame \u00e9cop\u00e9 d\u2019un carton jaune \u00e0 la 69e minute apr\u00e8s un duel avec Gu\u00e9la Dou\u00e9.<\/p>\n<p>Mika Biereth \u00e0 l\u2019arr\u00eat<\/p>\n<p class=\"fig-paragraph\">On le conc\u00e8de\u00a0: ce n\u2019\u00e9tait pas un match pour les attaquants, et notre jugement aurait \u00e9t\u00e9 diff\u00e9rent si Ca\u00efo Henrique n\u2019avait pas \u00e9t\u00e9 hors-jeu juste avant la mi-temps. Le Danois venait d\u2019ouvrir le score dans son pus pur registre, celui d\u2019un renard des surfaces qui a d\u00e9j\u00e0 marqu\u00e9 12 buts cette saison. Le probl\u00e8me, c\u2019est que celui-ci a \u00e9t\u00e9 refus\u00e9, ce qui a fait retomber son bilan \u00e0 peau de chagrin\u00a0: 1 tir, 20 ballons touch\u00e9s, 50% de passes r\u00e9ussies, 0 duel remport\u00e9 et 11 pertes de balle.<\/p>\n","protected":false},"excerpt":{"rendered":"Mon\u00e9gasques et Strasbourgeois se sont quitt\u00e9s sur un match nul 0-0 \u00e0 l\u2019issue d\u2019un match \u00e9triqu\u00e9 et pauvre&hellip;\n","protected":false},"author":2,"featured_media":38220,"comment_status":"","ping_status":"","sticky":false,"template":"","format":"standard","meta":{"footnotes":""},"categories":[1410],"tags":[2266,525,1981,814,2257,63,1011,27,3309,66,1307,955,1176,978,93,4448,1980,60],"class_list":{"0":"post-38219","1":"post","2":"type-post","3":"status-publish","4":"format-standard","5":"has-post-thumbnail","7":"category-football","8":"tag-as-monaco","9":"tag-calendrier","10":"tag-classement","11":"tag-direct","12":"tag-foot","13":"tag-football","14":"tag-fr","15":"tag-france","16":"tag-l1","17":"tag-ligue-1","18":"tag-lille","19":"tag-match","20":"tag-olympique-de-marseille","21":"tag-olympique-lyonnais","22":"tag-psg","23":"tag-rc-strasbourg","24":"tag-resultats","25":"tag-sports"},"share_on_mastodon":{"url":"https:\/\/pubeurope.com\/@fr\/114368902993274454","error":""},"_links":{"self":[{"href":"https:\/\/www.europesays.com\/fr\/wp-json\/wp\/v2\/posts\/38219","targetHints":{"allow":["GET"]}}],"collection":[{"href":"https:\/\/www.europesays.com\/fr\/wp-json\/wp\/v2\/posts"}],"about":[{"href":"https:\/\/www.europesays.com\/fr\/wp-json\/wp\/v2\/types\/post"}],"author":[{"embeddable":true,"href":"https:\/\/www.europesays.com\/fr\/wp-json\/wp\/v2\/users\/2"}],"replies":[{"embeddable":true,"href":"https:\/\/www.europesays.com\/fr\/wp-json\/wp\/v2\/comments?post=38219"}],"version-history":[{"count":0,"href":"https:\/\/www.europesays.com\/fr\/wp-json\/wp\/v2\/posts\/38219\/revisions"}],"wp:featuredmedia":[{"embeddable":true,"href":"https:\/\/www.europesays.com\/fr\/wp-json\/wp\/v2\/media\/38220"}],"wp:attachment":[{"href":"https:\/\/www.europesays.com\/fr\/wp-json\/wp\/v2\/media?parent=38219"}],"wp:term":[{"taxonomy":"category","embeddable":true,"href":"https:\/\/www.europesays.com\/fr\/wp-json\/wp\/v2\/categories?post=38219"},{"taxonomy":"post_tag","embeddable":true,"href":"https:\/\/www.europesays.com\/fr\/wp-json\/wp\/v2\/tags?post=38219"}],"curies":[{"name":"wp","href":"https:\/\/api.w.org\/{rel}","templated":true}]}}