{"id":382193,"date":"2025-09-11T07:23:23","date_gmt":"2025-09-11T07:23:23","guid":{"rendered":"https:\/\/www.europesays.com\/fr\/382193\/"},"modified":"2025-09-11T07:23:23","modified_gmt":"2025-09-11T07:23:23","slug":"ce-qui-attend-les-francais-des-vendredi-soir","status":"publish","type":"post","link":"https:\/\/www.europesays.com\/fr\/382193\/","title":{"rendered":"ce qui attend les Fran\u00e7ais d\u00e8s vendredi soir"},"content":{"rendered":"<p itemprop=\"description\">L\u2019agence de notation Fitch doit rendre son verdict sur la dette fran\u00e7aise ce vendredi soir. Une d\u00e9gradation de la note est probable, avec des cons\u00e9quences directes pour l\u2019\u00c9tat\u2026 et pour le portefeuille des Fran\u00e7ais.<\/p>\n<p data-start=\"453\" data-end=\"716\">Apr\u00e8s la chute du gouvernement Bayrou, la France se retrouve fragilis\u00e9e sur les march\u00e9s financiers. Fitch pourrait abaisser la note de la dette souveraine d\u00e8s ce vendredi. Quels impacts pour l\u2019\u00c9tat, les investisseurs et, surtout, pour les Fran\u00e7ais ?<\/p>\n<p>   La France sur le point d\u2019\u00eatre r\u00e9trograd\u00e9e <\/p>\n<p data-start=\"771\" data-end=\"1269\">Il y a moins d\u2019un an, l\u2019agence Fitch avait d\u00e9j\u00e0 pr\u00e9venu : sans plan cr\u00e9dible de <a href=\"https:\/\/www.maison-travaux.fr\/actualites\/budget\/dette-francaise-oui-letat-peut-puiser-dans-votre-epargne-si-la-note-chute-vendredi-a-cette-condition-597399.html\" target=\"_blank\" rel=\"noopener\">r\u00e9duction de la dette<\/a>, la note fran\u00e7aise AA- pourrait \u00eatre revue \u00e0 la baisse. Le sc\u00e9nario semble d\u00e9sormais in\u00e9vitable. Min\u00e9e par la crise politique et un budget suspendu, la France pourrait se retrouver d\u00e8s <strong>vendredi<\/strong> dans la cat\u00e9gorie des pays de <strong>\u00ab qualit\u00e9 moyenne sup\u00e9rieure \u00bb,<\/strong> avec une note A+. Une d\u00e9cision qui placerait Paris sur le m\u00eame niveau de risque que l\u2019Italie, r\u00e9put\u00e9e plus fragile sur le plan budg\u00e9taire. Cette d\u00e9gradation n\u2019est pas seulement symbolique : elle traduit une perte de confiance des march\u00e9s, qui exigent des taux d\u2019int\u00e9r\u00eat plus \u00e9lev\u00e9s pour<a href=\"https:\/\/www.maison-travaux.fr\/actualites\/budget\/donation-apres-erreur-eviter-pour-leguer-argent-fisc-596741.html\" target=\"_blank\" rel=\"noopener\"> pr\u00eater de l\u2019argent \u00e0 l\u2019\u00c9tat.<\/a><\/p>\n<p> Quand emprunter co\u00fbte aussi cher qu\u2019en Italie <\/p>\n<p data-start=\"1503\" data-end=\"1762\">Le signal est d\u00e9j\u00e0 visible. D\u00e9but <strong>septembre<\/strong>, le taux d\u2019emprunt \u00e0 10 ans de la France a atteint 3,6 %, soit le m\u00eame niveau que l\u2019Italie. Cette \u00e9volution inqui\u00e8te car elle rench\u00e9rit le co\u00fbt du service<a href=\"https:\/\/www.maison-travaux.fr\/actualites\/budget\/consolidation-dettes-comment-choisir-bonne-banque-pour-vraiment-alleger-remboursements-593891.html\" target=\"_blank\" rel=\"noopener\"> de la dette,<\/a> qui d\u00e9passe d\u00e9j\u00e0 <strong>60 milliards d\u2019euros par an.<\/strong><\/p>\n<p data-start=\"1764\" data-end=\"2126\">Autrement dit, chaque d\u00e9gradation alourdit <strong>la facture publique.<\/strong> \u00c0 terme, ce sont les marges de <a href=\"https:\/\/www.maison-travaux.fr\/actualites\/budget\/immobilier\/etat-ventes-biens-immobiliers-terrains-conditions-596819.html\" target=\"_blank\" rel=\"noopener\">man\u0153uvre de l\u2019\u00c9tat<\/a> pour financer les services publics, la protection sociale ou les investissements qui se r\u00e9duisent. Et le risque d\u2019un cercle vicieux se profile : plus la dette co\u00fbte cher, plus elle p\u00e8se sur le budget, et plus les agences de notation sanctionnent.<\/p>\n<p>\t\t\t\t<img decoding=\"async\" src=\"data:image\/svg+xml,%3Csvg%20xmlns=\" http:=\"\" width=\"100%\" height=\"auto\" data-lazy-src=\"https:\/\/www.europesays.com\/fr\/wp-content\/uploads\/2025\/09\/1757575403_849_maxresdefault.jpg\"\/><\/p>\n<p>\t\t\t\t<video width=\"100%\" height=\"360px\" controls=\"\" id=\"player_46929c71ba48e4dbc5f367dd080c7c59\" preload=\"auto\" class=\"video-js vjs-default-skin vjs-big-play-centered\" style=\"display:none; text-align: center; margin-bottom: 4px;\" poster=\"https:\/\/www.europesays.com\/fr\/wp-content\/uploads\/2025\/09\/1757575403_849_maxresdefault.jpg\"\/><br \/>\n\t\t\t Les Fran\u00e7ais \u00e9pargnent\u2026 mais jusqu\u2019\u00e0 quand ? <\/p>\n<p data-start=\"2179\" data-end=\"2494\">Face \u00e0 cette incertitude, les m\u00e9nages adoptent une strat\u00e9gie d\u00e9fensive. Selon BFMTV,<a href=\"https:\/\/www.maison-travaux.fr\/sequiper\/conseils-pratiques\/epargne-retraite-somme-avoir-vivre-confortablement-eviter-les-mauvaises-surprises-593736.html\" target=\"_blank\" rel=\"noopener\"> le taux d\u2019\u00e9pargne<\/a> financi\u00e8re des Fran\u00e7ais a atteint 10,5 % au 1er trimestre 2025, un niveau sup\u00e9rieur \u00e0 celui de l\u2019Allemagne. En incluant tous les produits, l\u2019\u00e9pargne grimpe \u00e0 19,4 %, du jamais vu<strong> depuis la fin des ann\u00e9es 1970.<\/strong><\/p>\n<p data-start=\"2496\" data-end=\"2945\">Cette r\u00e9serve de liquidit\u00e9s rassure les agences, comme le souligne Philippe Crevel, directeur du Cercle de l\u2019\u00e9pargne : \u00ab si on n\u2019avait pas un taux d\u2019\u00e9pargne aussi \u00e9lev\u00e9, la note de la dette fran\u00e7aise serait plus d\u00e9grad\u00e9e \u00bb. Mais elle nourrit aussi une inqui\u00e9tude : si les finances publiques d\u00e9rapent encore, l\u2019\u00c9tat pourrait-il \u00eatre tent\u00e9 de <a href=\"https:\/\/www.maison-travaux.fr\/actualites\/budget\/la-sncf-vous-fait-payer-une-taxe-pour-recuperer-vos-objets-oublies-et-ca-surprend-de-nombreux-voyageurs-597360.html\" target=\"_blank\" rel=\"noopener\">taxer<\/a> davantage cette \u00e9pargne ? Techniquement, rien ne l\u2019emp\u00eache. Politiquement, ce serait un pari risqu\u00e9.<\/p>\n","protected":false},"excerpt":{"rendered":"L\u2019agence de notation Fitch doit rendre son verdict sur la dette fran\u00e7aise ce vendredi soir. Une d\u00e9gradation de&hellip;\n","protected":false},"author":2,"featured_media":382194,"comment_status":"","ping_status":"","sticky":false,"template":"","format":"standard","meta":{"footnotes":""},"categories":[6],"tags":[35,33,34,1011,27,729],"class_list":{"0":"post-382193","1":"post","2":"type-post","3":"status-publish","4":"format-standard","5":"has-post-thumbnail","7":"category-economie","8":"tag-business","9":"tag-economie","10":"tag-economy","11":"tag-fr","12":"tag-france","13":"tag-yout_video"},"share_on_mastodon":{"url":"https:\/\/pubeurope.com\/@fr\/115184468234568990","error":""},"_links":{"self":[{"href":"https:\/\/www.europesays.com\/fr\/wp-json\/wp\/v2\/posts\/382193","targetHints":{"allow":["GET"]}}],"collection":[{"href":"https:\/\/www.europesays.com\/fr\/wp-json\/wp\/v2\/posts"}],"about":[{"href":"https:\/\/www.europesays.com\/fr\/wp-json\/wp\/v2\/types\/post"}],"author":[{"embeddable":true,"href":"https:\/\/www.europesays.com\/fr\/wp-json\/wp\/v2\/users\/2"}],"replies":[{"embeddable":true,"href":"https:\/\/www.europesays.com\/fr\/wp-json\/wp\/v2\/comments?post=382193"}],"version-history":[{"count":0,"href":"https:\/\/www.europesays.com\/fr\/wp-json\/wp\/v2\/posts\/382193\/revisions"}],"wp:featuredmedia":[{"embeddable":true,"href":"https:\/\/www.europesays.com\/fr\/wp-json\/wp\/v2\/media\/382194"}],"wp:attachment":[{"href":"https:\/\/www.europesays.com\/fr\/wp-json\/wp\/v2\/media?parent=382193"}],"wp:term":[{"taxonomy":"category","embeddable":true,"href":"https:\/\/www.europesays.com\/fr\/wp-json\/wp\/v2\/categories?post=382193"},{"taxonomy":"post_tag","embeddable":true,"href":"https:\/\/www.europesays.com\/fr\/wp-json\/wp\/v2\/tags?post=382193"}],"curies":[{"name":"wp","href":"https:\/\/api.w.org\/{rel}","templated":true}]}}