{"id":382203,"date":"2025-09-11T07:31:15","date_gmt":"2025-09-11T07:31:15","guid":{"rendered":"https:\/\/www.europesays.com\/fr\/382203\/"},"modified":"2025-09-11T07:31:15","modified_gmt":"2025-09-11T07:31:15","slug":"a-nancy-upm-va-arreter-sa-production-dadhesifs-et-supprimer-82-emplois","status":"publish","type":"post","link":"https:\/\/www.europesays.com\/fr\/382203\/","title":{"rendered":"A Nancy, UPM va arr\u00eater sa production d\u2019adh\u00e9sifs et supprimer 82 emplois"},"content":{"rendered":"<p>&#13;<br \/>\n\tSur le site <a title=\"Nouveaut\u00e9s du groupe forestier UPM sur L&#039;Usine Nouvelle\" href=\"https:\/\/www.usinenouvelle.com\/upm\/\" rel=\"nofollow noopener\" target=\"\" class=\"lien-contextuel\">UPM<\/a> Adhesive Materials de Pompey (Meurthe-et-Moselle), au nord de Nancy, un pr\u00e9c\u00e9dent plan de sauvegarde de l\u2019emploi (PSE) valid\u00e9 \u00e0 l\u2019automne 2023 avait conduit \u00e0 l\u2019arr\u00eat d\u2019une premi\u00e8re machine de production et au d\u00e9part de 59 salari\u00e9s. Les n\u00e9gociations qui s\u2019ouvriront, le 11 septembre, entre les repr\u00e9sentants des 146 salari\u00e9s restants et la direction de cette filiale du papetier finlandais UPM doivent d\u00e9finir les modalit\u00e9s d\u2019un nouveau PSE portant sur 82 postes, cette fois.<\/p>\n<p>&#13;<br \/>\n\tLe plan vise \u00e0 accompagner l\u2019arr\u00eat de la seconde machine de fabrication de bobines de papier adh\u00e9sif pour l\u2019emballage. UPM Adhesive Materials, un groupe de 3200 salari\u00e9s (chiffre d\u2019affaires de 1,6 milliard d\u2019euros en 2024), justifie cette d\u00e9cision par une \u00absurcapacit\u00e9 r\u00e9sultant de l&rsquo;\u00e9volution exceptionnelle du march\u00e9, ces derni\u00e8res ann\u00e9es\u00bb et explique poursuivre \u00abla centralisation de sa production de mat\u00e9riaux d&rsquo;\u00e9tiquetage vers des unit\u00e9s plus comp\u00e9titives en termes de co\u00fbts\u00bb. <\/p>\n<p>&#13;<br \/>\n\tTim Kirchen, vice-pr\u00e9sident ex\u00e9cutif d&rsquo;UPM Adhesive Materials, estime qu\u2019en \u00abcentralisant la production dans des usines plus comp\u00e9titives, nous am\u00e9liorerons \u00e9galement la rentabilit\u00e9 et la qualit\u00e9 de nos produits\u00bb. Il pr\u00e9cise que l\u2019usine de Nancy \u00abdevrait \u00eatre transform\u00e9e en centre de distribution, afin de continuer \u00e0 offrir un service de premier ordre \u00e0 nos clients d&rsquo;Europe occidentale\u00bb. Le site mis en service en 1990 conservera, par ailleurs, des activit\u00e9s de d\u00e9coupe des bobines de pr\u00e8s d\u2019un m\u00e8tre de diam\u00e8tre, livr\u00e9es par les usines situ\u00e9es en Grande-Bretagne, Finlande et Pologne. <\/p>\n<p>&#13;<br \/>\n\tUne production d\u00e9plac\u00e9e en Pologne et en Finlande <\/p>\n<p>&#13;<br \/>\n\tDominique Maczuga, d\u00e9l\u00e9gu\u00e9 syndical CFE-CGC, rappelle qu\u2019en 2023, la production du site lorrain avait \u00e9t\u00e9 rapatri\u00e9e dans l\u2019usine UPM Adhesive Materials de Pologne, \u00abaffaiblie par la perte du march\u00e9 russe\u00bb. \u00abCette fois, nos volumes seront transf\u00e9r\u00e9s en Finlande, sur un nouvel outil industriel, plus performant\u00bb, pr\u00e9cise-t-il. Le repr\u00e9sentant de l\u2019intersyndicale CFE-CGC, CFTC, CGT \u00e9voque les espoirs envol\u00e9s des salari\u00e9s \u00abqui esp\u00e9raient encore un red\u00e9marrage de la premi\u00e8re ligne arr\u00eat\u00e9e il y a deux ans\u00bb.<\/p>\n<p>&#13;<br \/>\n\tLe site UPM Adhesive Materials de Pompey \u00e9tait le dernier site de production en France du groupe UPM, un g\u00e9ant de 15800 salari\u00e9s (chiffre d\u2019affaires de 10,3 milliards d\u2019euros environ), apr\u00e8s la <a href=\"https:\/\/www.usinenouvelle.com\/article\/le-site-papetier-chapelle-darblay-entre-dans-le-giron-de-veolia.N2003672\" target=\"_blank\" rel=\"nofollow noopener\">cession de la papeterie de Chapelle Darblay<\/a> (Seine-Maritime) en 2022. Il \u00e9tait le second producteur de papiers adh\u00e9sifs sur le territoire national avec l\u2019<a href=\"https:\/\/www.usinenouvelle.com\/article\/en-isere-avery-dennison-specialiste-americain-d-etiquettes-adhesives-inaugure-l-extension-de-son-usine-de-champ-sur-drac.N2220108\" target=\"_blank\" rel=\"nofollow noopener\">usine Avery Dennison de Grenoble<\/a> (Is\u00e8re).<\/p>\n<p class=\"editoTitleType1 editoTitleType1--lagoon is-uppercase\">S\u00e9lectionn\u00e9 <b>pour vous<\/b><\/p>\n<p>                                                                            <a class=\"editoCardType21__link editoCardType21__containerImage\" href=\"https:\/\/www.usinenouvelle.com\/article\/schneider-electric-va-fermer-ses-sites-de-privas-et-de-montelimar-en-2027.N2237440\" data-xiti-name=\"2237440\" rel=\"nofollow noopener\" target=\"_blank\"><\/p>\n<p>                                                                                                                                                    <img decoding=\"async\" src=\"data:image\/gif;base64,R0lGODdhAQABAPAAAMPDwwAAACwAAAAAAQABAAACAkQBADs=\" data-original=\"\/mediatheque\/5\/4\/1\/001531145_256x170_c.jpg\" alt=\"Schneider Electric va fermer ses sites de Privas et de Mont\u00e9limar en 2027\"\/><\/p>\n<p>                            <\/a><\/p>\n","protected":false},"excerpt":{"rendered":"&#13; Sur le site UPM Adhesive Materials de Pompey (Meurthe-et-Moselle), au nord de Nancy, un pr\u00e9c\u00e9dent plan de&hellip;\n","protected":false},"author":2,"featured_media":382204,"comment_status":"","ping_status":"","sticky":false,"template":"","format":"standard","meta":{"footnotes":""},"categories":[9635],"tags":[1111,11,2724,1777,674,1011,27,775,6848,1702,12,6847,6849,18854,25,51535],"class_list":{"0":"post-382203","1":"post","2":"type-post","3":"status-publish","4":"format-standard","5":"has-post-thumbnail","7":"category-nancy","8":"tag-actu","9":"tag-actualites","10":"tag-emballage","11":"tag-eu","12":"tag-europe","13":"tag-fr","14":"tag-france","15":"tag-grand-est","16":"tag-matieres-premieres","17":"tag-nancy","18":"tag-news","19":"tag-papier","20":"tag-papier-carton","21":"tag-quotidien-des-usines","22":"tag-republique-francaise","23":"tag-upm"},"share_on_mastodon":{"url":"https:\/\/pubeurope.com\/@fr\/115184499615748451","error":""},"_links":{"self":[{"href":"https:\/\/www.europesays.com\/fr\/wp-json\/wp\/v2\/posts\/382203","targetHints":{"allow":["GET"]}}],"collection":[{"href":"https:\/\/www.europesays.com\/fr\/wp-json\/wp\/v2\/posts"}],"about":[{"href":"https:\/\/www.europesays.com\/fr\/wp-json\/wp\/v2\/types\/post"}],"author":[{"embeddable":true,"href":"https:\/\/www.europesays.com\/fr\/wp-json\/wp\/v2\/users\/2"}],"replies":[{"embeddable":true,"href":"https:\/\/www.europesays.com\/fr\/wp-json\/wp\/v2\/comments?post=382203"}],"version-history":[{"count":0,"href":"https:\/\/www.europesays.com\/fr\/wp-json\/wp\/v2\/posts\/382203\/revisions"}],"wp:featuredmedia":[{"embeddable":true,"href":"https:\/\/www.europesays.com\/fr\/wp-json\/wp\/v2\/media\/382204"}],"wp:attachment":[{"href":"https:\/\/www.europesays.com\/fr\/wp-json\/wp\/v2\/media?parent=382203"}],"wp:term":[{"taxonomy":"category","embeddable":true,"href":"https:\/\/www.europesays.com\/fr\/wp-json\/wp\/v2\/categories?post=382203"},{"taxonomy":"post_tag","embeddable":true,"href":"https:\/\/www.europesays.com\/fr\/wp-json\/wp\/v2\/tags?post=382203"}],"curies":[{"name":"wp","href":"https:\/\/api.w.org\/{rel}","templated":true}]}}