{"id":382207,"date":"2025-09-11T07:33:09","date_gmt":"2025-09-11T07:33:09","guid":{"rendered":"https:\/\/www.europesays.com\/fr\/382207\/"},"modified":"2025-09-11T07:33:09","modified_gmt":"2025-09-11T07:33:09","slug":"israel-dit-avoir-intercepte-un-missile-tire-depuis-le-yemen","status":"publish","type":"post","link":"https:\/\/www.europesays.com\/fr\/382207\/","title":{"rendered":"Isra\u00ebl dit avoir intercept\u00e9 un missile tir\u00e9 depuis le Y\u00e9men"},"content":{"rendered":"<p>L\u2019arm\u00e9e isra\u00e9lienne a d\u00e9clar\u00e9, ce jeudi 11\u00a0septembre 2025, avoir intercept\u00e9 un missile tir\u00e9 depuis le Y\u00e9men, au lendemain d\u2019<a href=\"https:\/\/rennes.maville.com\/actu\/actudet_-l-armee-israelienne-frappe-des-batiments-des-forces-houthis-au-yemen-9-morts-et-118-blesses-_54135-6969445_actu.Htm\" target=\"_blank\" rel=\"noopener\">une frappe isra\u00e9lienne sur des sites houthis y\u00e9m\u00e9nites qui ont fait 35\u00a0morts et 131\u00a0bless\u00e9s<\/a> selon ces rebelles, rapporte l\u2019AFP. <strong>\u00ab\u00a0Un missile tir\u00e9 depuis le Y\u00e9men a \u00e9t\u00e9 intercept\u00e9 par les forces a\u00e9riennes isra\u00e9liennes\u00a0\u00bb<\/strong>, a d\u00e9clar\u00e9 l\u2019arm\u00e9e isra\u00e9lienne, sur Telegram.<\/p>\n<p>Des tirs de missiles r\u00e9guliers<\/p>\n<p>Les rebelles houthis, soutenus par l\u2019Iran, proc\u00e8dent r\u00e9guli\u00e8rement \u00e0 des tirs de missiles ou de drones en direction d\u2019Isra\u00ebl, dans leur tr\u00e8s grande majorit\u00e9 intercept\u00e9s.<\/p>\n<p>Cette nouvelle attaque intervient apr\u00e8s qu\u2019Isra\u00ebl a affirm\u00e9, mercredi 10\u00a0septembre, avoir frapp\u00e9 des <strong>\u00ab\u00a0cibles militaires\u00a0\u00bb<\/strong> houthies dans la capitale Sanaa et dans la province de Jawf, dans le nord du pays.<\/p>\n<p>Celles-ci ont fait 35\u00a0morts et 131\u00a0bless\u00e9s, a indiqu\u00e9 dans la soir\u00e9e le porte-parole du minist\u00e8re de la Sant\u00e9 houthi, Anees Alasbahi, sur X, pr\u00e9cisant que ce d\u00e9compte n\u2019est pas d\u00e9finitif.<\/p>\n<p><strong>\u00ab\u00a0Nous continuerons \u00e0 frapper. Quiconque nous attaque, nous l\u2019atteindrons\u00a0\u00bb<\/strong>, avait d\u00e9clar\u00e9 apr\u00e8s ces raids le Premier ministre isra\u00e9lien, Benyamin Netanyahou.<\/p>\n<p><strong>Lire aussi<\/strong>\u00a0: <a href=\"https:\/\/rennes.maville.com\/actu\/actudet_-au-yemen-l-onu-annonce-l-arrestation-d-au-moins-onze-de-ses-employes-par-les-houthis-_54135-6954036_actu.Htm\" target=\"_blank\" rel=\"noopener\">Au Y\u00e9men, l\u2019ONU annonce l\u2019arrestation d\u2019au moins onze de ses employ\u00e9s par les Houthis<\/a><\/p>\n<p>\u00ab\u00a0Plusieurs maisons endommag\u00e9es\u00a0\u00bb<\/p>\n<p>La t\u00e9l\u00e9vision Al-Massirah, organe des Houthis, a fait \u00e9tat de <strong>\u00ab\u00a0martyrs, bless\u00e9s et plusieurs maisons endommag\u00e9es dans l\u2019attaque isra\u00e9lienne contre le quartier g\u00e9n\u00e9ral de l\u2019Orientation morale\u00a0\u00bb,<\/strong> du nom donn\u00e9 aux services de communication des forces rebelles dans la capitale.\u00a0Selon le porte-parole militaire houthi, Yahya Saree, ces frappes isra\u00e9liennes ont \u00e9t\u00e9 effectu\u00e9es par avion.<\/p>\n<p>Selon deux journalistes de l\u2019AFP \u00e0 Sanaa, un b\u00e2timent utilis\u00e9 par les forces arm\u00e9es houthies a \u00e9t\u00e9 touch\u00e9. Al-Massirah a \u00e9galement fait \u00e9tat de frappes isra\u00e9liennes contre des b\u00e2timents gouvernementaux \u00e0 Jawf.<\/p>\n<p>L\u2019arm\u00e9e isra\u00e9lienne, qui avait d\u00e9j\u00e0 annonc\u00e9 la veille avoir intercept\u00e9 un missile tir\u00e9 du Y\u00e9men, a dit avoir frapp\u00e9 des <strong>\u00ab\u00a0camps militaires o\u00f9 des membres du r\u00e9gime terroriste avaient \u00e9t\u00e9 identifi\u00e9s, le si\u00e8ge des relations publiques militaires des Houthis et un site de stockage de carburant\u00a0\u00bb<\/strong>.<\/p>\n<p>Cette nouvelle attaque \u00e9tait survenue trois jours apr\u00e8s qu\u2019un tir de drone, revendiqu\u00e9 par les Houthis depuis le Y\u00e9men, a bless\u00e9 un homme en tombant sur l\u2019a\u00e9roport de Ramon, dans le sud d\u2019Isra\u00ebl.<\/p>\n<p>Le mois dernier, des bombardements isra\u00e9liens avaient tu\u00e9 le Premier ministre et onze\u00a0responsables houthis, dans la plus importante op\u00e9ration isra\u00e9lienne contre ces rebelles proches de l\u2019Iran.<\/p>\n<p><strong>Lire aussi<\/strong>\u00a0: <a href=\"https:\/\/rennes.maville.com\/actu\/actudet_-entretien.-attaques-d-israel-contre-le-hamas-a-doha-une-ligne-rouge-a-ete-franchie-_54135-6969304_actu.Htm\" target=\"_blank\" rel=\"noopener\">Attaques d\u2019Isra\u00ebl contre le Hamas \u00e0 Doha\u00a0: \u00ab\u00a0Une ligne rouge a \u00e9t\u00e9 franchie\u00a0\u00bb<\/a><\/p>\n<p>Des tirs contre Isra\u00ebl multipli\u00e9s<\/p>\n<p>Depuis le d\u00e9but de la guerre \u00e0 Gaza, d\u00e9clench\u00e9e par l\u2019attaque du mouvement islamiste palestinien Hamas en Isra\u00ebl le 7\u00a0octobre 2023, les Houthis ont multipli\u00e9 les tirs contre Isra\u00ebl et les attaques de navires marchands qui lui sont li\u00e9s au large du Y\u00e9men, affirmant agir en solidarit\u00e9 avec les Palestiniens.<\/p>\n<p>En r\u00e9ponse, Isra\u00ebl a men\u00e9 plusieurs s\u00e9ries de frappes meurtri\u00e8res au Y\u00e9men, visant des ports, des centrales \u00e9lectriques et l\u2019a\u00e9roport international de Sanaa.<\/p>\n<p>\u00a0<\/p>\n","protected":false},"excerpt":{"rendered":"L\u2019arm\u00e9e isra\u00e9lienne a d\u00e9clar\u00e9, ce jeudi 11\u00a0septembre 2025, avoir intercept\u00e9 un missile tir\u00e9 depuis le Y\u00e9men, au lendemain&hellip;\n","protected":false},"author":2,"featured_media":382208,"comment_status":"","ping_status":"","sticky":false,"template":"","format":"standard","meta":{"footnotes":""},"categories":[9619],"tags":[1111,11,2827,1777,674,1011,27,41429,664,3343,12,882,25,19455,2310,3885],"class_list":{"0":"post-382207","1":"post","2":"type-post","3":"status-publish","4":"format-standard","5":"has-post-thumbnail","7":"category-toulon","8":"tag-actu","9":"tag-actualites","10":"tag-dit","11":"tag-eu","12":"tag-europe","13":"tag-fr","14":"tag-france","15":"tag-intercepte","16":"tag-israel","17":"tag-missile","18":"tag-news","19":"tag-provence-alpes-cote-dazur","20":"tag-republique-francaise","21":"tag-tire","22":"tag-toulon","23":"tag-yemen"},"share_on_mastodon":{"url":"https:\/\/pubeurope.com\/@fr\/115184507732461270","error":""},"_links":{"self":[{"href":"https:\/\/www.europesays.com\/fr\/wp-json\/wp\/v2\/posts\/382207","targetHints":{"allow":["GET"]}}],"collection":[{"href":"https:\/\/www.europesays.com\/fr\/wp-json\/wp\/v2\/posts"}],"about":[{"href":"https:\/\/www.europesays.com\/fr\/wp-json\/wp\/v2\/types\/post"}],"author":[{"embeddable":true,"href":"https:\/\/www.europesays.com\/fr\/wp-json\/wp\/v2\/users\/2"}],"replies":[{"embeddable":true,"href":"https:\/\/www.europesays.com\/fr\/wp-json\/wp\/v2\/comments?post=382207"}],"version-history":[{"count":0,"href":"https:\/\/www.europesays.com\/fr\/wp-json\/wp\/v2\/posts\/382207\/revisions"}],"wp:featuredmedia":[{"embeddable":true,"href":"https:\/\/www.europesays.com\/fr\/wp-json\/wp\/v2\/media\/382208"}],"wp:attachment":[{"href":"https:\/\/www.europesays.com\/fr\/wp-json\/wp\/v2\/media?parent=382207"}],"wp:term":[{"taxonomy":"category","embeddable":true,"href":"https:\/\/www.europesays.com\/fr\/wp-json\/wp\/v2\/categories?post=382207"},{"taxonomy":"post_tag","embeddable":true,"href":"https:\/\/www.europesays.com\/fr\/wp-json\/wp\/v2\/tags?post=382207"}],"curies":[{"name":"wp","href":"https:\/\/api.w.org\/{rel}","templated":true}]}}