{"id":382211,"date":"2025-09-11T07:35:34","date_gmt":"2025-09-11T07:35:34","guid":{"rendered":"https:\/\/www.europesays.com\/fr\/382211\/"},"modified":"2025-09-11T07:35:34","modified_gmt":"2025-09-11T07:35:34","slug":"un-cortege-impressionnant-a-defile-ce-mercredi-dans-les-rues-de-montpellier-a-lappel-du-mouvement-bloquons-tout","status":"publish","type":"post","link":"https:\/\/www.europesays.com\/fr\/382211\/","title":{"rendered":"Un cort\u00e8ge impressionnant a d\u00e9fil\u00e9 ce mercredi dans les rues de Montpellier \u00e0 l&rsquo;appel du mouvement \u00ab\u00a0Bloquons tout\u00a0\u00bb"},"content":{"rendered":"<p>   <img decoding=\"async\" src=\"https:\/\/www.europesays.com\/fr\/wp-content\/uploads\/2025\/09\/1757576134_274_1200x680\" alt=\"illustration agrandir l'image\" style=\"--_image-preview:url('data:image\/jpeg;base64,\/9j\/2wBDACgcHiMeGSgjISMtKygwPGRBPDc3PHtYXUlkkYCZlo+AjIqgtObDoKrarYqMyP\/L2u71\/\/\/\/m8H\/\/\/\/6\/+b9\/\/j\/2wBDASstLTw1PHZBQXb4pYyl+Pj4+Pj4+Pj4+Pj4+Pj4+Pj4+Pj4+Pj4+Pj4+Pj4+Pj4+Pj4+Pj4+Pj4+Pj4+Pj4+Pj\/wAARCAAqACoDASIAAhEBAxEB\/8QAGQAAAwEBAQAAAAAAAAAAAAAAAAECAwQF\/8QAGBABAQEBAQAAAAAAAAAAAAAAAAESAhH\/xAAVAQEBAAAAAAAAAAAAAAAAAAAAAf\/EABQRAQAAAAAAAAAAAAAAAAAAAAD\/2gAMAwEAAhEDEQA\/APR9K1N6TelF+l6jRaBr6PWehoEXtN7Z3pF6Qa7G2Oi0K32e3PsbA7U2nU1UK0rRU0Bei0VJFf\/Z');\" loading=\"eager\" fetchpriority=\"high\" aria-hidden=\"true\" class=\"svelte-1pnmlwx rounded\" onload=\"this.__e=event\" onerror=\"this.__e=event\"\/> Entre 8.000 et 10.000 manifestants selon nos estimations \u00a9 Radio France &#8211; Guillaume Roulland    <\/p>\n<p class=\"g-ici-body-regular-3 info svelte-1a514ib\">Diffus\u00e9 le jeudi 11 septembre 2025 \u00e0 6:31 <\/p>\n<p class=\"g-ici-body-regular-3 info svelte-1a514ib\">Publi\u00e9 le jeudi 11 septembre 2025 \u00e0 6:31 <\/p>\n<p class=\"g-ici-body-bold-1 standFirst svelte-g22axr\">Une mobilisation tr\u00e8s impressionnante hier \u00e0 Montpellier pour la manifestation du mouvement BLOQUONS TOUT. Entre 8.000 et 10.000 personnes ont d\u00e9fil\u00e9 dans le centre ville. Des incidents ont \u00e9clat\u00e9 en fin de manifestation place de la com\u00e9die.<\/p>\n<p>Le cort\u00e8ge, qui est parti \u00e0 11H de la place de la com\u00e9die, a ensuite pris la direction de la gare St Roch, du Peyrou, du Corum pour revenir place de la com\u00e9die ou en fin de manifestation quelques incidents ont \u00e9clat\u00e9.<\/p>\n<p>200 \u00e0 300 jeunes souhaitaient visiblement en d\u00e9coudre avec la police.\u00a0Celle-ci a du faire usage de gaz lacrymog\u00e8ne et d&rsquo;un puissant canon \u00e0 eau pour les disperser.<\/p>\n<p>Mais pour beaucoup de manifestants beaucoup plus pacifistes, ce premier rassemblement fut d&rsquo;abord l&rsquo;occasion de protester contre la politique d&rsquo;Emmanuel Macron et de ses gouvernements successifs.<\/p>\n<ul class=\"SocialNetworks svelte-bt5901\">\n<li class=\"svelte-bt5901\"><\/li>\n<li class=\"svelte-bt5901\"><\/li>\n<li class=\"svelte-bt5901\"><\/li>\n<li class=\"svelte-bt5901\"><\/li>\n<li class=\"svelte-bt5901\"><\/li>\n<\/ul>\n<p role=\"heading\" aria-level=\"2\" class=\"sr-only\">Grande consultation \u00ab\u00a0Ma commune, mon maire et moi\u00a0\u00bb<\/p>\n<p class=\"description g-ici-body-regular-2 svelte-ascr5k\">En vue des \u00e9lections municipales de mars 2026, ICI lance un grand cycle de<br \/>\n      consultations et propose tous les mois un questionnaire th\u00e9matique afin de<br \/>\n      comprendre les attentes et les rapports des citoyens avec leurs maires,<br \/>\n      leurs communes.<\/p>\n<p>Les \u00e9pisodes de l\u2019\u00e9mission\u00a0: L&rsquo;info d&rsquo;ici, ici H\u00e9rault<\/p>\n<p>Sur le m\u00eame th\u00e8me<\/p>\n<ul class=\"content svelte-bu824\">\n<li class=\"IciCard  standard svelte-19qbux1\">\n<p class=\"standfirst g-ici-body-regular-2 svelte-19qbux1\">Des appels \u00e0 \u00ab\u00a0tout bloquer\u00a0\u00bb dans le pays ce mercredi 10 septembre 2025 ont \u00e9t\u00e9 lanc\u00e9s sur les r\u00e9seaux sociaux en r\u00e9ponse aux \u00e9conomies voulues par le gouvernement. Dans l&rsquo;H\u00e9rault, \u00e0 Montpellier, des affrontements opposent bloqueurs et forces \u00e0 l&rsquo;issue d&rsquo;une impressionnante manifestation.<\/p>\n<\/li>\n<li class=\"IciCard  standard svelte-19qbux1\">\n<p class=\"standfirst g-ici-body-regular-2 svelte-19qbux1\">Une nouvelle assembl\u00e9e g\u00e9n\u00e9rale du mouvement \u00ab\u00a0Bloquons tout\u00a0\u00bb a rassembl\u00e9 environ 500 personnes ce mardi soir sur les marches du Corum \u00e0 Montpellier. Et la nomination express d&rsquo;un nouveau Premier ministre n&rsquo;entame pas leur d\u00e9termination \u00e0 aller crier leur col\u00e8re dans les rues ce mercredi.<\/p>\n<\/li>\n<li class=\"IciCard  standard svelte-19qbux1\">\n<p class=\"standfirst g-ici-body-regular-2 svelte-19qbux1\">Le d\u00e9part de l&rsquo;\u00e9tape du Tour de France qui va emmener ce mardi 22 juillet les coureurs de Montpellier au mont Ventoux sera donn\u00e9 sur l&rsquo;esplanade de l&rsquo;Europe, dans le quartier Antigone. Et attention, ce sera tr\u00e8s tr\u00e8s difficile de circuler en voiture ou de stationner dans le quartier.<\/p>\n<\/li>\n<li class=\"IciCard  standard svelte-19qbux1\">\n<p class=\"standfirst g-ici-body-regular-2 svelte-19qbux1\">Plusieurs milliers de personnes sont rassembl\u00e9es ce vendredi soir sur la place Albert I\u1d49\u02b3 \u00e0 Montpellier contre l&rsquo;extr\u00eame-droite. D&rsquo;autres rassemblements sont organis\u00e9s dans l&rsquo;H\u00e9rault ce vendredi\u00a0: \u00e0 Lod\u00e8ve, Ganges et S\u00e8te.<\/p>\n<\/li>\n<\/ul>\n<p class=\"g-ici-body-regular-3 description svelte-1vha4t1\">Tous les vendredis, recevez le meilleur de la semaine d\u2019ici H\u00e9rault\u00a0: certifi\u00e9 100% local\u00a0!<\/p>\n<p>En cliquant sur \u00ab\u00a0S\u2019abonner\u00a0\u00bb, j&rsquo;accepte que les donn\u00e9es recueillies par<br \/>\n        Radio France soient destin\u00e9es \u00e0 l&rsquo;envoi par courrier \u00e9lectronique de<br \/>\n        contenus et d&rsquo;informations relatifs aux programmes. Plus d&rsquo;informations.<\/p>\n","protected":false},"excerpt":{"rendered":"Entre 8.000 et 10.000 manifestants selon nos estimations \u00a9 Radio France &#8211; Guillaume Roulland Diffus\u00e9 le jeudi 11&hellip;\n","protected":false},"author":2,"featured_media":382212,"comment_status":"","ping_status":"","sticky":false,"template":"","format":"standard","meta":{"footnotes":""},"categories":[9599],"tags":[1111,11,1777,674,1011,27,2208,12,2680,25],"class_list":{"0":"post-382211","1":"post","2":"type-post","3":"status-publish","4":"format-standard","5":"has-post-thumbnail","7":"category-montpellier","8":"tag-actu","9":"tag-actualites","10":"tag-eu","11":"tag-europe","12":"tag-fr","13":"tag-france","14":"tag-montpellier","15":"tag-news","16":"tag-occitanie","17":"tag-republique-francaise"},"share_on_mastodon":{"url":"https:\/\/pubeurope.com\/@fr\/115184515396869146","error":""},"_links":{"self":[{"href":"https:\/\/www.europesays.com\/fr\/wp-json\/wp\/v2\/posts\/382211","targetHints":{"allow":["GET"]}}],"collection":[{"href":"https:\/\/www.europesays.com\/fr\/wp-json\/wp\/v2\/posts"}],"about":[{"href":"https:\/\/www.europesays.com\/fr\/wp-json\/wp\/v2\/types\/post"}],"author":[{"embeddable":true,"href":"https:\/\/www.europesays.com\/fr\/wp-json\/wp\/v2\/users\/2"}],"replies":[{"embeddable":true,"href":"https:\/\/www.europesays.com\/fr\/wp-json\/wp\/v2\/comments?post=382211"}],"version-history":[{"count":0,"href":"https:\/\/www.europesays.com\/fr\/wp-json\/wp\/v2\/posts\/382211\/revisions"}],"wp:featuredmedia":[{"embeddable":true,"href":"https:\/\/www.europesays.com\/fr\/wp-json\/wp\/v2\/media\/382212"}],"wp:attachment":[{"href":"https:\/\/www.europesays.com\/fr\/wp-json\/wp\/v2\/media?parent=382211"}],"wp:term":[{"taxonomy":"category","embeddable":true,"href":"https:\/\/www.europesays.com\/fr\/wp-json\/wp\/v2\/categories?post=382211"},{"taxonomy":"post_tag","embeddable":true,"href":"https:\/\/www.europesays.com\/fr\/wp-json\/wp\/v2\/tags?post=382211"}],"curies":[{"name":"wp","href":"https:\/\/api.w.org\/{rel}","templated":true}]}}