{"id":382213,"date":"2025-09-11T07:36:13","date_gmt":"2025-09-11T07:36:13","guid":{"rendered":"https:\/\/www.europesays.com\/fr\/382213\/"},"modified":"2025-09-11T07:36:13","modified_gmt":"2025-09-11T07:36:13","slug":"solitaire-du-figaro-le-rouennais-alexis-loison-remporte-la-premiere-etape","status":"publish","type":"post","link":"https:\/\/www.europesays.com\/fr\/382213\/","title":{"rendered":"Solitaire du Figaro\u00a0: le Rouennais Alexis Loison remporte la premi\u00e8re \u00e9tape"},"content":{"rendered":"<p>C&rsquo;est donc lui le vainqueur de la premi\u00e8re \u00e9tape de la Solitaire du Figaro pour la 56\u00e8me \u00e9dition de la course\u00a0: Alexis Loison, le skippeur rouennais est le premier \u00e0 \u00eatre arriv\u00e9 au port de Roscoff, dans la baie de Morlaix. <\/p>\n<p>Il a fait un peu plus de 600 milles en <strong>trois jours, 18h, 55 minutes et 26 jours<\/strong> pour faire Rouen-Morlaix\u00a0: <strong>Alexis Loison a remport\u00e9 ce jeudi 11 septembre la premi\u00e8re \u00e9tape de la Solitaire<\/strong> du Figaro. Cette premi\u00e8re \u00e9tape avec une arriv\u00e9e dans la baie de Morlaix, au port de Roscoff, a \u00e9t\u00e9 marqu\u00e9e par une m\u00e9t\u00e9o chamboul\u00e9e, dans la Manche. Le trac\u00e9 a m\u00eame \u00e9t\u00e9 modifi\u00e9 samedi 6 septembre, \u00e0 la derni\u00e8re minute en raison d&rsquo;une\u00a0temp\u00eate pr\u00e9vue dans la zone avec des vagues de 5 m\u00e8tres. Les 34 concurrents de la 56\u00e8me \u00e9dition de la Solitaire du Figaro devaient initialement aller enrouler le c\u00e9l\u00e8bre rocher du Fastnet en Irlande. Ils restent finalement dans la Manche.<\/p>\n<p>Le deuxi\u00e8me \u00e0 remporter l&rsquo;\u00e9tape, c&rsquo;est Hugo Dhallenne, sur Macif 2025, en trois jours, 19 heures, 10 minutes, 58 secondes. La Bretonne Charlotte Yven termine troisi\u00e8me sur le podium, en 3 jours, 19 heures, 16 minutes et 37 secondes.\u00a0<strong>Les navigateurs ont encore deux \u00e9tapes \u00e0 parcourir<\/strong> jusqu&rsquo;au 25 septembre avec notamment des passages dans le golfe de Gascogne, le long des c\u00f4tes espagnoles et un retour en Normandie. Le vainqueur de l&rsquo;\u00e9dition 2024, l&rsquo;Irlandais Tom Dolan, remet son titre en jeu cette ann\u00e9e.<\/p>\n<p>\u00c0 lire aussi   <img decoding=\"async\" src=\"https:\/\/www.europesays.com\/fr\/wp-content\/uploads\/2025\/09\/1757576173_401_560x315\" alt=\"D\u00e9part de la Solitaire du Figaro.\" style=\"--_image-preview:url('data:image\/jpeg;base64,\/9j\/2wBDACgcHiMeGSgjISMtKygwPGRBPDc3PHtYXUlkkYCZlo+AjIqgtObDoKrarYqMyP\/L2u71\/\/\/\/m8H\/\/\/\/6\/+b9\/\/j\/2wBDASstLTw1PHZBQXb4pYyl+Pj4+Pj4+Pj4+Pj4+Pj4+Pj4+Pj4+Pj4+Pj4+Pj4+Pj4+Pj4+Pj4+Pj4+Pj4+Pj4+Pj\/wAARCAAXACoDASIAAhEBAxEB\/8QAGAAAAwEBAAAAAAAAAAAAAAAAAAECAwT\/xAAWEAEBAQAAAAAAAAAAAAAAAAAAARH\/xAAWAQEBAQAAAAAAAAAAAAAAAAAAAQL\/xAAUEQEAAAAAAAAAAAAAAAAAAAAA\/9oADAMBAAIRAxEAPwDvtLU2p1pF6es9OUGkp6zlVqDOkAikcABUMAH\/2Q==');\" loading=\"lazy\" fetchpriority=\"low\" aria-hidden=\"true\" class=\"svelte-1pnmlwx rounded\" onload=\"this.__e=event\" onerror=\"this.__e=event\"\/><\/p>\n","protected":false},"excerpt":{"rendered":"C&rsquo;est donc lui le vainqueur de la premi\u00e8re \u00e9tape de la Solitaire du Figaro pour la 56\u00e8me \u00e9dition&hellip;\n","protected":false},"author":2,"featured_media":382214,"comment_status":"","ping_status":"","sticky":false,"template":"","format":"standard","meta":{"footnotes":""},"categories":[9587],"tags":[1111,11,1777,674,1011,27,12,5161,25,9590],"class_list":{"0":"post-382213","1":"post","2":"type-post","3":"status-publish","4":"format-standard","5":"has-post-thumbnail","7":"category-rouen","8":"tag-actu","9":"tag-actualites","10":"tag-eu","11":"tag-europe","12":"tag-fr","13":"tag-france","14":"tag-news","15":"tag-normandie","16":"tag-republique-francaise","17":"tag-rouen"},"share_on_mastodon":{"url":"https:\/\/pubeurope.com\/@fr\/115184519382544288","error":""},"_links":{"self":[{"href":"https:\/\/www.europesays.com\/fr\/wp-json\/wp\/v2\/posts\/382213","targetHints":{"allow":["GET"]}}],"collection":[{"href":"https:\/\/www.europesays.com\/fr\/wp-json\/wp\/v2\/posts"}],"about":[{"href":"https:\/\/www.europesays.com\/fr\/wp-json\/wp\/v2\/types\/post"}],"author":[{"embeddable":true,"href":"https:\/\/www.europesays.com\/fr\/wp-json\/wp\/v2\/users\/2"}],"replies":[{"embeddable":true,"href":"https:\/\/www.europesays.com\/fr\/wp-json\/wp\/v2\/comments?post=382213"}],"version-history":[{"count":0,"href":"https:\/\/www.europesays.com\/fr\/wp-json\/wp\/v2\/posts\/382213\/revisions"}],"wp:featuredmedia":[{"embeddable":true,"href":"https:\/\/www.europesays.com\/fr\/wp-json\/wp\/v2\/media\/382214"}],"wp:attachment":[{"href":"https:\/\/www.europesays.com\/fr\/wp-json\/wp\/v2\/media?parent=382213"}],"wp:term":[{"taxonomy":"category","embeddable":true,"href":"https:\/\/www.europesays.com\/fr\/wp-json\/wp\/v2\/categories?post=382213"},{"taxonomy":"post_tag","embeddable":true,"href":"https:\/\/www.europesays.com\/fr\/wp-json\/wp\/v2\/tags?post=382213"}],"curies":[{"name":"wp","href":"https:\/\/api.w.org\/{rel}","templated":true}]}}