{"id":382215,"date":"2025-09-11T07:37:14","date_gmt":"2025-09-11T07:37:14","guid":{"rendered":"https:\/\/www.europesays.com\/fr\/382215\/"},"modified":"2025-09-11T07:37:14","modified_gmt":"2025-09-11T07:37:14","slug":"quelles-suites-en-normandie-apres-les-mobilisations-du-mercredi-10-septembre","status":"publish","type":"post","link":"https:\/\/www.europesays.com\/fr\/382215\/","title":{"rendered":"quelles suites en Normandie apr\u00e8s les mobilisations du mercredi 10 septembre ?"},"content":{"rendered":"<p class=\"article__intro\">Mercredi 10 septembre 2025, des blocages ont perturb\u00e9 la circulation dans plusieurs villes de Normandie et des cort\u00e8ges ont rassembl\u00e9 plusieurs milliers de manifestants. Mais est-ce que le mouvement va s&rsquo;inscrire dans la dur\u00e9e ? \u00c0 quoi s&rsquo;attendre dans les prochains jours ? Les semaines \u00e0 venir ?<\/p>\n<p>\n      L\u2019actu des r\u00e9gions\n    <\/p>\n<p>\n      Chaque jour, un tour d\u2019horizon des principales infos de toutes les r\u00e9gions.\n    <\/p>\n<p>    France T\u00e9l\u00e9visions utilise votre adresse e-mail afin de vous envoyer la newsletter \u00ab\u00a0L\u2019actu des r\u00e9gions\u00a0\u00bb. Vous pouvez vous d\u00e9sinscrire \u00e0 tout moment via le lien en bas de cette newsletter. <a target=\"_blank\" href=\"https:\/\/www.francetelevisions.fr\/groupe\/confidentialite\/politique-de-confidentialite\/politique-de-confidentialite-de-france-televisions-6503\" rel=\"nofollow noopener\">Notre politique de confidentialit\u00e9<\/a><\/p>\n<p>\u00ab\u00a0C&rsquo;est pas le 10 l&rsquo;action, c&rsquo;est \u00e0 partir du 10 !\u00a0\u00bb, nous dit un ancien gilet jaune sur un point de blocage de l&rsquo;agglom\u00e9ration caennaise. Beaucoup veulent croire \u00e0 un mouvement qui s&rsquo;inscrit dans la dur\u00e9e. Mais quelles suites vont \u00eatre donn\u00e9es \u00e0 ce mouvement ?\u00a0<\/p>\n<p>Les manifestants se sont r\u00e9unis en assembl\u00e9e g\u00e9n\u00e9rale dans plusieurs villes de Normandie pour d\u00e9cider des suites du mouvement.\u00a0Voici les informations que nous avons pu recueillir.<\/p>\n<p>\u00c0 Rouen, il a \u00e9t\u00e9 d\u00e9cid\u00e9 lors d&rsquo;une agora \u00e0 l&rsquo;h\u00f4tel de Ville de Rouen, mercredi 10 septembre 2025, qu&rsquo;il y aurait des assembl\u00e9es g\u00e9n\u00e9rales tous les jours \u00e0 18h30 \u00e0 la place des Emmur\u00e9es, rive gauche, jusqu&rsquo;au jeudi 18 septembre, nouveau jour de gr\u00e8ve.<\/p>\n<p>Pour rappel, l\u2019intersyndicale (UNSA, CFDT, CGT, FO, CGC, CFTC, Solidaires, FSU) appelle \u00e0 une journ\u00e9e nationale de gr\u00e8ve et de manifestations le 18 Septembre 2025. \u00ab\u00a0Les mesures pr\u00e9sent\u00e9es pour le budget sont inacceptables et d\u2019une brutalit\u00e9 sans pr\u00e9c\u00e9dent\u00a0\u00bb, \u00e9crivent-ils dans leur communiqu\u00e9.<\/p>\n<p>Des \u00e9ventuels reblocages du rond-point des vaches ou d&rsquo;autres axes de circulation sont \u00e0 pr\u00e9voir dans l&rsquo;agglom\u00e9ration rouennaise. Mais nous n&rsquo;avons pas d&rsquo;informations pr\u00e9cises \u00e0 ce sujet.<\/p>\n<p>Au Havre, une nouvelle mobilisation citoyenne pourrait s&rsquo;organiser d\u00e8s ce jeudi 11 septembre \u00e0 l\u2019occasion des portes ouvertes de l\u2019universit\u00e9 du Havre. Des op\u00e9rations de tractage sont \u00e9galement pr\u00e9vues \u00e0 Harfleur, \u00e0 partir du d\u00e9but de semaine prochaine.<\/p>\n<p>Du c\u00f4t\u00e9 de Caen, des manifestants crois\u00e9s dans le cort\u00e8ge de 18 heures, mercredi 10 septembre, ont fait eux aussi part de leur volont\u00e9 de continuer.<\/p>\n<p>\u00ab\u00a0Cette journ\u00e9e c&rsquo;est pour nous un tremplin vers une mobilisation de plus longue dur\u00e9e parce qu&rsquo;il faudra de nombreux jours de gr\u00e8ve pour pouvoir changer de politique dans ce pays. On ne veut pas en rester l\u00e0, on a d\u00e9j\u00e0 une date annonc\u00e9e le 18 septembre \u00e0 l&rsquo;appel de toutes les organisations syndicales de ce pays, indique Allan Bertu, secr\u00e9taire g\u00e9n\u00e9rale de la CGT du Calvados. On appelle \u00e9galement aux AG de salari\u00e9s dans les entreprises pour pouvoir construire une mobilisation qui va \u00eatre un processus dans la dur\u00e9e, y compris par la gr\u00e8ve reconductible, parce qu&rsquo;il faudra en arriver l\u00e0 pour faire comprendre au pr\u00e9sident de la R\u00e9publique que sa politique on n&rsquo;en veut pas.\u00a0\u00bb<\/p>\n<p>Plus d&rsquo;informations \u00e0 venir sur France 3 Normandie.<\/p>\n","protected":false},"excerpt":{"rendered":"Mercredi 10 septembre 2025, des blocages ont perturb\u00e9 la circulation dans plusieurs villes de Normandie et des cort\u00e8ges&hellip;\n","protected":false},"author":2,"featured_media":382216,"comment_status":"","ping_status":"","sticky":false,"template":"","format":"standard","meta":{"footnotes":""},"categories":[9587],"tags":[1111,11,1777,674,1011,27,12,5161,25,9590],"class_list":{"0":"post-382215","1":"post","2":"type-post","3":"status-publish","4":"format-standard","5":"has-post-thumbnail","7":"category-rouen","8":"tag-actu","9":"tag-actualites","10":"tag-eu","11":"tag-europe","12":"tag-fr","13":"tag-france","14":"tag-news","15":"tag-normandie","16":"tag-republique-francaise","17":"tag-rouen"},"share_on_mastodon":{"url":"https:\/\/pubeurope.com\/@fr\/115184523206133744","error":""},"_links":{"self":[{"href":"https:\/\/www.europesays.com\/fr\/wp-json\/wp\/v2\/posts\/382215","targetHints":{"allow":["GET"]}}],"collection":[{"href":"https:\/\/www.europesays.com\/fr\/wp-json\/wp\/v2\/posts"}],"about":[{"href":"https:\/\/www.europesays.com\/fr\/wp-json\/wp\/v2\/types\/post"}],"author":[{"embeddable":true,"href":"https:\/\/www.europesays.com\/fr\/wp-json\/wp\/v2\/users\/2"}],"replies":[{"embeddable":true,"href":"https:\/\/www.europesays.com\/fr\/wp-json\/wp\/v2\/comments?post=382215"}],"version-history":[{"count":0,"href":"https:\/\/www.europesays.com\/fr\/wp-json\/wp\/v2\/posts\/382215\/revisions"}],"wp:featuredmedia":[{"embeddable":true,"href":"https:\/\/www.europesays.com\/fr\/wp-json\/wp\/v2\/media\/382216"}],"wp:attachment":[{"href":"https:\/\/www.europesays.com\/fr\/wp-json\/wp\/v2\/media?parent=382215"}],"wp:term":[{"taxonomy":"category","embeddable":true,"href":"https:\/\/www.europesays.com\/fr\/wp-json\/wp\/v2\/categories?post=382215"},{"taxonomy":"post_tag","embeddable":true,"href":"https:\/\/www.europesays.com\/fr\/wp-json\/wp\/v2\/tags?post=382215"}],"curies":[{"name":"wp","href":"https:\/\/api.w.org\/{rel}","templated":true}]}}