{"id":382217,"date":"2025-09-11T07:38:10","date_gmt":"2025-09-11T07:38:10","guid":{"rendered":"https:\/\/www.europesays.com\/fr\/382217\/"},"modified":"2025-09-11T07:38:10","modified_gmt":"2025-09-11T07:38:10","slug":"mettre-en-image-le-vrai-le-beau-vous-avec-simone-photographe","status":"publish","type":"post","link":"https:\/\/www.europesays.com\/fr\/382217\/","title":{"rendered":"Mettre en image \u00ab le vrai, le beau, vous \u00bb avec Simone, photographe"},"content":{"rendered":"<p>M\u00eame si aujourd\u2019hui la photo est l\u2019activit\u00e9 principale de M\u00e9lissa, elle vient d\u2019un tout autre monde. Infirmi\u00e8re de formation et de m\u00e9tier, elle d\u00e9cide de se lancer professionnellement dans le monde de l\u2019image en arrivant \u00e0 Grenoble.<\/p>\n<p>Au d\u00e9but, entre elle et la photo, c\u2019\u00e9tait une question de passion. \u00c0 l\u2019arriv\u00e9e au monde de ses enfants, elle est soudain prise d\u2019une envie fulgurante d\u2019immortaliser leurs moindres faits et gestes, de recueillir, sublimer, collecter des brins d\u2019instants, des morceaux de vie avant qu\u2019ils ne glissent dans le monde des souvenirs. Elle se met \u00e0 documenter son quotidien familial, avec exaltation.<\/p>\n<p>Bient\u00f4t, elle devient cette \u201ccopine photographe\u201d \u00e0 qui on donne notre enti\u00e8re confiance pour immortaliser de beaux moments \u00e0 travers son bo\u00eetier. Elle est l\u00e0 pour les gens qui ont besoin d\u2019elle, comme elle l\u2019est \u00e0 l\u2019h\u00f4pital (o\u00f9 elle travaille toujours cinq jours par mois) pour ses patients.<\/p>\n<p>Si aujourd\u2019hui son exercice de la photo a chang\u00e9 (elle en vie, d\u00e9sormais), sa relation aux autres, elle, reste la m\u00eame.\u00a0<\/p>\n","protected":false},"excerpt":{"rendered":"M\u00eame si aujourd\u2019hui la photo est l\u2019activit\u00e9 principale de M\u00e9lissa, elle vient d\u2019un tout autre monde. Infirmi\u00e8re de&hellip;\n","protected":false},"author":2,"featured_media":382218,"comment_status":"","ping_status":"","sticky":false,"template":"","format":"standard","meta":{"footnotes":""},"categories":[9566],"tags":[1111,11,2430,1777,674,1011,27,2731,12,25],"class_list":{"0":"post-382217","1":"post","2":"type-post","3":"status-publish","4":"format-standard","5":"has-post-thumbnail","7":"category-grenoble","8":"tag-actu","9":"tag-actualites","10":"tag-auvergne-rhone-alpes","11":"tag-eu","12":"tag-europe","13":"tag-fr","14":"tag-france","15":"tag-grenoble","16":"tag-news","17":"tag-republique-francaise"},"share_on_mastodon":{"url":"https:\/\/pubeurope.com\/@fr\/115184527384392959","error":""},"_links":{"self":[{"href":"https:\/\/www.europesays.com\/fr\/wp-json\/wp\/v2\/posts\/382217","targetHints":{"allow":["GET"]}}],"collection":[{"href":"https:\/\/www.europesays.com\/fr\/wp-json\/wp\/v2\/posts"}],"about":[{"href":"https:\/\/www.europesays.com\/fr\/wp-json\/wp\/v2\/types\/post"}],"author":[{"embeddable":true,"href":"https:\/\/www.europesays.com\/fr\/wp-json\/wp\/v2\/users\/2"}],"replies":[{"embeddable":true,"href":"https:\/\/www.europesays.com\/fr\/wp-json\/wp\/v2\/comments?post=382217"}],"version-history":[{"count":0,"href":"https:\/\/www.europesays.com\/fr\/wp-json\/wp\/v2\/posts\/382217\/revisions"}],"wp:featuredmedia":[{"embeddable":true,"href":"https:\/\/www.europesays.com\/fr\/wp-json\/wp\/v2\/media\/382218"}],"wp:attachment":[{"href":"https:\/\/www.europesays.com\/fr\/wp-json\/wp\/v2\/media?parent=382217"}],"wp:term":[{"taxonomy":"category","embeddable":true,"href":"https:\/\/www.europesays.com\/fr\/wp-json\/wp\/v2\/categories?post=382217"},{"taxonomy":"post_tag","embeddable":true,"href":"https:\/\/www.europesays.com\/fr\/wp-json\/wp\/v2\/tags?post=382217"}],"curies":[{"name":"wp","href":"https:\/\/api.w.org\/{rel}","templated":true}]}}