{"id":382219,"date":"2025-09-11T07:39:15","date_gmt":"2025-09-11T07:39:15","guid":{"rendered":"https:\/\/www.europesays.com\/fr\/382219\/"},"modified":"2025-09-11T07:39:15","modified_gmt":"2025-09-11T07:39:15","slug":"en-direct-bloquons-tout-en-isere-deuxieme-journee-de-blocages-la-circulation-peu-perturbee-par-les-manifestations","status":"publish","type":"post","link":"https:\/\/www.europesays.com\/fr\/382219\/","title":{"rendered":"En direct \u00ab\u00a0Bloquons tout\u00a0\u00bb en Is\u00e8re. Deuxi\u00e8me journ\u00e9e de blocages :\u00a0la circulation\u00a0peu perturb\u00e9e par les manifestations"},"content":{"rendered":"<p>Hier, mercredi 10 septembre, le mouvement \u00ab\u00a0Bloquons tout\u00a0\u00bb, n\u00e9 au cours de l&rsquo;\u00e9t\u00e9 sur les r\u00e9seaux sociaux, <a href=\"https:\/\/www.ledauphine.com\/social\/2025\/09\/08\/isere-mouvement-du-10-septembre-suivez-la-journee-en-direct\" target=\"_blank\" rel=\"noopener\">a \u00e9t\u00e9 fortement suivi en Is\u00e8re<\/a>.<\/p>\n<p>\u00a0Apr\u00e8s de multiples blocages aux entr\u00e9es de Grenoble et dans <a href=\"https:\/\/www.ledauphine.com\/social\/2025\/09\/10\/isere-nord-isere-tout-augmente-sauf-nos-salaires-le-mouvement-du-10-septembre-une-lutte-pour-le-pouvoir-d-achat\" target=\"_blank\" rel=\"noopener\">le nord du d\u00e9partement,<\/a> notamment \u00e0 L&rsquo;Isle-d&rsquo;Abeau ou encore Saint-Quentin-Fallavier, une foule monstre a manifest\u00e9 en fin d&rsquo;apr\u00e8s-midi dans le centre-ville de Grenoble. 30 000 personnes ont pris part au d\u00e9fil\u00e9, selon les organisateurs, 11 000 selon les forces de l&rsquo;ordre.\u00a0<\/p>\n<p><a href=\"https:\/\/www.ledauphine.com\/social\/2025\/09\/10\/mouvement-bloquons-tout-quand-tu-vois-comment-les-gens-galerent-tu-te-dis-que-ca-vaut-le-coup-de-se-battre\" target=\"_blank\" rel=\"noopener\">Tous\u00a0se sont ainsi mobilis\u00e9s pour exprimer leur ras-le-bol<\/a> : pouvoir d&rsquo;achat, injustice sociale, d\u00e9mocratie en panne \u00e9taient notamment au coeur des revendications.\u00a0<\/p>\n<p>R\u00e9unis en assembl\u00e9e g\u00e9n\u00e9rale \u00e0 l&rsquo;anneau de vitesse, les manifestants ont pr\u00e9vu de poursuivre la mobilisation ce jeudi 11 septembre.\u00a0<\/p>\n","protected":false},"excerpt":{"rendered":"Hier, mercredi 10 septembre, le mouvement \u00ab\u00a0Bloquons tout\u00a0\u00bb, n\u00e9 au cours de l&rsquo;\u00e9t\u00e9 sur les r\u00e9seaux sociaux, a&hellip;\n","protected":false},"author":2,"featured_media":382220,"comment_status":"","ping_status":"","sticky":false,"template":"","format":"standard","meta":{"footnotes":""},"categories":[9566],"tags":[1111,11,2430,12919,9671,33,115,112,113,116,111,114,1777,674,107,1011,27,2731,108,15281,12,316,25,801,104,1584,7831],"class_list":{"0":"post-382219","1":"post","2":"type-post","3":"status-publish","4":"format-standard","5":"has-post-thumbnail","7":"category-grenoble","8":"tag-actu","9":"tag-actualites","10":"tag-auvergne-rhone-alpes","11":"tag-bourgoin-jallieu","12":"tag-conflit-social","13":"tag-economie","14":"tag-edition-bourgoin-jallieu-nord-dauphine","15":"tag-edition-grenoble-agglomeration","16":"tag-edition-gresivaudan-oisans","17":"tag-edition-la-tour-du-pin-nord-dauphine","18":"tag-edition-vienne-roussillon","19":"tag-edition-voiron-saint-marcellin","20":"tag-eu","21":"tag-europe","22":"tag-fil-info","23":"tag-fr","24":"tag-france","25":"tag-grenoble","26":"tag-isere","27":"tag-la-tour-du-pin","28":"tag-news","29":"tag-politique","30":"tag-republique-francaise","31":"tag-social","32":"tag-societe","33":"tag-vienne","34":"tag-voiron"},"share_on_mastodon":{"url":"","error":"Validation failed: Text character limit of 500 exceeded"},"_links":{"self":[{"href":"https:\/\/www.europesays.com\/fr\/wp-json\/wp\/v2\/posts\/382219","targetHints":{"allow":["GET"]}}],"collection":[{"href":"https:\/\/www.europesays.com\/fr\/wp-json\/wp\/v2\/posts"}],"about":[{"href":"https:\/\/www.europesays.com\/fr\/wp-json\/wp\/v2\/types\/post"}],"author":[{"embeddable":true,"href":"https:\/\/www.europesays.com\/fr\/wp-json\/wp\/v2\/users\/2"}],"replies":[{"embeddable":true,"href":"https:\/\/www.europesays.com\/fr\/wp-json\/wp\/v2\/comments?post=382219"}],"version-history":[{"count":0,"href":"https:\/\/www.europesays.com\/fr\/wp-json\/wp\/v2\/posts\/382219\/revisions"}],"wp:featuredmedia":[{"embeddable":true,"href":"https:\/\/www.europesays.com\/fr\/wp-json\/wp\/v2\/media\/382220"}],"wp:attachment":[{"href":"https:\/\/www.europesays.com\/fr\/wp-json\/wp\/v2\/media?parent=382219"}],"wp:term":[{"taxonomy":"category","embeddable":true,"href":"https:\/\/www.europesays.com\/fr\/wp-json\/wp\/v2\/categories?post=382219"},{"taxonomy":"post_tag","embeddable":true,"href":"https:\/\/www.europesays.com\/fr\/wp-json\/wp\/v2\/tags?post=382219"}],"curies":[{"name":"wp","href":"https:\/\/api.w.org\/{rel}","templated":true}]}}