{"id":382221,"date":"2025-09-11T07:40:15","date_gmt":"2025-09-11T07:40:15","guid":{"rendered":"https:\/\/www.europesays.com\/fr\/382221\/"},"modified":"2025-09-11T07:40:15","modified_gmt":"2025-09-11T07:40:15","slug":"pace-une-exposition-en-danse-et-en-musique-a-la-maison-des-jeunes-et-de-la-culture-mjc","status":"publish","type":"post","link":"https:\/\/www.europesays.com\/fr\/382221\/","title":{"rendered":"Pac\u00e9. Une exposition en danse et en musique \u00e0 la maison des jeunes et de la culture (MJC)"},"content":{"rendered":"<p>Armando Pekeno, danseur chor\u00e9graphe, ferrailleur cr\u00e9atif, capoeiriste, et Artur Soares, musicien, capoeiriste, plasticien, linographie exposent, d\u00e8s lundi, leur \u0153uvre \u00e0 la maison des jeunes et de la culture (MJC). Au cours de l\u2019exposition, les artistes ont pr\u00e9vu de la danse, et de la musique.<\/p>\n<p>Ces deux\u00a0amis travaillent en liant le pass\u00e9 et le futur, pour fortifier leur \u00ab\u00a0<strong>vision proph\u00e9tique\u00a0\u00bb, <\/strong>qu\u2019ils\u00a0trouvent dans l\u2019origine et dans l\u2019influence de la nature. Avec leurs \u0153uvres, sculptures, linographies, et objets divers, ils illuminent<strong> \u00ab\u00a0la r\u00e9sistance\u00a0\u00bb.<\/strong> Pour eux, \u00ab\u00a0<strong>la pens\u00e9e artistique ne se confine pas \u00e0 un m\u00e9dium mais s\u2019infuse de diff\u00e9rentes mani\u00e8res pour rendre l\u2019exp\u00e9rience compl\u00e8te.<\/strong>\u00a0\u00bb<\/p>\n<p><strong class=\"date\">Lundi\u00a015\u00a0au mercredi 24\u00a0septembre,<\/strong> de 9\u00a0h \u00e0 18\u00a0h. Exposition gratuite, dans la Galerie de la MJC, 4\u00a0av. Charles le Goffic, Pac\u00e9.<\/p>\n<p>\u00a0<\/p>\n","protected":false},"excerpt":{"rendered":"Armando Pekeno, danseur chor\u00e9graphe, ferrailleur cr\u00e9atif, capoeiriste, et Artur Soares, musicien, capoeiriste, plasticien, linographie exposent, d\u00e8s lundi, leur&hellip;\n","protected":false},"author":2,"featured_media":382222,"comment_status":"","ping_status":"","sticky":false,"template":"","format":"standard","meta":{"footnotes":""},"categories":[2821],"tags":[1111,11,829,251,5972,1777,674,3293,1011,27,4074,2142,27116,873,12,9569,3086,584,25],"class_list":{"0":"post-382221","1":"post","2":"type-post","3":"status-publish","4":"format-standard","5":"has-post-thumbnail","7":"category-rennes","8":"tag-actu","9":"tag-actualites","10":"tag-bretagne","11":"tag-culture","12":"tag-danse","13":"tag-eu","14":"tag-europe","15":"tag-exposition","16":"tag-fr","17":"tag-france","18":"tag-jeunes","19":"tag-maison","20":"tag-mjc","21":"tag-musique","22":"tag-news","23":"tag-pace","24":"tag-redon","25":"tag-rennes","26":"tag-republique-francaise"},"share_on_mastodon":{"url":"https:\/\/pubeurope.com\/@fr\/115184535179916130","error":""},"_links":{"self":[{"href":"https:\/\/www.europesays.com\/fr\/wp-json\/wp\/v2\/posts\/382221","targetHints":{"allow":["GET"]}}],"collection":[{"href":"https:\/\/www.europesays.com\/fr\/wp-json\/wp\/v2\/posts"}],"about":[{"href":"https:\/\/www.europesays.com\/fr\/wp-json\/wp\/v2\/types\/post"}],"author":[{"embeddable":true,"href":"https:\/\/www.europesays.com\/fr\/wp-json\/wp\/v2\/users\/2"}],"replies":[{"embeddable":true,"href":"https:\/\/www.europesays.com\/fr\/wp-json\/wp\/v2\/comments?post=382221"}],"version-history":[{"count":0,"href":"https:\/\/www.europesays.com\/fr\/wp-json\/wp\/v2\/posts\/382221\/revisions"}],"wp:featuredmedia":[{"embeddable":true,"href":"https:\/\/www.europesays.com\/fr\/wp-json\/wp\/v2\/media\/382222"}],"wp:attachment":[{"href":"https:\/\/www.europesays.com\/fr\/wp-json\/wp\/v2\/media?parent=382221"}],"wp:term":[{"taxonomy":"category","embeddable":true,"href":"https:\/\/www.europesays.com\/fr\/wp-json\/wp\/v2\/categories?post=382221"},{"taxonomy":"post_tag","embeddable":true,"href":"https:\/\/www.europesays.com\/fr\/wp-json\/wp\/v2\/tags?post=382221"}],"curies":[{"name":"wp","href":"https:\/\/api.w.org\/{rel}","templated":true}]}}