{"id":382225,"date":"2025-09-11T07:42:14","date_gmt":"2025-09-11T07:42:14","guid":{"rendered":"https:\/\/www.europesays.com\/fr\/382225\/"},"modified":"2025-09-11T07:42:14","modified_gmt":"2025-09-11T07:42:14","slug":"pour-sa-premiere-boutique-en-france-cinnamood-specialiste-des-cinnamon-rolls-revisites-choisit-strasbourg","status":"publish","type":"post","link":"https:\/\/www.europesays.com\/fr\/382225\/","title":{"rendered":"Pour sa premi\u00e8re boutique en France, Cinnamood, sp\u00e9cialiste des cinnamon rolls revisit\u00e9s, choisit Strasbourg"},"content":{"rendered":"<p>            Par<br \/>\n        <strong><br \/>\n            <a href=\"https:\/\/actu.fr\/auteur\/ivan-capecchi\" title=\"Consulter tous les articles de Ivan CAPECCHI\" rel=\"nofollow noopener\" target=\"_blank\">Ivan CAPECCHI<\/a><br \/>\n        <\/strong><\/p>\n<p>        Publi\u00e9 le<\/p>\n<p>            11 sept. 2025 \u00e0 9h17        <\/p>\n<p>Samedi 27 septembre 2025, l\u2019enseigne <strong>Cinnamood<\/strong> inaugure une <strong>boutique place Kl\u00e9ber<\/strong>, en plein c\u0153ur de Strasbourg. \u00ab\u00a0Le jour de l\u2019inauguration, l\u2019\u00e9v\u00e9nement sera rythm\u00e9 par un <strong>DJ set<\/strong>, des <strong>boissons offertes<\/strong>, et un <strong>Classic Roll offert pour chaque achat aux 100 premiers clients<\/strong>\u00ab\u00a0, indique la marque, contact\u00e9e par Actu Strasbourg.<\/p>\n<p>Sp\u00e9cialiste des cinnamon rolls revisit\u00e9s<\/p>\n<p class=\" wall-content\">Cr\u00e9\u00e9e en 2022 \u00e0 Cologne, la marque s\u2019est sp\u00e9cialis\u00e9e dans les <strong>cinnamon rolls revisit\u00e9s<\/strong>. Sur place, les clients trouveront <strong>17 d\u00e9clinaisons diff\u00e9rentes<\/strong>, avec ou sans cannelle, garnies de <strong>cr\u00e8mes<\/strong> et <strong>toppings maison<\/strong>.<\/p>\n<p class=\" wall-content\">L\u2019offre est compl\u00e9t\u00e9e par des <strong>caf\u00e9s<\/strong> et des <strong>boissons<\/strong>.<\/p>\n<p>Strasbourg, premi\u00e8re adresse fran\u00e7aise de Cinnamood\u00a0<\/p>\n<p class=\" wall-content\">D\u00e9j\u00e0 implant\u00e9e en <a href=\"https:\/\/actu.fr\/tag\/allemagne\" rel=\"nofollow noopener\" target=\"_blank\">Allemagne<\/a>, en Autriche, en Suisse, aux Pays-Bas et en R\u00e9publique tch\u00e8que, Cinnamood compte<strong> plus de 45 boutiques<\/strong>.<\/p>\n<p class=\" wall-content\">Strasbourg sera sa premi\u00e8re adresse fran\u00e7aise.<\/p>\n<p class=\" wall-content\">*Initialement, un cinnamon roll est une petite brioche roul\u00e9e et moelleuse, garnie de sucre et de cannelle, g\u00e9n\u00e9ralement napp\u00e9e d\u2019un gla\u00e7age sucr\u00e9.<\/p>\n<p class=\" wall-content\">Personnalisez votre actualit\u00e9 en ajoutant vos villes et m\u00e9dias en favori avec <a href=\"https:\/\/moncompte.actu.fr\" title=\"D\u00e9couvez Mon Actu\" rel=\"nofollow noopener\" data-trk=\"{&quot;cta&quot;:{&quot;action&quot;:&quot;https:\\\/\\\/moncompte.actu.fr&quot;,&quot;category&quot;:&quot;mon compte&quot;,&quot;from&quot;:&quot;article footer&quot;,&quot;name&quot;:&quot;Mon actu&quot;,&quot;type&quot;:&quot;cta&quot;}}\" target=\"_blank\">Mon Actu<\/a>.<\/p>\n","protected":false},"excerpt":{"rendered":"Par Ivan CAPECCHI Publi\u00e9 le 11 sept. 2025 \u00e0 9h17 Samedi 27 septembre 2025, l\u2019enseigne Cinnamood inaugure une&hellip;\n","protected":false},"author":2,"featured_media":382226,"comment_status":"","ping_status":"","sticky":false,"template":"","format":"standard","meta":{"footnotes":""},"categories":[2820],"tags":[1111,11,1777,674,1011,27,775,12,25,104,640],"class_list":{"0":"post-382225","1":"post","2":"type-post","3":"status-publish","4":"format-standard","5":"has-post-thumbnail","7":"category-strasbourg","8":"tag-actu","9":"tag-actualites","10":"tag-eu","11":"tag-europe","12":"tag-fr","13":"tag-france","14":"tag-grand-est","15":"tag-news","16":"tag-republique-francaise","17":"tag-societe","18":"tag-strasbourg"},"share_on_mastodon":{"url":"https:\/\/pubeurope.com\/@fr\/115184542948372938","error":""},"_links":{"self":[{"href":"https:\/\/www.europesays.com\/fr\/wp-json\/wp\/v2\/posts\/382225","targetHints":{"allow":["GET"]}}],"collection":[{"href":"https:\/\/www.europesays.com\/fr\/wp-json\/wp\/v2\/posts"}],"about":[{"href":"https:\/\/www.europesays.com\/fr\/wp-json\/wp\/v2\/types\/post"}],"author":[{"embeddable":true,"href":"https:\/\/www.europesays.com\/fr\/wp-json\/wp\/v2\/users\/2"}],"replies":[{"embeddable":true,"href":"https:\/\/www.europesays.com\/fr\/wp-json\/wp\/v2\/comments?post=382225"}],"version-history":[{"count":0,"href":"https:\/\/www.europesays.com\/fr\/wp-json\/wp\/v2\/posts\/382225\/revisions"}],"wp:featuredmedia":[{"embeddable":true,"href":"https:\/\/www.europesays.com\/fr\/wp-json\/wp\/v2\/media\/382226"}],"wp:attachment":[{"href":"https:\/\/www.europesays.com\/fr\/wp-json\/wp\/v2\/media?parent=382225"}],"wp:term":[{"taxonomy":"category","embeddable":true,"href":"https:\/\/www.europesays.com\/fr\/wp-json\/wp\/v2\/categories?post=382225"},{"taxonomy":"post_tag","embeddable":true,"href":"https:\/\/www.europesays.com\/fr\/wp-json\/wp\/v2\/tags?post=382225"}],"curies":[{"name":"wp","href":"https:\/\/api.w.org\/{rel}","templated":true}]}}