{"id":382227,"date":"2025-09-11T07:43:18","date_gmt":"2025-09-11T07:43:18","guid":{"rendered":"https:\/\/www.europesays.com\/fr\/382227\/"},"modified":"2025-09-11T07:43:18","modified_gmt":"2025-09-11T07:43:18","slug":"le-tram-f-a-enfin-circule-sur-la-nouvelle-portion-ouest-du-reseau","status":"publish","type":"post","link":"https:\/\/www.europesays.com\/fr\/382227\/","title":{"rendered":"le tram F a enfin circul\u00e9 sur la nouvelle portion ouest du r\u00e9seau"},"content":{"rendered":"<p>Apr\u00e8s des mois de travaux, les habitants de l&rsquo;ouest de Strasbourg commencent \u00e0 en voir le bout. Le mardi 9 septembre avait lieu la premi\u00e8re mise en circulation du tram F sur la nouvelle portion, \u00e0 hauteur de l&rsquo;arr\u00eat Poteries. L&rsquo;inauguration des rails avait lieu \u00e0 l&rsquo;occasion de la premi\u00e8re phase d&rsquo;essais qui a pour but de s&rsquo;assurer du bon fonctionnement du mat\u00e9riel. Pour la mise en circulation commerciale, il faudra attendre le 15 novembre.<\/p>\n","protected":false},"excerpt":{"rendered":"Apr\u00e8s des mois de travaux, les habitants de l&rsquo;ouest de Strasbourg commencent \u00e0 en voir le bout. Le&hellip;\n","protected":false},"author":2,"featured_media":382228,"comment_status":"","ping_status":"","sticky":false,"template":"","format":"standard","meta":{"footnotes":""},"categories":[2820],"tags":[1111,11,1777,674,1011,27,775,12,25,640],"class_list":{"0":"post-382227","1":"post","2":"type-post","3":"status-publish","4":"format-standard","5":"has-post-thumbnail","7":"category-strasbourg","8":"tag-actu","9":"tag-actualites","10":"tag-eu","11":"tag-europe","12":"tag-fr","13":"tag-france","14":"tag-grand-est","15":"tag-news","16":"tag-republique-francaise","17":"tag-strasbourg"},"share_on_mastodon":{"url":"https:\/\/pubeurope.com\/@fr\/115184546885779849","error":""},"_links":{"self":[{"href":"https:\/\/www.europesays.com\/fr\/wp-json\/wp\/v2\/posts\/382227","targetHints":{"allow":["GET"]}}],"collection":[{"href":"https:\/\/www.europesays.com\/fr\/wp-json\/wp\/v2\/posts"}],"about":[{"href":"https:\/\/www.europesays.com\/fr\/wp-json\/wp\/v2\/types\/post"}],"author":[{"embeddable":true,"href":"https:\/\/www.europesays.com\/fr\/wp-json\/wp\/v2\/users\/2"}],"replies":[{"embeddable":true,"href":"https:\/\/www.europesays.com\/fr\/wp-json\/wp\/v2\/comments?post=382227"}],"version-history":[{"count":0,"href":"https:\/\/www.europesays.com\/fr\/wp-json\/wp\/v2\/posts\/382227\/revisions"}],"wp:featuredmedia":[{"embeddable":true,"href":"https:\/\/www.europesays.com\/fr\/wp-json\/wp\/v2\/media\/382228"}],"wp:attachment":[{"href":"https:\/\/www.europesays.com\/fr\/wp-json\/wp\/v2\/media?parent=382227"}],"wp:term":[{"taxonomy":"category","embeddable":true,"href":"https:\/\/www.europesays.com\/fr\/wp-json\/wp\/v2\/categories?post=382227"},{"taxonomy":"post_tag","embeddable":true,"href":"https:\/\/www.europesays.com\/fr\/wp-json\/wp\/v2\/tags?post=382227"}],"curies":[{"name":"wp","href":"https:\/\/api.w.org\/{rel}","templated":true}]}}