{"id":382229,"date":"2025-09-11T07:44:10","date_gmt":"2025-09-11T07:44:10","guid":{"rendered":"https:\/\/www.europesays.com\/fr\/382229\/"},"modified":"2025-09-11T07:44:10","modified_gmt":"2025-09-11T07:44:10","slug":"ronan-dubois-quitte-la-direction-generale-de-la-fondation-lenval","status":"publish","type":"post","link":"https:\/\/www.europesays.com\/fr\/382229\/","title":{"rendered":"Ronan Dubois quitte la direction g\u00e9n\u00e9rale de la Fondation Lenval"},"content":{"rendered":"<p>                    <img loading=\"lazy\" decoding=\"async\" src=\"https:\/\/www.europesays.com\/fr\/wp-content\/uploads\/2025\/09\/507e90f2d185c991e9b1616a5298c9.jpg\" class=\"img-responsive post-image\" width=\"680\" height=\"510\" alt=\"Ronan Dubois quitte (\u2026)\" title=\"Ronan Dubois quitte la direction g\u00e9n\u00e9rale de la Fondation Lenval\"\/><\/p>\n<p class=\"chapo\">La Fondation Lenval a annonc\u00e9 sur LinkedIn le 10 septembre le d\u00e9part de son Directeur g\u00e9n\u00e9ral, Ronan Dubois, en poste depuis mai 2022. Il quittera ses fonctions le 17 octobre 2025.<\/p>\n<p>Durant plus de deux ans, il s\u2019est engag\u00e9 pour la p\u00e9rennit\u00e9 et la d\u00e9fense du mod\u00e8le sp\u00e9cifique de Lenval, une structure de gestion priv\u00e9e \u00e0 but non lucratif, d\u00e9di\u00e9e \u00e0 la sant\u00e9 des enfants. \u00ab\u00a0Mon engagement, \u00e0 vos c\u00f4t\u00e9s, a constitu\u00e9 un moment fort de mon parcours professionnel et je suis fier d\u2019avoir contribu\u00e9 \u00e0 d\u00e9fendre l\u2019h\u00e9ritage, les valeurs et le mod\u00e8le unique de la Fondation\u00a0\u00bb, a-t-il d\u00e9clar\u00e9.<br class=\"texte\"\/><br \/>\nLa gouvernance de la Fondation a salu\u00e9 son action et confirm\u00e9 la poursuite des projets engag\u00e9s. Depuis sa cr\u00e9ation en 1888, l\u2019institution ni\u00e7oise s\u2019attache \u00e0 soigner, accompagner et prot\u00e9ger les enfants, tout en participant \u00e0 la recherche et \u00e0 l\u2019enseignement.<\/p>\n<p>Le pr\u00e9sident de la Fondation, Me Fran\u00e7ois Dunan, est venu \u00e0 la rencontre du comit\u00e9 de direction pour remercier Ronan Dubois. Il a rappel\u00e9 la d\u00e9termination du Conseil d\u2019administration \u00e0 poursuivre les orientations strat\u00e9giques d\u00e9finies\u00a0: \u00ab\u00a0<strong> Le projet de la Fondation Lenval, travaill\u00e9 en \u00e9troite collaboration avec Ronan Dubois, demeure plus que jamais d\u2019actualit\u00e9. Nous sommes mobilis\u00e9s aux c\u00f4t\u00e9s des \u00e9quipes pour conforter la place de Lenval dans le c\u0153ur et la vie des Azur\u00e9ens \u00e0 travers son mod\u00e8le de sant\u00e9 priv\u00e9 \u00e0 but non lucratif.<\/strong>\u00a0\u00bb<\/p>\n<p>La continuit\u00e9 de la direction est assur\u00e9e avec la gouvernance en place et <strong>C\u00e9line Metge<\/strong>, directrice d\u00e9l\u00e9gu\u00e9e de l\u2019ESPIC, qui accompagnera l\u2019ensemble des directions dans cette transition.<\/p>\n<p>Photo de une \u00a9Fondation Lenval sur linkedIn<\/p>\n","protected":false},"excerpt":{"rendered":"La Fondation Lenval a annonc\u00e9 sur LinkedIn le 10 septembre le d\u00e9part de son Directeur g\u00e9n\u00e9ral, Ronan Dubois,&hellip;\n","protected":false},"author":2,"featured_media":382230,"comment_status":"","ping_status":"","sticky":false,"template":"","format":"standard","meta":{"footnotes":""},"categories":[2819],"tags":[1111,11,2408,1777,674,1011,27,12,2401,882,25],"class_list":{"0":"post-382229","1":"post","2":"type-post","3":"status-publish","4":"format-standard","5":"has-post-thumbnail","7":"category-nice","8":"tag-actu","9":"tag-actualites","10":"tag-appels-d","11":"tag-eu","12":"tag-europe","13":"tag-fr","14":"tag-france","15":"tag-news","16":"tag-nice","17":"tag-provence-alpes-cote-dazur","18":"tag-republique-francaise"},"share_on_mastodon":{"url":"https:\/\/pubeurope.com\/@fr\/115184550889076829","error":""},"_links":{"self":[{"href":"https:\/\/www.europesays.com\/fr\/wp-json\/wp\/v2\/posts\/382229","targetHints":{"allow":["GET"]}}],"collection":[{"href":"https:\/\/www.europesays.com\/fr\/wp-json\/wp\/v2\/posts"}],"about":[{"href":"https:\/\/www.europesays.com\/fr\/wp-json\/wp\/v2\/types\/post"}],"author":[{"embeddable":true,"href":"https:\/\/www.europesays.com\/fr\/wp-json\/wp\/v2\/users\/2"}],"replies":[{"embeddable":true,"href":"https:\/\/www.europesays.com\/fr\/wp-json\/wp\/v2\/comments?post=382229"}],"version-history":[{"count":0,"href":"https:\/\/www.europesays.com\/fr\/wp-json\/wp\/v2\/posts\/382229\/revisions"}],"wp:featuredmedia":[{"embeddable":true,"href":"https:\/\/www.europesays.com\/fr\/wp-json\/wp\/v2\/media\/382230"}],"wp:attachment":[{"href":"https:\/\/www.europesays.com\/fr\/wp-json\/wp\/v2\/media?parent=382229"}],"wp:term":[{"taxonomy":"category","embeddable":true,"href":"https:\/\/www.europesays.com\/fr\/wp-json\/wp\/v2\/categories?post=382229"},{"taxonomy":"post_tag","embeddable":true,"href":"https:\/\/www.europesays.com\/fr\/wp-json\/wp\/v2\/tags?post=382229"}],"curies":[{"name":"wp","href":"https:\/\/api.w.org\/{rel}","templated":true}]}}