{"id":382231,"date":"2025-09-11T07:45:11","date_gmt":"2025-09-11T07:45:11","guid":{"rendered":"https:\/\/www.europesays.com\/fr\/382231\/"},"modified":"2025-09-11T07:45:11","modified_gmt":"2025-09-11T07:45:11","slug":"incendie-de-vehicule-et-ralentissements-circulation-compliquee-ce-matin-sur-la8-entre-nice-antibes-et-cannes","status":"publish","type":"post","link":"https:\/\/www.europesays.com\/fr\/382231\/","title":{"rendered":"Incendie de v\u00e9hicule et ralentissements: circulation compliqu\u00e9e ce matin sur l\u2019A8 entre Nice, Antibes et Cannes"},"content":{"rendered":"<p>La circulation est perturb\u00e9e ce jeudi matin sur l\u2019autoroute A8. Dans le sens Nice-Antibes, un v\u00e9hicule en feu \u00e0 hauteur de Cagnes-sur-Mer provoque un important ralentissement. Un bouchon s\u2019est form\u00e9 en amont, d\u00e8s Saint-Laurent-du-Var, avec un allongement du temps de parcours estim\u00e9 \u00e0 une dizaine de minutes.<\/p>\n<p><strong>La sortie 42 satur\u00e9e<\/strong><\/p>\n<p>Dans l\u2019autre sens, les difficult\u00e9s sont \u00e9galement nombreuses. Entre Mandelieu et Cannes, il faut compter environ un quart d\u2019heure suppl\u00e9mentaire, la sortie 42 \u00e9tant satur\u00e9e. Plus \u00e0 l\u2019est, la situation se complique encore: les automobilistes doivent patienter au moins 30 minutes entre le p\u00e9age d\u2019Antibes et Nice.<\/p>\n","protected":false},"excerpt":{"rendered":"La circulation est perturb\u00e9e ce jeudi matin sur l\u2019autoroute A8. Dans le sens Nice-Antibes, un v\u00e9hicule en feu&hellip;\n","protected":false},"author":2,"featured_media":382232,"comment_status":"","ping_status":"","sticky":false,"template":"","format":"standard","meta":{"footnotes":""},"categories":[2819],"tags":[1111,11,1777,674,1011,27,803,12,2401,882,25],"class_list":{"0":"post-382231","1":"post","2":"type-post","3":"status-publish","4":"format-standard","5":"has-post-thumbnail","7":"category-nice","8":"tag-actu","9":"tag-actualites","10":"tag-eu","11":"tag-europe","12":"tag-fr","13":"tag-france","14":"tag-info-trafic","15":"tag-news","16":"tag-nice","17":"tag-provence-alpes-cote-dazur","18":"tag-republique-francaise"},"share_on_mastodon":{"url":"https:\/\/pubeurope.com\/@fr\/115184554837806552","error":""},"_links":{"self":[{"href":"https:\/\/www.europesays.com\/fr\/wp-json\/wp\/v2\/posts\/382231","targetHints":{"allow":["GET"]}}],"collection":[{"href":"https:\/\/www.europesays.com\/fr\/wp-json\/wp\/v2\/posts"}],"about":[{"href":"https:\/\/www.europesays.com\/fr\/wp-json\/wp\/v2\/types\/post"}],"author":[{"embeddable":true,"href":"https:\/\/www.europesays.com\/fr\/wp-json\/wp\/v2\/users\/2"}],"replies":[{"embeddable":true,"href":"https:\/\/www.europesays.com\/fr\/wp-json\/wp\/v2\/comments?post=382231"}],"version-history":[{"count":0,"href":"https:\/\/www.europesays.com\/fr\/wp-json\/wp\/v2\/posts\/382231\/revisions"}],"wp:featuredmedia":[{"embeddable":true,"href":"https:\/\/www.europesays.com\/fr\/wp-json\/wp\/v2\/media\/382232"}],"wp:attachment":[{"href":"https:\/\/www.europesays.com\/fr\/wp-json\/wp\/v2\/media?parent=382231"}],"wp:term":[{"taxonomy":"category","embeddable":true,"href":"https:\/\/www.europesays.com\/fr\/wp-json\/wp\/v2\/categories?post=382231"},{"taxonomy":"post_tag","embeddable":true,"href":"https:\/\/www.europesays.com\/fr\/wp-json\/wp\/v2\/tags?post=382231"}],"curies":[{"name":"wp","href":"https:\/\/api.w.org\/{rel}","templated":true}]}}