{"id":382247,"date":"2025-09-11T07:54:22","date_gmt":"2025-09-11T07:54:22","guid":{"rendered":"https:\/\/www.europesays.com\/fr\/382247\/"},"modified":"2025-09-11T07:54:22","modified_gmt":"2025-09-11T07:54:22","slug":"que-faire-a-marseille-ce-week-end-du-12-13-et-14-septembre","status":"publish","type":"post","link":"https:\/\/www.europesays.com\/fr\/382247\/","title":{"rendered":"Que faire \u00e0 Marseille ce week-end du 12, 13 et 14 septembre ?"},"content":{"rendered":"<p>Pour ce week-end du vendredi 12, samedi 13 et dimanche 14 septembre, des \u00e9v\u00e8nements culturels, mais aussi festifs et en famille vous attendent \u00e0 Marseille.\u00a0<\/p>\n<p>La Provence vous donne ses meilleures id\u00e9es de sorties et loisirs.<\/p>\n<p>Pour profiter en famille avec des enfants ce week-end du 12, 13 et 14 septembre&#13;\n<\/p>\n<p>Le Badaboum et le Divadlo f\u00eatent la rentr\u00e9e samedi<\/p>\n<p>Pilier de la sc\u00e8ne jeune public \u00e0 Marseille install\u00e9 quai de Rive-Neuve sur le Vieux-Port, le <a href=\"https:\/\/www.laprovence.com\/article\/spectacles\/3168833\/au-badaboum-plein-feux-sur-lart-de-la-fiction.html\" target=\"_blank\" rel=\"noopener\">Badaboum <\/a>fait sa rentr\u00e9e samedi apr\u00e8s-midi avec une f\u00eate de 14\u00a0h\u00a030 \u00e0 19\u00a0h. Le spectacle d&rsquo;ouverture C&rsquo;est gratos\u00a0met en sc\u00e8ne un chien rare et pr\u00e9cieux, \u00ab\u00a0qui n&rsquo;a pas co\u00fbt\u00e9 un rond\u00a0\u00bb, \u00e0 voir d\u00e8s deux\u00a0ans (9\u00a0\u20ac par personne), il est suivi d&rsquo;un go\u00fbter offert \u00e0 15\u00a0h\u00a030. \u00c0 16\u00a0h, on sort les paillettes et la boule \u00e0 facettes pour l&rsquo;incontournable boum du Badaboum, suivie d&rsquo;une tombola.<\/p>\n<p>\u00c0 16\u00a0h\u00a015 et 17\u00a0h\u00a015, les participants de l&rsquo;atelier d&rsquo;\u00e9criture liront leurs textes, Si, si, si (gratuit). Les adolescents ne sont pas oubli\u00e9s par le th\u00e9\u00e2tre puisque, \u00e0 19\u00a0h, le spectacle de cl\u00f4ture s&rsquo;intitule Devenir adolescents, mis en sc\u00e8ne par Arturo Trevi\u00f1o (gratuit, r\u00e9servation conseill\u00e9e sur le site).<\/p>\n<p>La <a href=\"https:\/\/www.laprovence.com\/article\/sorties-loisirs\/6109997\/le-divadlo-tient-le-coup.html\" target=\"_blank\" rel=\"noopener\">Divadlo th\u00e9\u00e2tre<\/a>, situ\u00e9 dans le 5e arrondissement, donne, lui, rendez-vous samedi \u00e0 20\u00a0h\u00a030 pour sa soir\u00e9e de lancement, apr\u00e8s les spectacles jou\u00e9s en journ\u00e9e. Au programme, La mort dans le placard, com\u00e9die polici\u00e8re \u00e0 voir d\u00e8s 10 ans (10\/16 \u20ac), suivie d&rsquo;un \u00e9change avec l&rsquo;\u00e9quipe artistique. Celle-ci pr\u00e9sentera ensuite la saison 2025-2026, ses coups de c\u0153ur, les temps forts et les nouveaut\u00e9s. La rencontre se prolongera autour d&rsquo;un verre.<\/p>\n<p><strong>F\u00eate d&rsquo;ouverture du Badaboum, spectacles et boum, samedi d\u00e8s 14\u00a0h, 16 quai de Rive-Neuve (7e), badaboum-theatre.com. Lancement de saison \u00e0 20\u00a0h\u00a030 au Divadlo Th\u00e9\u00e2tre, 69 rue Sainte C\u00e9cile (5e).<\/strong>&#13;\n<\/p>\n<p>Projection sur les voiles du Kraken<br \/>\n<img alt=\"Le &quot;Kraken&quot; dans le Vieux-Port.\" loading=\"lazy\" decoding=\"async\" data-nimg=\"fill\" class=\" TwicCore_img__i9TC1 undefined  undefined\" style=\"position:absolute;height:100%;width:100%;left:0;top:0;right:0;bottom:0;color:transparent;background-size:cover;background-position:50% 50%;background-repeat:no-repeat;background-image:url(&quot;data:image\/svg+xml;charset=utf-8,%3Csvg xmlns='http:\/\/www.w3.org\/2000\/svg' %3E%3Cfilter id='b' color-interpolation-filters='sRGB'%3E%3CfeGaussianBlur stdDeviation='20'\/%3E%3CfeColorMatrix values='1 0 0 0 0 0 1 0 0 0 0 0 1 0 0 0 0 0 100 -1' result='s'\/%3E%3CfeFlood x='0' y='0' width='100%25' height='100%25'\/%3E%3CfeComposite operator='out' in='s'\/%3E%3CfeComposite in2='SourceGraphic'\/%3E%3CfeGaussianBlur stdDeviation='20'\/%3E%3C\/filter%3E%3Cimage width='100%25' height='100%25' x='0' y='0' preserveAspectRatio='none' style='filter: url(%23b);' href='https:\/\/pictures.laprovence.com\/cdn-cgi\/image\/blur=250\/media\/melody\/2025\/09\/11\/escale-du-trois-mats-le-kraken-renove-et-gere-par-l-association-wings-of-the-ocean-qui-lutte-pour-un-1757576784_3e1167a471c86832167a471c868216v_.jpg'\/%3E%3C\/svg%3E&quot;)\"   src=\"https:\/\/www.europesays.com\/fr\/wp-content\/uploads\/2025\/09\/escale-du-trois-mats-le-kraken-renove-et-gere-par-l-association-wings-of-the-ocean-qui-lutte-pour-un.jpeg\"\/>Le \u00ab\u00a0Kraken\u00a0\u00bb dans le Vieux-Port. \/ Photo Guillemette SOUCACHET<\/p>\n<p>Le Kraken, c&rsquo;est ce trois-m\u00e2ts de 42\u00a0m de long, porte-\u00e9tendard de l&rsquo;association Wings of the Ocean, <a href=\"https:\/\/www.laprovence.com\/article\/region\/48275399630293\/kraken-le-bateau-engage-pour-un-ocean-sans-dechet-en-escale-a-marseille\" target=\"_blank\" rel=\"noopener\">actuellement dans le port de Marseille<\/a>. Il accueillera une projection in\u00e9dite sur ses voiles, samedi, \u00e0 la nuit tomb\u00e9e. Un spectacle m\u00ealant art, r\u00e9cit et engagement \u00e9colo. Le duo Le Renard &amp; La Baleine, compos\u00e9 de Manon Lef\u00e9bure et Tom H\u00e9brard, invite le public \u00e0 se questionner pendant 20 minutes sur l&rsquo;origine, les usages et l&rsquo;avenir du plastique. Les illustrations de Tom prennent vie en direct et Manon tisse une narration po\u00e9tique et musicale. Dans une d\u00e9marche low-tech de faible consommation de ressources.<\/p>\n<p><strong>Samedi \u00e0 20h30 sur le Vieux-Port, Quai de la fraternit\u00e9. Gratuit.<\/strong>&#13;\n<\/p>\n<p>La f\u00eate du Cours Ju samedi et dimanche<\/p>\n<p>La f\u00eate du quartier du Cours Julien fait son retour samedi et dimanche. Des animations, des performances, des concerts et un repas partag\u00e9 \u00e9gaieront le quartier pendant deux jours. L&rsquo;ambiance festive sera assur\u00e9e par des artistes marseillais comme Boogie Lionne samedi et l&rsquo;atelier graph de Nitram Joke. C\u00f4t\u00e9 musique, on retrouvera Zababa et le concert du groupe Zawia Fama.<\/p>\n<p>Dimanche, un repas partag\u00e9 se d\u00e9roulera sur les terrasses de Soma et de la Brasserie Communale (on peut soit apporter ses victuailles ou bien d\u00e9guster les propositions culinaires r\u00e9alis\u00e9es par des associations du quartier) avec Juneight Chelique, Vid\u00e9odrome 2 et Le petit 51. La musique sera assur\u00e9e par X-Ray. Enfin, pour terminer ce week-end de f\u00eate, on pourra assister \u00e0 une performance du collectif Kay et de la compagnie Lamine Diagne-Enelle.<\/p>\n<p><strong>Samedi et dimanche au Cours Julien (6e). Gratuit.\u00a0<\/strong>&#13;\n<\/p>\n<p>Les concerts, pi\u00e8ces de th\u00e9\u00e2tre et soir\u00e9es ce week-end du 12, 13 et 14 septembre&#13;\n<\/p>\n<p>Lancement du festival Actoral dans les jardins de La C\u00f4merie<\/p>\n<p>Festival international des arts et des \u00e9critures contemporaines, <a href=\"https:\/\/www.laprovence.com\/article\/sortie-loisirs\/3842489139641414\/lart-bouscule-et-emeut-au-festival-actoral-du-14-septembre-au-12-octobre-a-marseille\" target=\"_blank\" rel=\"noopener\">Actoral <\/a>r\u00e9unira le meilleur de la cr\u00e9ation contemporaine du 13 septembre au 11 octobre dans 15\u00a0lieux partenaires, de La Cri\u00e9e \u00e0 des lieux insolites tels que la C\u00f4merie, l&rsquo;ancien couvent de la rue Breteuil, QG du festival qui accueillera sa soir\u00e9e de Pr\u00e9lude samedi d\u00e8s 19\u00a0h. Ses jardins seront le d\u00e9cor de deux lectures et de DJ sets, l&rsquo;occasion de rencontrer et d&rsquo;\u00e9changer avec l&rsquo;\u00e9quipe du festival.<\/p>\n<p><img alt=\"\u00c0 19h30, Julien Perez lira des extraits de son premier roman &quot;Hommages&quot; (\u00e9ditions POL), salu\u00e9 comme un tour de force par la critique.\" loading=\"lazy\" decoding=\"async\" data-nimg=\"fill\" class=\" TwicCore_img__i9TC1 undefined  undefined\" style=\"position:absolute;height:100%;width:100%;left:0;top:0;right:0;bottom:0;color:transparent;background-size:cover;background-position:50% 50%;background-repeat:no-repeat;background-image:url(&quot;data:image\/svg+xml;charset=utf-8,%3Csvg xmlns='http:\/\/www.w3.org\/2000\/svg' %3E%3Cfilter id='b' color-interpolation-filters='sRGB'%3E%3CfeGaussianBlur stdDeviation='20'\/%3E%3CfeColorMatrix values='1 0 0 0 0 0 1 0 0 0 0 0 1 0 0 0 0 0 100 -1' result='s'\/%3E%3CfeFlood x='0' y='0' width='100%25' height='100%25'\/%3E%3CfeComposite operator='out' in='s'\/%3E%3CfeComposite in2='SourceGraphic'\/%3E%3CfeGaussianBlur stdDeviation='20'\/%3E%3C\/filter%3E%3Cimage width='100%25' height='100%25' x='0' y='0' preserveAspectRatio='none' style='filter: url(%23b);' href='https:\/\/pictures.laprovence.com\/cdn-cgi\/image\/blur=250\/media\/melody\/2025\/09\/11\/julien-perez-1757576785_9080058f41c868480058f41c868800v_.jpg'\/%3E%3C\/svg%3E&quot;)\"   src=\"https:\/\/www.europesays.com\/fr\/wp-content\/uploads\/2025\/09\/julien-perez-1757576785_9080058f41c868480058f41c868800v_.jpg\"\/>\u00c0 19h30, Julien Perez lira des extraits de son premier roman \u00ab\u00a0Hommages\u00a0\u00bb (\u00e9ditions POL), salu\u00e9 comme un tour de force par la critique. \/ Photo Helene Bamberger<\/p>\n<p>L&rsquo;auteur-compositeur Julien Perez lira \u00e0 19\u00a0h\u00a030 des extraits de son premier roman Hommages, paru chez POL, un roman choral que la critique salue comme un tour de force. Son livre \u00e9voque la disparition de Gobain Machin (sic), c\u00e9l\u00e8bre artiste, qui s&rsquo;est perdu en montagne, et dont le corps reste introuvable. Amis, parents, amants, artistes, galeristes, collectionneurs, prennent tour \u00e0 tour la parole pour lui rendre hommage, une satire de l&rsquo;art contemporain.<\/p>\n<p>\u00c0 la m\u00eame heure, John Deneuve livrera une lecture perform\u00e9e de son livre, Le Bain des Dames (chez Arnaud Bizalion \u00c9diteur, ao\u00fbt\u00a02025), inspir\u00e9 de tranches de vie sur cette plage marseillaise \u00ab\u00a0o\u00f9 l&rsquo;absurde et l&rsquo;amour se croisent\u00a0\u00bb. La soir\u00e9e se poursuivra en musique sous les pins, avec le live de Perez \u00e0 21\u00a0h, Mascare et Je sors ce soir \u00e0 22\u00a0h.<\/p>\n<p><strong>Samedi \u00e0 partir de 19\u00a0h \u00e0 La C\u00f4merie, 174 rue Breteuil (6e). Prix libre. R\u00e9servations conseill\u00e9es pour les lectures. actoral.org<\/strong>&#13;\n<\/p>\n<p>Virevolte, la musique f\u00eate son retour<\/p>\n<p>Pour la r\u00e9ouverture de ses quatre lieux, \u00e0 savoir l&rsquo;Espace Julien, le Makeda, la Mes\u00f3n et le Th\u00e9\u00e2tre de l&rsquo;\u0152uvre, l&rsquo;association La Responsabilit\u00e9 des R\u00eaves c\u00e9l\u00e8bre la musique avec le festival Virevolte. Introduit hier soir par une soir\u00e9e \u00e9lectro au Caf\u00e9 Julien, le rendez-vous se poursuit d\u00e8s ce soir \u00e0 20\u00a0h au Makeda (<strong>13\u00a0\u20ac, billets sur espace-julien.com<\/strong>) avec une affiche regroupant Sar\u00e2b et Bakir. Rock, jazz et sonorit\u00e9s arabes pour les premiers, et rythmes m\u00ealant Afrique du nord et Moyen-Orient avec les seconds, r\u00e9sonneront comme un appel \u00e0 l&rsquo;\u00e9vasion.<\/p>\n<p><img alt=\"Bakir, \u00e0 l\u2019affiche du festival Virevolte, ce soir au Makeda.\" loading=\"lazy\" decoding=\"async\" data-nimg=\"fill\" class=\" TwicCore_img__i9TC1 undefined  undefined\" style=\"position:absolute;height:100%;width:100%;left:0;top:0;right:0;bottom:0;color:transparent;background-size:cover;background-position:50% 50%;background-repeat:no-repeat;background-image:url(&quot;data:image\/svg+xml;charset=utf-8,%3Csvg xmlns='http:\/\/www.w3.org\/2000\/svg' %3E%3Cfilter id='b' color-interpolation-filters='sRGB'%3E%3CfeGaussianBlur stdDeviation='20'\/%3E%3CfeColorMatrix values='1 0 0 0 0 0 1 0 0 0 0 0 1 0 0 0 0 0 100 -1' result='s'\/%3E%3CfeFlood x='0' y='0' width='100%25' height='100%25'\/%3E%3CfeComposite operator='out' in='s'\/%3E%3CfeComposite in2='SourceGraphic'\/%3E%3CfeGaussianBlur stdDeviation='20'\/%3E%3C\/filter%3E%3Cimage width='100%25' height='100%25' x='0' y='0' preserveAspectRatio='none' style='filter: url(%23b);' href='https:\/\/pictures.laprovence.com\/cdn-cgi\/image\/blur=250\/media\/melody\/2025\/09\/11\/bakir-a-laffiche-du-festival-virevolte-ce-soir-au-makeda-1757576785_b8ec600491c865dec600491c8be0d6v_.jpg'\/%3E%3C\/svg%3E&quot;)\"   src=\"https:\/\/www.europesays.com\/fr\/wp-content\/uploads\/2025\/09\/bakir-a-laffiche-du-festival-virevolte-ce-soir-au-makeda-1757576785_b8ec600491c865dec600491c8be0d6v_.jpeg\"\/>Bakir, \u00e0 l\u2019affiche du festival Virevolte, ce soir au Makeda. \/ Photo DR<\/p>\n<p>vendredi, les spectateurs ont rendez-vous \u00e0 la Mes\u00f3n pour le show afro-\u00e9lectro d&rsquo;Article\u00a015 \u00e0 partir de 19\u00a0h (<strong>de 7,50 \u00e0 13\u00a0\u20ac, billets sur espace-julien.com<\/strong>). Nouveau visage du rap, l&rsquo;artiste originaire de Kinshasa promet de faire danser son public sur ses sons radicaux et vindicatifs.<\/p>\n<p>\u00c9galement vendredi, l&rsquo;Espace Julien organise une soir\u00e9e clubbing en trois temps \u00e0 partir de 20\u00a0h (<strong>de 9 \u00e0 13\u00a0\u20ac, espace-julien.com<\/strong>). Le duo futuriste Turfu associera rythmes d&rsquo;accord\u00e9on et \u00e9lectro abstraite pour embarquer la salle dans une transe brute, quand Dombrance plongera dans les mandats d&rsquo;anciens chefs d&rsquo;\u00c9tat fran\u00e7ais pour dessiner une grande fresque musicale. Enfin, la DJ marseillaise Mystique fera r\u00e9sonner sa passion des sons latinos.<\/p>\n<p>Virevolte jouera son dernier acte samedi avec une soir\u00e9e en acc\u00e8s libre (d\u00e8s 18\u00a0h\u00a030) au Th\u00e9\u00e2tre de l&rsquo;\u0152uvre. Le show combinant DJ set et performance de Rumble pr\u00e9c\u00e9dera celui d&rsquo;Ammar 808, qui s&rsquo;est r\u00e9cemment plong\u00e9 dans les sons d&rsquo;Inde. Youthstar, figure anglaise de la sc\u00e8ne drum &amp; bass, refermera l&rsquo;\u00e9v\u00e9nement.<\/p>\n<p>Hakim Jemili, Terrenoire, Myd et Cassius \u00e0 la 3e \u00e9dition du So Good Festival<\/p>\n<p>Le So Good Maif Festival reprend place au sein de La Friche La Belle-de-Mai. Apr\u00e8s Lyon et avant Nantes, l&rsquo;\u00e9v\u00e9nement, qui en est \u00e0 sa 3e \u00e9dition, revient \u00e0 Marseille avec son m\u00e9lange de forums engag\u00e9s et de musique. Mot d&rsquo;ordre du festival\u00a0: \u00ab\u00a0Faisons coh\u00e9sion\u00a0! C\u00e9l\u00e9brons nos singularit\u00e9s et ce qui nous lie pour mieux coop\u00e9rer.\u00a0\u00bb Ce jeudi, l&rsquo;apr\u00e8s-midi et la soir\u00e9e se d\u00e9roulent \u00e0 la Vieille Charit\u00e9 pour les pros. Mais d\u00e8s vendredi, rendez-vous \u00e0 La Friche pour des ateliers, des conf\u00e9rences, de l&rsquo;humour, des concerts et du clubbing.<\/p>\n<p>L&rsquo;apr\u00e8s-midi d\u00e9marrera par un atelier sur la gestion des m\u00e9gots, puis une exposition sur la r\u00e9paration textile et un march\u00e9 des cr\u00e9ateurs pour chiner des p\u00e9pites. \u00ab\u00a0So good On Air\u00a0\u00bb, en partenariat avec Radio Grenouille,<strong> <\/strong>proposera aussi des podcasts live en plein air. Au programme \u00e0 17h, un d\u00e9bat sur le rap marseillais et son c\u00f4t\u00e9 politique avec Missan (rappeur) et Soly (fondateur de la B.Vice Sound Musical School). Ou encore, \u00e0 18h30, une discussion autour de l&rsquo;union de la gauche avec l&rsquo;ancien ministre Beno\u00eet Hamon.<\/p>\n<p><img alt=\"L'\u00e9dition de l'an dernier du So Good Festival qui investit cette ann\u00e9e encore La Friche La Belle-de-Mai.\" loading=\"lazy\" decoding=\"async\" data-nimg=\"fill\" class=\" TwicCore_img__i9TC1 undefined  undefined\" style=\"position:absolute;height:100%;width:100%;left:0;top:0;right:0;bottom:0;color:transparent;background-size:cover;background-position:50% 50%;background-repeat:no-repeat;background-image:url(&quot;data:image\/svg+xml;charset=utf-8,%3Csvg xmlns='http:\/\/www.w3.org\/2000\/svg' %3E%3Cfilter id='b' color-interpolation-filters='sRGB'%3E%3CfeGaussianBlur stdDeviation='20'\/%3E%3CfeColorMatrix values='1 0 0 0 0 0 1 0 0 0 0 0 1 0 0 0 0 0 100 -1' result='s'\/%3E%3CfeFlood x='0' y='0' width='100%25' height='100%25'\/%3E%3CfeComposite operator='out' in='s'\/%3E%3CfeComposite in2='SourceGraphic'\/%3E%3CfeGaussianBlur stdDeviation='20'\/%3E%3C\/filter%3E%3Cimage width='100%25' height='100%25' x='0' y='0' preserveAspectRatio='none' style='filter: url(%23b);' href='https:\/\/pictures.laprovence.com\/cdn-cgi\/image\/blur=250\/media\/melody\/2025\/09\/11\/l-edition-de-l-an-dernier-du-so-good-festival-qui-investit-cette-annee-encore-la-friche-la-belle-de-1757576786_5adb195f41c86eedb195f41c8c2eb1v_.jpg'\/%3E%3C\/svg%3E&quot;)\"   src=\"https:\/\/www.europesays.com\/fr\/wp-content\/uploads\/2025\/09\/l-edition-de-l-an-dernier-du-so-good-festival-qui-investit-cette-annee-encore-la-friche-la-belle-de-.jpeg\"\/>L&rsquo;\u00e9dition de l&rsquo;an dernier du So Good Festival qui investit cette ann\u00e9e encore La Friche La Belle-de-Mai. Pierre Bucheron<\/p>\n<p>Place au rire \u00e0 partir de 18h15 avec <a href=\"https:\/\/www.laprovence.com\/article\/culture-loisirs\/77158739236744\/hakim-jemili-en-spectacle-a-marseille-trump-et-sa-station-balneaire-a-gaza-l-actualite-devient-une-blague\" target=\"_blank\" rel=\"noopener\">un spectacle d&rsquo;une heure de l&rsquo;humoriste Hakim Jemili <\/a>sur le rooftop. Suivra la musique de Nous \u00e9tions une arm\u00e9e, entre post-rock, noise et hardcore. Le rappeur marseillais Missan se produira \u00e0 partir de 20h toujours sur la sc\u00e8ne du rooftop. Tandis que les fr\u00e8res de Terrenoire, du nom de leur quartier populaire de Saint-Etienne, et leurs chansons engag\u00e9es, prendront place \u00e0 partir de 20h50. Avant le concert de Noga Erez, musicienne et chanteuse isra\u00e9lienne.<\/p>\n<p>Ce sera ensuite un encha\u00eenement de DJ sets et ambiance clubbing dans le parking int\u00e9rieur avec Myd pour un set en live, qui m\u00ealera indie, house et pop. Mais surtout Cassius \u00e0 partir de minuit et la techno de Sama&rsquo;Abdulhadi, premi\u00e8re DJ palestinienne \u00e0 obtenir une reconnaissance internationale, qui emm\u00e8nera les festivaliers jusqu&rsquo;\u00e0 3h du matin.<\/p>\n<p><strong>Vendredi 12 septembre (pour le grand public) \u00e0 partir de 14h \u00e0 La Friche La Belle-de-Mai (3e). Plusieurs formules de pass propos\u00e9es. Dont une offre \u00e0 25\u20ac pour soit les concerts soit le clubbing. <a href=\"http:\/\/www.sogoodmaiffestival.com\" target=\"_blank\" rel=\"noopener\">sogoodmaiffestival.com<\/a>.<\/strong>&#13;\n<\/p>\n<p>Les \u00c9mouvantes au Conservatoire\u00a0<\/p>\n<p>Le festival Les \u00c9mouvantes revient du 11 au 13\u00a0septembre, au conservatoire Pierre Barbizet (1er). Dirig\u00e9 par le contrebassiste Claude Tchamitchian depuis sa fondation il y a 13 ans, le festival se dote cette ann\u00e9e d&rsquo;un co-directeur artistique avec le trompettiste Fabrice Martinez.<\/p>\n<p><img alt=\"Robinson Khoury, 30 ans et d\u00e9j\u00e0 grand nom du jazz actuel.\" loading=\"lazy\" decoding=\"async\" data-nimg=\"fill\" class=\" TwicCore_img__i9TC1 undefined  undefined\" style=\"position:absolute;height:100%;width:100%;left:0;top:0;right:0;bottom:0;color:transparent;background-size:cover;background-position:50% 50%;background-repeat:no-repeat;background-image:url(&quot;data:image\/svg+xml;charset=utf-8,%3Csvg xmlns='http:\/\/www.w3.org\/2000\/svg' %3E%3Cfilter id='b' color-interpolation-filters='sRGB'%3E%3CfeGaussianBlur stdDeviation='20'\/%3E%3CfeColorMatrix values='1 0 0 0 0 0 1 0 0 0 0 0 1 0 0 0 0 0 100 -1' result='s'\/%3E%3CfeFlood x='0' y='0' width='100%25' height='100%25'\/%3E%3CfeComposite operator='out' in='s'\/%3E%3CfeComposite in2='SourceGraphic'\/%3E%3CfeGaussianBlur stdDeviation='20'\/%3E%3C\/filter%3E%3Cimage width='100%25' height='100%25' x='0' y='0' preserveAspectRatio='none' style='filter: url(%23b);' href='https:\/\/pictures.laprovence.com\/cdn-cgi\/image\/blur=250\/media\/melody\/2025\/09\/11\/robinson-khoury-30-ans-et-deja-grand-nom-du-jazz-actuel-sera-au-magic-mirrors-le-9-octobre-dans-le-c-1757576787_64b5c14e10c8668b5c14e10c84cb5cv_.jpg'\/%3E%3C\/svg%3E&quot;)\"   src=\"https:\/\/www.europesays.com\/fr\/wp-content\/uploads\/2025\/09\/robinson-khoury-30-ans-et-deja-grand-nom-du-jazz-actuel-sera-au-magic-mirrors-le-9-octobre-dans-le-c.jpeg\"\/>Robinson Khoury, 30 ans et d\u00e9j\u00e0 grand nom du jazz actuel. \/ Photo Laureen Burton<\/p>\n<p>La ligne de cette manifestation musicale : la mise en lumi\u00e8re d&rsquo;artistes issus des musiques afro-am\u00e9ricaines et la rencontre avec les musiques \u00e9crites et improvis\u00e9es, principalement europ\u00e9ennes. Ce soir, Claude Tchamitchian fera un solo suivi du Marc Ducret Quartet. vendredi, les chansons de Juliette Meyer laisseront place au sextet de Jean-Pierre Jullian. Samedi, le trio emmen\u00e9 par Robinson Khoury (photo) pr\u00e9c\u00e9dera le quartet de Sylvain Daniel.<\/p>\n<p><strong>Jeudi, vendredi et samedi au conservatoire Pierre Barbizet, 2 place Carli (1er). Deux concerts par soir \u00e0 19h et 21h. Tarif par soir : 12\/15\u2009euros. <a href=\"http:\/\/www.festival-emouvantes.fr\" target=\"_blank\" rel=\"noopener\">festival-emouvantes.fr<\/a>.<\/strong>&#13;\n<\/p>\n<p>Les expos, cin\u00e9s et activit\u00e9s culturelles ce week-end du 12, 13 et 14 septembre&#13;\n<\/p>\n<p>Une expo collective et gratuite<\/p>\n<p>La galerie Marseille3013 accueille jusqu&rsquo;au 21\u00a0septembre l&rsquo;exposition collective de R\u00e9mi B\u00e9nard, Samuel Verhoest et Camille Gerades. On y trouve le travail de mat\u00e9riaux recycl\u00e9s de Samuel Verhoest, les peintures et personnages hauts en couleur de R\u00e9mi B\u00e9nard.<\/p>\n<p><img alt=\"Une exposition collective au 3013.\" loading=\"lazy\" decoding=\"async\" data-nimg=\"fill\" class=\" TwicCore_img__i9TC1 undefined  undefined\" style=\"position:absolute;height:100%;width:100%;left:0;top:0;right:0;bottom:0;color:transparent;background-size:cover;background-position:50% 50%;background-repeat:no-repeat;background-image:url(&quot;data:image\/svg+xml;charset=utf-8,%3Csvg xmlns='http:\/\/www.w3.org\/2000\/svg' %3E%3Cfilter id='b' color-interpolation-filters='sRGB'%3E%3CfeGaussianBlur stdDeviation='20'\/%3E%3CfeColorMatrix values='1 0 0 0 0 0 1 0 0 0 0 0 1 0 0 0 0 0 100 -1' result='s'\/%3E%3CfeFlood x='0' y='0' width='100%25' height='100%25'\/%3E%3CfeComposite operator='out' in='s'\/%3E%3CfeComposite in2='SourceGraphic'\/%3E%3CfeGaussianBlur stdDeviation='20'\/%3E%3C\/filter%3E%3Cimage width='100%25' height='100%25' x='0' y='0' preserveAspectRatio='none' style='filter: url(%23b);' href='https:\/\/pictures.laprovence.com\/cdn-cgi\/image\/blur=250\/media\/melody\/2025\/09\/11\/expo-collective-3013-1757576787_b3cfddac71c8697cfddac71c86bcfdv_.jpg'\/%3E%3C\/svg%3E&quot;)\"   src=\"https:\/\/www.europesays.com\/fr\/wp-content\/uploads\/2025\/09\/expo-collective-3013-1757576787_b3cfddac71c8697cfddac71c86bcfdv_.jpg\"\/>Une exposition collective au 3013. \/ Photo DR<\/p>\n<p>L&rsquo;artiste Camille Gerades, quant \u00e0 elle, pr\u00e9sente un \u00e9ventail d&rsquo;\u0153uvres color\u00e9es mais aussi, en avant-premi\u00e8re, une introduction \u00e0 la Mise \u00e0 nue, un univers<\/p>\n<p>entre photographies, peintures, \u00e9criture intime et calligraphie. Au programme, des sculptures d&rsquo;animaux, des bateaux de pirate en acier qui cachent un tr\u00e9sor, des chats cach\u00e9s dans des toiles et m\u00eame une peinture qui tourne sur elle-m\u00eame.<\/p>\n<p><strong>Vernissage vendredi \u00e0 partir de 18h. Spectacle \u00ab\u00a0Le frigo de la V\u00e9rit\u00e9\u00a0\u00bb de Nicolas Combe samedi \u00e0 18h. Marseille3013, 52 rue de la R\u00e9publique (2e). Entr\u00e9e libre.<\/strong>&#13;\n<\/p>\n<p>Ana Godefroy, un double rodage \u00e0 l&rsquo;Art D\u00fb<\/p>\n<p>Elle fait partie des humoristes dont la popularit\u00e9 a connu un bond remarquable la saison derni\u00e8re. Que ce soit sur sc\u00e8ne ou sur les r\u00e9seaux sociaux, Ana Godefroy s\u00e9duit en d\u00e9voilant les facettes les plus hilarantes de son quotidien, n&rsquo;h\u00e9sitant pas \u00e0 se moquer d&rsquo;elle-m\u00eame et \u00e0 associer les spectateurs avec sa formule \u00ab\u00a0Bonjour, vous \u00eates\/avez d\u00e9j\u00e0\u2026 ? Moi oui.\u00a0\u00bb Non sans rappeler le fameux \u00ab\u00a0Vous n&rsquo;\u00eates pas seule\u00a0\u00bb de Marine Leonardi, qui a d&rsquo;ailleurs adoub\u00e9 sa jeune homologue, tout comme Alison Wheeler. Actuellement en rodage dans toute la France pour pr\u00e9parer son futur spectacle, Ana Godefroy se produira \u00e0 deux reprises \u00e0 l&rsquo;Art D\u00fb. Si la date de samedi affiche d\u00e9j\u00e0 complet, il reste quelques places pour la s\u00e9ance de vendredi \u00e0 21h. En parall\u00e8le, le public pourra retrouver l&rsquo;artiste chaque mardi dans l&rsquo;\u00e9mission Quotidien sur TMC, dont elle a int\u00e9gr\u00e9 l&rsquo;\u00e9quipe \u00e0 la rentr\u00e9e.<\/p>\n<p><strong>Vendredi et samedi \u00e0 21h \u00e0 l&rsquo;Art D\u00fb, 83 rue Marengo (6e). 22,51 \u2009euros, <a href=\"http:\/\/www.lartdutheatre.fr\" target=\"_blank\" rel=\"noopener\">lartdutheatre.fr<\/a>.<\/strong>&#13;\n<\/p>\n<p>\u00ab\u00a0Meufs, \u00e9mergentes, \u00e0 Marseille\u00a0\u00bb, vendredi au Talus<\/p>\n<p>C\u00e9l\u00e9brer la cr\u00e9ation \u00e9mergente au f\u00e9minin \u00e0 Marseille, en portant plusieurs voix et esth\u00e9tiques, telle est l&rsquo;essence de \u00ab\u00a0Meufs, \u00e9mergentes, \u00e0 Marseille\u00a0\u00bb. Une soir\u00e9e port\u00e9e par l&rsquo;association Les \u00e9mettrices, qui se tiendra vendredi soir au Talus (12e) de 18h30 \u00e0 23h. Trois temps rythmeront le rendez-vous, \u00e0 commencer par le spectacle Perc\u00e9e \u00e0 19h20\u00a0: m\u00ealant th\u00e9\u00e2tre, cirque a\u00e9rien, danse et impro, il raconte pendant une heure l&rsquo;histoire d&rsquo;une jeune femme d\u00e9couvrant sa voix int\u00e9rieure et sa nature profonde.<\/p>\n<p>Puis \u00e0 21h30, une performance solo de vingt minutes par Clo associera danse et po\u00e9sie, questionnant le mouvement, son chemin cr\u00e9atif et la place de l&rsquo;artiste. Une fa\u00e7on d&rsquo;exprimer sa vuln\u00e9rabilit\u00e9 pour en faire une force. Enfin un DJ set par SM6 sera lanc\u00e9 \u00e0 22h.<\/p>\n<p><strong>Vendredi de 18h30 \u00e0 23h au Talus, 603 rue Saint-Pierre (12e). De 5 \u00e0 10\u2009euros, billetterie sur place.<\/strong><\/p>\n<p><a target=\"_self\" aria-label=\"Acc\u00e9der au dossier Id\u00e9es sorties\" class=\"w-full h-full flex flex-row rounded-lg\" data-xiti-chapter1=\"dossier\" data-xiti-chapter2=\"tag\" type=\"navigation\" href=\"https:\/\/www.laprovence.com\/dossiers\/125145\/idees-sorties\" rel=\"noopener\"><img alt=\"Illustration du dossier Id\u00e9es sorties\" loading=\"lazy\" decoding=\"async\" data-nimg=\"fill\" class=\"rounded-lg\" style=\"position:absolute;height:100%;width:100%;left:0;top:0;right:0;bottom:0;object-fit:cover;color:transparent\"   src=\"https:\/\/www.europesays.com\/fr\/wp-content\/uploads\/2025\/07\/1753640176_457_la-fete-foraine-d-aix-a-ouvert-ses-portes-aux-visiteurs-samedi-8-fevrier-2025-1739171705_29c17869c8a.jpeg\"\/><\/a><\/p>\n","protected":false},"excerpt":{"rendered":"Pour ce week-end du vendredi 12, samedi 13 et dimanche 14 septembre, des \u00e9v\u00e8nements culturels, mais aussi festifs&hellip;\n","protected":false},"author":2,"featured_media":382248,"comment_status":"","ping_status":"","sticky":false,"template":"","format":"standard","meta":{"footnotes":""},"categories":[2814],"tags":[6888,17,1111,11,251,1777,674,4560,1011,27,884,12,882,746,25,395,4064],"class_list":{"0":"post-382247","1":"post","2":"type-post","3":"status-publish","4":"format-standard","5":"has-post-thumbnail","7":"category-marseille","8":"tag-6888","9":"tag-17","10":"tag-actu","11":"tag-actualites","12":"tag-culture","13":"tag-eu","14":"tag-europe","15":"tag-faire","16":"tag-fr","17":"tag-france","18":"tag-marseille","19":"tag-news","20":"tag-provence-alpes-cote-dazur","21":"tag-que","22":"tag-republique-francaise","23":"tag-septembre","24":"tag-week-end"},"share_on_mastodon":{"url":"https:\/\/pubeurope.com\/@fr\/115184590430874040","error":""},"_links":{"self":[{"href":"https:\/\/www.europesays.com\/fr\/wp-json\/wp\/v2\/posts\/382247","targetHints":{"allow":["GET"]}}],"collection":[{"href":"https:\/\/www.europesays.com\/fr\/wp-json\/wp\/v2\/posts"}],"about":[{"href":"https:\/\/www.europesays.com\/fr\/wp-json\/wp\/v2\/types\/post"}],"author":[{"embeddable":true,"href":"https:\/\/www.europesays.com\/fr\/wp-json\/wp\/v2\/users\/2"}],"replies":[{"embeddable":true,"href":"https:\/\/www.europesays.com\/fr\/wp-json\/wp\/v2\/comments?post=382247"}],"version-history":[{"count":0,"href":"https:\/\/www.europesays.com\/fr\/wp-json\/wp\/v2\/posts\/382247\/revisions"}],"wp:featuredmedia":[{"embeddable":true,"href":"https:\/\/www.europesays.com\/fr\/wp-json\/wp\/v2\/media\/382248"}],"wp:attachment":[{"href":"https:\/\/www.europesays.com\/fr\/wp-json\/wp\/v2\/media?parent=382247"}],"wp:term":[{"taxonomy":"category","embeddable":true,"href":"https:\/\/www.europesays.com\/fr\/wp-json\/wp\/v2\/categories?post=382247"},{"taxonomy":"post_tag","embeddable":true,"href":"https:\/\/www.europesays.com\/fr\/wp-json\/wp\/v2\/tags?post=382247"}],"curies":[{"name":"wp","href":"https:\/\/api.w.org\/{rel}","templated":true}]}}