{"id":382251,"date":"2025-09-11T07:56:21","date_gmt":"2025-09-11T07:56:21","guid":{"rendered":"https:\/\/www.europesays.com\/fr\/382251\/"},"modified":"2025-09-11T07:56:21","modified_gmt":"2025-09-11T07:56:21","slug":"gregory-doucet-et-bruno-bernard-des-pompiers-pyromanes-selon-la-droite","status":"publish","type":"post","link":"https:\/\/www.europesays.com\/fr\/382251\/","title":{"rendered":"Gr\u00e9gory Doucet et Bruno Bernard, des \u00ab\u00a0pompiers pyromanes\u00a0\u00bb selon la droite"},"content":{"rendered":"<p itemprop=\"description\"><strong>Ce mercredi a \u00e9t\u00e9 mouvement\u00e9 \u00e0 Lyon, d\u00e8s 6h30.<\/strong><\/p>\n<p>Toute la journ\u00e9e, les blocages et manifestations du 10 septembre ont laiss\u00e9 derri\u00e8re eux des d\u00e9g\u00e2ts, la faute aux black blocs infiltrant les cort\u00e8ges officiels.<\/p>\n<p>Pour <a href=\"https:\/\/www.lyonmag.com\/profil-personnalite-lyonnaise\/512\/pierre-oliver\" target=\"_blank\" rel=\"noopener nofollow\">Pierre Oliver<\/a> (LR) et son groupe Droite, Centre et Ind\u00e9pendants, les Verts ne sont pas tout roses dans cette affaire.<\/p>\n<p>\u00ab\u00a0Les nombreux chantiers de la M\u00e9tropole ou du Sytral qui constellent la ville ont donn\u00e9 du \u00ab\u00a0carburant\u00a0\u00bb \u00e0 des \u00e9nergum\u00e8nes qui n&rsquo;en avaient vraiment pas besoin\u00a0\u00bb, se d\u00e9solent les \u00e9lus du groupe d&rsquo;opposition pr\u00e9sid\u00e9 par le maire du 2e arrondissement de Lyon.<\/p>\n<p>Pierre Oliver cible directement le pr\u00e9sident de la M\u00e9tropole <a href=\"https:\/\/www.lyonmag.com\/profil-personnalite-lyonnaise\/518\/bruno-bernard\" target=\"_blank\" rel=\"noopener nofollow\">Bruno Bernard<\/a> et le maire <a href=\"https:\/\/www.lyonmag.com\/profil-personnalite-lyonnaise\/504\/gregory-doucet\" target=\"_blank\" rel=\"noopener nofollow\">Gr\u00e9gory Doucet<\/a>, qu&rsquo;il accuse \u00e0 l&rsquo;avance de bient\u00f4t\u00a0\u00ab\u00a0r\u00e9clamer des indemnisations \u00e0 l&rsquo;Etat pour r\u00e9parer les d\u00e9g\u00e2ts caus\u00e9s\u00a0\u00bb. \u00ab\u00a0De vrais pompiers pyromanes tant leur complaisance vis-\u00e0-vis des agitateurs est flagrante depuis 5 ans\u00a0\u00bb, poursuit-il. Les deux \u00e9lus \u00e9cologistes ont pourtant <a href=\"https:\/\/www.lyonmag.com\/article\/146638\/blocages-du-10-septembre-a-lyon-lorsque-des-casseurs-s-emparent-de-ces-mobilisations-populaires-ils-en-affaiblissent-le-message-denonce-gregory-doucet\" target=\"_blank\" rel=\"noopener nofollow\">d\u00e9nonc\u00e9 ce mercredi les agissements des casseurs<\/a>.<\/p>\n<p>Pour conclure, celui qui s&rsquo;est rang\u00e9 derri\u00e8re la candidature de <a href=\"https:\/\/www.lyonmag.com\/profil-personnalite-lyonnaise\/8\/jean-michel-aulas\" target=\"_blank\" rel=\"noopener nofollow\">Jean-Michel Aulas<\/a> la semaine derni\u00e8re clame que\u00a0\u00ab\u00a0Lyon n&rsquo;a plus \u00e0 \u00eatre le terrain de jeu de l&rsquo;extr\u00eame gauche et de ses suppl\u00e9tifs\u00a0\u00bb.<\/p>\n","protected":false},"excerpt":{"rendered":"Ce mercredi a \u00e9t\u00e9 mouvement\u00e9 \u00e0 Lyon, d\u00e8s 6h30. Toute la journ\u00e9e, les blocages et manifestations du 10&hellip;\n","protected":false},"author":2,"featured_media":382252,"comment_status":"","ping_status":"","sticky":false,"template":"","format":"standard","meta":{"footnotes":""},"categories":[1889],"tags":[1111,11,2813,2190,2430,1109,251,1112,2811,1777,674,118,1011,27,1922,1110,1114,2428,2810,12,241,316,25,2812,517,800],"class_list":{"0":"post-382251","1":"post","2":"type-post","3":"status-publish","4":"format-standard","5":"has-post-thumbnail","7":"category-lyon","8":"tag-actu","9":"tag-actualites","10":"tag-article","11":"tag-asvel","12":"tag-auvergne-rhone-alpes","13":"tag-breves","14":"tag-culture","15":"tag-depeches","16":"tag-economique","17":"tag-eu","18":"tag-europe","19":"tag-faits-divers","20":"tag-fr","21":"tag-france","22":"tag-info","23":"tag-informations","24":"tag-infos","25":"tag-lyon","26":"tag-lyonmag","27":"tag-news","28":"tag-ol","29":"tag-politique","30":"tag-republique-francaise","31":"tag-sociale","32":"tag-sport","33":"tag-transports"},"share_on_mastodon":{"url":"https:\/\/pubeurope.com\/@fr\/115184597905851417","error":""},"_links":{"self":[{"href":"https:\/\/www.europesays.com\/fr\/wp-json\/wp\/v2\/posts\/382251","targetHints":{"allow":["GET"]}}],"collection":[{"href":"https:\/\/www.europesays.com\/fr\/wp-json\/wp\/v2\/posts"}],"about":[{"href":"https:\/\/www.europesays.com\/fr\/wp-json\/wp\/v2\/types\/post"}],"author":[{"embeddable":true,"href":"https:\/\/www.europesays.com\/fr\/wp-json\/wp\/v2\/users\/2"}],"replies":[{"embeddable":true,"href":"https:\/\/www.europesays.com\/fr\/wp-json\/wp\/v2\/comments?post=382251"}],"version-history":[{"count":0,"href":"https:\/\/www.europesays.com\/fr\/wp-json\/wp\/v2\/posts\/382251\/revisions"}],"wp:featuredmedia":[{"embeddable":true,"href":"https:\/\/www.europesays.com\/fr\/wp-json\/wp\/v2\/media\/382252"}],"wp:attachment":[{"href":"https:\/\/www.europesays.com\/fr\/wp-json\/wp\/v2\/media?parent=382251"}],"wp:term":[{"taxonomy":"category","embeddable":true,"href":"https:\/\/www.europesays.com\/fr\/wp-json\/wp\/v2\/categories?post=382251"},{"taxonomy":"post_tag","embeddable":true,"href":"https:\/\/www.europesays.com\/fr\/wp-json\/wp\/v2\/tags?post=382251"}],"curies":[{"name":"wp","href":"https:\/\/api.w.org\/{rel}","templated":true}]}}