{"id":382257,"date":"2025-09-11T08:00:14","date_gmt":"2025-09-11T08:00:14","guid":{"rendered":"https:\/\/www.europesays.com\/fr\/382257\/"},"modified":"2025-09-11T08:00:14","modified_gmt":"2025-09-11T08:00:14","slug":"lyon-un-homme-en-fauteuil-roulant-tue-a-larme-blanche","status":"publish","type":"post","link":"https:\/\/www.europesays.com\/fr\/382257\/","title":{"rendered":"Lyon\u00a0: un homme en fauteuil roulant tu\u00e9 \u00e0 l\u2019arme blanche"},"content":{"rendered":"<p class=\"paragraph text_align_left lp-f-body-02\">Un homme de 50 ans en fauteuil roulant a \u00e9t\u00e9 tu\u00e9 mercredi soir \u00e0 Lyon, frapp\u00e9 au cou avec une arme blanche, a appris jeudi l\u2019AFP de sources proches de l\u2019enqu\u00eate.<\/p>\n<p class=\"paragraph text_align_left lp-f-body-02\">La victime \u00e9tait en arr\u00eat cardio-respiratoire quand les secours sont arriv\u00e9s vers 22h30, et ils n\u2019ont pas pu la ranimer, ont pr\u00e9cis\u00e9 les pompiers. Les faits se sont d\u00e9roul\u00e9s au pied d\u2019une barre d\u2019immeubles dans le 9e arrondissement de Lyon.<\/p>\n<p class=\"paragraph text_align_left lp-f-body-02\">La victime, de nationalit\u00e9 irakienne et n\u00e9e en 1979, habitait dans la rue, a pr\u00e9cis\u00e9 une source proche du dossier. Selon un t\u00e9moin, un homme l\u2019attendait et l\u2019a frapp\u00e9 au cou. L\u2019auteur \u00ab a ensuite pris la fuite \u00e0 pied \u00bb, a-t-elle pr\u00e9cis\u00e9.<\/p>\n<p>\u00ab Comme une altercation \u00bb<\/p>\n<p class=\"paragraph text_align_left lp-f-body-02\">Jeudi matin, des traces de sang restaient visibles sur place et le gardien de l\u2019immeuble tentait de les nettoyer. \u00ab Il y avait du sang \u00e0 l\u2019int\u00e9rieur de l\u2019immeuble \u00bb, sur \u00ab les vitres, la porte et toute l\u2019entr\u00e9e \u00bb, a-t-il expliqu\u00e9 \u00e0 l\u2019AFP. La victime \u00e9tait \u00ab quelqu\u2019un de tr\u00e8s discret, correct \u00bb, a ajout\u00e9 le gardien, qui n\u2019a pas voulu donner plus que son pr\u00e9nom Francisco. \u00ab C\u2019\u00e9tait une personne vuln\u00e9rable, en fauteuil roulant, qui ne marche pas \u00bb et \u00ab un voisin sans probl\u00e8me (\u2026) qui ne parlait \u00e0 personne \u00bb, a ajout\u00e9 une habitante de l\u2019immeuble.<\/p>\n<p class=\"lp-card-podcast-highlighting__title  lp-f-subtitle-05\">[2\/6] Jubillar\u00a0: de la disparition au proc\u00e8s, une affaire sans corps ni aveux<\/p>\n<p class=\"lp-card-podcast-highlighting__description lp-f-ui-05\">Crime story raconte chaque semaine les grandes affaires criminelles.<\/p>\n<p><a class=\"lp-card-podcast-highlighting__call-to-action\" data-page-type=\"HP\" data-block-name=\"podcast-highlight\">\u00c9couter<\/a><\/p>\n<p class=\"paragraph text_align_left lp-f-body-02\">Apr\u00e8s avoir entendu \u00ab comme une altercation \u00bb, son mari est descendu et a port\u00e9 secours \u00e0 la victime, a-t-elle ajout\u00e9. \u00ab Il s\u2019est pris un coup de machette au niveau de la carotide \u00bb, a-t-elle assur\u00e9.<\/p>\n","protected":false},"excerpt":{"rendered":"Un homme de 50 ans en fauteuil roulant a \u00e9t\u00e9 tu\u00e9 mercredi soir \u00e0 Lyon, frapp\u00e9 au cou&hellip;\n","protected":false},"author":2,"featured_media":382258,"comment_status":"","ping_status":"","sticky":false,"template":"","format":"standard","meta":{"footnotes":""},"categories":[1888],"tags":[1111,1928,11,1927,898,8936,459,1777,674,118,1011,27,12,1926,626,1925,25],"class_list":{"0":"post-382257","1":"post","2":"type-post","3":"status-publish","4":"format-standard","5":"has-post-thumbnail","7":"category-paris","8":"tag-actu","9":"tag-actu-paris","10":"tag-actualites","11":"tag-actualites-paris","12":"tag-alerte","13":"tag-breaking-news","14":"tag-departements-horsidfo","15":"tag-eu","16":"tag-europe","17":"tag-faits-divers","18":"tag-fr","19":"tag-france","20":"tag-news","21":"tag-news-paris","22":"tag-paris","23":"tag-paris-news","24":"tag-republique-francaise"},"share_on_mastodon":{"url":"https:\/\/pubeurope.com\/@fr\/115184613758591996","error":""},"_links":{"self":[{"href":"https:\/\/www.europesays.com\/fr\/wp-json\/wp\/v2\/posts\/382257","targetHints":{"allow":["GET"]}}],"collection":[{"href":"https:\/\/www.europesays.com\/fr\/wp-json\/wp\/v2\/posts"}],"about":[{"href":"https:\/\/www.europesays.com\/fr\/wp-json\/wp\/v2\/types\/post"}],"author":[{"embeddable":true,"href":"https:\/\/www.europesays.com\/fr\/wp-json\/wp\/v2\/users\/2"}],"replies":[{"embeddable":true,"href":"https:\/\/www.europesays.com\/fr\/wp-json\/wp\/v2\/comments?post=382257"}],"version-history":[{"count":0,"href":"https:\/\/www.europesays.com\/fr\/wp-json\/wp\/v2\/posts\/382257\/revisions"}],"wp:featuredmedia":[{"embeddable":true,"href":"https:\/\/www.europesays.com\/fr\/wp-json\/wp\/v2\/media\/382258"}],"wp:attachment":[{"href":"https:\/\/www.europesays.com\/fr\/wp-json\/wp\/v2\/media?parent=382257"}],"wp:term":[{"taxonomy":"category","embeddable":true,"href":"https:\/\/www.europesays.com\/fr\/wp-json\/wp\/v2\/categories?post=382257"},{"taxonomy":"post_tag","embeddable":true,"href":"https:\/\/www.europesays.com\/fr\/wp-json\/wp\/v2\/tags?post=382257"}],"curies":[{"name":"wp","href":"https:\/\/api.w.org\/{rel}","templated":true}]}}