{"id":382259,"date":"2025-09-11T08:01:38","date_gmt":"2025-09-11T08:01:38","guid":{"rendered":"https:\/\/www.europesays.com\/fr\/382259\/"},"modified":"2025-09-11T08:01:38","modified_gmt":"2025-09-11T08:01:38","slug":"jul-autocollants-match-de-basket-pourquoi-les-supporters-parisiens-sont-prives-de-deplacement","status":"publish","type":"post","link":"https:\/\/www.europesays.com\/fr\/382259\/","title":{"rendered":"Jul, autocollants, match de basket\u2026 Pourquoi les supporters parisiens sont priv\u00e9s de d\u00e9placement"},"content":{"rendered":"<p>Ce ne sera pas encore pour cette fois. Depuis plusieurs ann\u00e9es maintenant, les supporters parisiens ne peuvent plus se d\u00e9placer \u00e0 Marseille pour assister au Clasico entre l\u2019OM et le PSG au V\u00e9lodrome. Et l\u2019inverse est \u00e9galement vrai en ce qui concerne les aficionados de l\u2019Olympique, syst\u00e9matiquement priv\u00e9s du voyage au Parc des Princes et pour d\u2019autres matches en France au passage.<\/p>\n<p>Le 4\u00a0septembre dernier, la Pr\u00e9fecture de police des Bouches-du-Rh\u00f4ne a donc prolong\u00e9 cette tradition <a href=\"https:\/\/www.bouches-du-rhone.gouv.fr\/contenu\/telechargement\/61140\/431765\/file\/recueil-13-2025-263-recueil-des-actes-administratifs-special%20du%2004%20septembre%202025.pdf\" target=\"_blank\" rel=\"noopener\">en publiant un \u00ab\u00a0<\/a><a href=\"https:\/\/www.bouches-du-rhone.gouv.fr\/contenu\/telechargement\/61140\/431765\/file\/recueil-13-2025-263-recueil-des-actes-administratifs-special%20du%2004%20septembre%202025.pdf\" target=\"_blank\" rel=\"noopener\">arr\u00eat\u00e9<\/a> portant interdiction de stationner, de circuler sur la voie publique et d\u2019acc\u00e9der au stade Orange v\u00e9lodrome, \u00e0 toute personne se pr\u00e9valant de la qualit\u00e9 de supporter du Paris-Saint-Germain\u00a0\u00bb dans le cadre du choc de Ligue 1 qui doit avoir lieu le dimanche 21\u00a0septembre prochain (20h45), une rencontre class\u00e9e \u00e0 risques. Celui-ci sera compl\u00e9t\u00e9 par un autre arr\u00eat\u00e9 du minist\u00e8re de l&rsquo;Int\u00e9rieur. \u00ab\u00a0Les relations entre les supporters sont empreintes d\u2019animosit\u00e9 depuis de tr\u00e8s nombreuses ann\u00e9es\u00a0\u00bb, note le texte.<\/p>\n<p>Des agressions lors d\u2019un concert de Jul \u00e0 Paris<\/p>\n<p>Pour motiver sa d\u00e9cision, l\u2019institution a dress\u00e9 la liste (et elle est longue) des nombreux incidents qui ont eu lieu ces derni\u00e8res ann\u00e9es \u00e0 cause de la rivalit\u00e9 entre les deux clubs, certains peuvent m\u00eame pr\u00eater \u00e0 sourire. Des accrochages qui ont eu souvent pour cadre les alentours d\u2019un stade un soir de match, mais pas seulement. La pr\u00e9fecture a \u00e9galement rappel\u00e9 que <a href=\"https:\/\/www.laprovence.com\/actu\/en-direct\/5762784\/incidents-au-concert-de-jul-a-paris-le-collectif-des-ultras-du-psg-denonce-ces-attaques.html\" target=\"_blank\" rel=\"noopener\">le conflit entre les supporters avait notamment fait irruption lors\u2026 d\u2019un concert de Jul.<\/a><\/p>\n<p>\u00ab\u00a0Cet antagonisme s\u2019est \u00e9galement exprim\u00e9 lors d\u2019un concert du chanteur marseillais JUL \u00e0 l\u2019Accor Ar\u00e9na de Paris, le 13\u00a0novembre\u00a02019, o\u00f9 des individus se revendiquant supporters du Paris-Saint-Germain ont fait irruption pendant la repr\u00e9sentation, utilis\u00e9 des fumig\u00e8nes et ont agress\u00e9 les spectateurs porteurs d\u2019un maillot de l\u2019Olympique de Marseille\u00a0\u00bb, rappelle-t-elle, qui a \u00e9galement convoqu\u00e9 l<a href=\"https:\/\/www.laprovence.com\/article\/om\/349859248341415\/om-4-1-nancy-des-minots-devenus-eternels-apres-leur-sacre-en-coupe-gambardella\" target=\"_blank\" rel=\"noopener\">e souvenir de la finale coupe Gambardella le 25\u00a0mai\u00a02024.<\/a> Alors que les Minots, qui s\u2019\u00e9taient impos\u00e9s, affrontaient Nancy en marge de la finale de la coupe de France qui opposait le PSG \u00e0 Lyon, des incidents avaient \u00e9maill\u00e9 cette rencontre et qui avaient n\u00e9cessit\u00e9 une interruption de 20 minutes.<\/p>\n<p>Toujours imaginatifs quand il s\u2019agit d\u2019exporter la rivalit\u00e9 en dehors d\u2019un stade de foot, les supporters de l\u2019OM avaient \u00e9galement r\u00e9ussi \u00e0 le faire lors d\u2019un match de basket en avril dernier. Dans le cadre d\u2019un match en r\u00e9gion parisienne entre Nanterre (Hauts-de-Seine) et <a href=\"https:\/\/www.laprovence.com\/article\/om\/68974299615620\/om-aek-athenes-cu84-et-original-21-lhistoire-dune-relation-fraternelle-entre-supporters\" target=\"_blank\" rel=\"noopener\">l\u2019AEK Ath\u00e8nes, club ami de certains groupes de supporters olympiens,<\/a> le Commando Ultra, les Fanatics et les MTP, s\u2019\u00e9taient d\u00e9plac\u00e9s pour l\u2019occasion. \u00ab\u00a0Occasionnant des troubles \u00e0 l\u2019ordre public avant, pendant et apr\u00e8s la rencontre en provoquant les supporters adverses (chants anti-parisiens, jets de projectiles, usage de fumig\u00e8nes), pendant la rencontre, des supporters parisiens ont d\u00e9grad\u00e9 les v\u00e9hicules appartenant aux Marseillais et ont d\u00e9rob\u00e9 leurs effets pour les exhiber sur les r\u00e9seaux sociaux comme troph\u00e9e attisant l\u2019antagonisme entre les deux camps\u00a0\u00bb, pr\u00e9cise encore l\u2019arr\u00eat\u00e9.<\/p>\n<p>Enfin, le dernier incident en date remonte au premier match de la saison au V\u00e9lodrome le 23\u00a0ao\u00fbt dernier. Alors que Les Olympiens recevaient le Paris FC, <a href=\"https:\/\/www.laprovence.com\/article\/om\/6648505347135514\/om-des-supporters-du-paris-fc-autorises-a-se-deplacer-au-velodrome\" target=\"_blank\" rel=\"noopener\">dont les supporters avaient eu le droit de se d\u00e9placer,<\/a> un fan du PSG s\u2019\u00e9tait introduit parmi eux en avait profit\u00e9 pour coller des stickers dans la tribune visiteurs, tout en diffusant la vid\u00e9o sur les r\u00e9seaux sociaux, \u00ab\u00a0occasionnant un mouvement de col\u00e8re des ultras phoc\u00e9ens avec une tentative\u00a0d\u2019intrusion de la tribune \u00e9vit\u00e9e gr\u00e2ce \u00e0 l\u2019intervention des forces de l\u2019ordre\u00a0\u00bb, soutient une nouvelle fois la Pr\u00e9fecture.<\/p>\n<p><img alt=\"\" loading=\"lazy\" width=\"18\" height=\"18\" decoding=\"async\" data-nimg=\"1\" class=\"mx-[8px]\" style=\"color:transparent\" src=\"https:\/\/www.laprovence.com\/_next\/static\/media\/comment.b95dda91.svg\"\/>D\u00e9marrez la conversation<\/p>\n<p class=\"text-[1.8rem] mt-[32px]\">Votre opinion compte pour nous. Rejoignez la communaut\u00e9 laprovence.com en r\u00e9agissant sur l&rsquo;article OM-PSG\u00a0: Jul, autocollants, match de basket\u2026 Pourquoi les supporters parisiens sont priv\u00e9s de d\u00e9placement.<\/p>\n","protected":false},"excerpt":{"rendered":"Ce ne sera pas encore pour cette fois. Depuis plusieurs ann\u00e9es maintenant, les supporters parisiens ne peuvent plus&hellip;\n","protected":false},"author":2,"featured_media":382260,"comment_status":"","ping_status":"","sticky":false,"template":"","format":"standard","meta":{"footnotes":""},"categories":[1888],"tags":[17,1111,1928,11,1927,51536,1465,1777,674,1011,27,1279,151,955,12,1926,149,49762,626,1925,7555,25],"class_list":{"0":"post-382259","1":"post","2":"type-post","3":"status-publish","4":"format-standard","5":"has-post-thumbnail","7":"category-paris","8":"tag-17","9":"tag-actu","10":"tag-actu-paris","11":"tag-actualites","12":"tag-actualites-paris","13":"tag-autocollants","14":"tag-basket","15":"tag-eu","16":"tag-europe","17":"tag-fr","18":"tag-france","19":"tag-jul","20":"tag-les","21":"tag-match","22":"tag-news","23":"tag-news-paris","24":"tag-om","25":"tag-om-psg","26":"tag-paris","27":"tag-paris-news","28":"tag-pourquoi","29":"tag-republique-francaise"},"share_on_mastodon":{"url":"https:\/\/pubeurope.com\/@fr\/115184618114595150","error":""},"_links":{"self":[{"href":"https:\/\/www.europesays.com\/fr\/wp-json\/wp\/v2\/posts\/382259","targetHints":{"allow":["GET"]}}],"collection":[{"href":"https:\/\/www.europesays.com\/fr\/wp-json\/wp\/v2\/posts"}],"about":[{"href":"https:\/\/www.europesays.com\/fr\/wp-json\/wp\/v2\/types\/post"}],"author":[{"embeddable":true,"href":"https:\/\/www.europesays.com\/fr\/wp-json\/wp\/v2\/users\/2"}],"replies":[{"embeddable":true,"href":"https:\/\/www.europesays.com\/fr\/wp-json\/wp\/v2\/comments?post=382259"}],"version-history":[{"count":0,"href":"https:\/\/www.europesays.com\/fr\/wp-json\/wp\/v2\/posts\/382259\/revisions"}],"wp:featuredmedia":[{"embeddable":true,"href":"https:\/\/www.europesays.com\/fr\/wp-json\/wp\/v2\/media\/382260"}],"wp:attachment":[{"href":"https:\/\/www.europesays.com\/fr\/wp-json\/wp\/v2\/media?parent=382259"}],"wp:term":[{"taxonomy":"category","embeddable":true,"href":"https:\/\/www.europesays.com\/fr\/wp-json\/wp\/v2\/categories?post=382259"},{"taxonomy":"post_tag","embeddable":true,"href":"https:\/\/www.europesays.com\/fr\/wp-json\/wp\/v2\/tags?post=382259"}],"curies":[{"name":"wp","href":"https:\/\/api.w.org\/{rel}","templated":true}]}}