{"id":382267,"date":"2025-09-11T08:05:16","date_gmt":"2025-09-11T08:05:16","guid":{"rendered":"https:\/\/www.europesays.com\/fr\/382267\/"},"modified":"2025-09-11T08:05:16","modified_gmt":"2025-09-11T08:05:16","slug":"en-direct-incursion-de-drones-russes-la-pologne-a-demande-une-reunion-extraordinaire-au-conseil-de-securite-de-lonu","status":"publish","type":"post","link":"https:\/\/www.europesays.com\/fr\/382267\/","title":{"rendered":"EN DIRECT &#8211; Incursion de drones russes : la Pologne a demand\u00e9 une r\u00e9union extraordinaire au Conseil de s\u00e9curit\u00e9 de l&rsquo;ONU"},"content":{"rendered":"<ul class=\"jsx-862013697 ArticleChapo__List\">\n<li class=\"jsx-862013697 ArticleChapo__List_Item flex\">Volodymyr Zelensky a regrett\u00e9 le \u00ab\u00a0manque d&rsquo;action\u00a0\u00bb des dirigeants occidentaux apr\u00e8s l&rsquo;interception dans la nuit par la Pologne de drones russes pr\u00e9sum\u00e9s qui ont p\u00e9n\u00e9tr\u00e9 dans son espace a\u00e9rien.<\/li>\n<li class=\"jsx-862013697 ArticleChapo__List_Item flex\">La Pologne, soutenue par ses alli\u00e9s, a demand\u00e9 ce jeudi une r\u00e9union extraordinaire du Conseil de s\u00e9curit\u00e9 de l&rsquo;ONU.<\/li>\n<li class=\"jsx-862013697 ArticleChapo__List_Item flex\">Suivez les derni\u00e8res informations.<\/li>\n<\/ul>\n<p><a href=\"https:\/\/www.tf1info.fr\/actualite\/guerre-ukraine-russie-une-rencontre-donald-trump-vladimir-poutine-historique-le-vendredi-15-aout-2025-en-alaska-sans-volodymyr-zelensky-14326\/\" rel=\"noopener\" class=\"jsx-484472199 Link jsx-1428418400 jsx-554215408\" target=\"_blank\"><\/p>\n<p style=\"font-weight:400\" class=\"jsx-1837267516\">Suivez la couverture compl\u00e8te<\/p>\n<p style=\"font-weight:800\" class=\"jsx-1837267516\">Ukraine-Russie : des n\u00e9gociations dans l\u2019impasse<\/p>\n<p><\/a>Minute par minuteLA POLOGNE VEUT UNE R\u00c9UNION EXTRAORDINAIRE 09:20<\/p>\n<p>Le minist\u00e8re polonais des Affaires \u00e9trang\u00e8res a annonc\u00e9 jeudi qu&rsquo;une r\u00e9union extraordinaire du Conseil de s\u00e9curit\u00e9 de l&rsquo;ONU se tiendra \u00e0 sa demande, suite \u00e0 l&rsquo;intrusion d&rsquo;une vingtaine de drones pr\u00e9sum\u00e9s russes sur son territoire.<\/p>\n<p>\u00ab\u00a0\u00c0 la demande de la Pologne, une r\u00e9union extraordinaire du Conseil de s\u00e9curit\u00e9 des Nations unies sera convoqu\u00e9e au sujet de la violation de l&rsquo;espace a\u00e9rien polonais par la Russie\u00a0\u00bb, a indiqu\u00e9 le minist\u00e8re sur X.<\/p>\n<p>TRAFIC A\u00c9RIEN RESTREINT09:03<\/p>\n<p>La Pologne, pays membre de l&rsquo;UE et de l&rsquo;Otan, a annonc\u00e9 jeudi la limitation du trafic a\u00e9rien \u00e0 sa fronti\u00e8re orientale suite \u00e0 l&rsquo;intrusion d&rsquo;une vingtaine de drones pr\u00e9sum\u00e9s russes sur son territoire.<\/p>\n<p>Cette restriction en vigueur jusqu&rsquo;au d\u00e9but d\u00e9cembre, \u00ab\u00a0est mise en place pour assurer la s\u00e9curit\u00e9 nationale\u00a0\u00bb, a indiqu\u00e9 dans un communiqu\u00e9 l&rsquo;agence de navigation a\u00e9rienne polonaise (PAZP).<\/p>\n<p>L&rsquo;OTAN AU PIED DU MUR07:01<\/p>\n<p>Notre envoy\u00e9 sp\u00e9cial en Pologne, Thomas Misrachi, fait le point sur la situation ce jeudi matin<\/p>\n<p>Drones russes en Pologne : l&rsquo;Otan au pied du mur Source : TF1 Info<\/p>\n<p><img decoding=\"async\" src=\"https:\/\/www.europesays.com\/fr\/wp-content\/uploads\/2025\/09\/drones-russes-en-pologne-l-otan-au-pied-du-mur-522abd-0@1x.jpeg\" alt=\"Drones russes en Pologne : l'Otan au pied du mur \" loading=\"lazy\" importance=\"low\" fetchpriority=\"low\" class=\"\"\/><img decoding=\"async\" src=\"https:\/\/www.tf1info.fr\/images\/icons\/player-logo-play.svg\" alt=\"Logo lecture\" class=\"jsx-d0de44c05fe3042c PlayerLazyload__Play\"\/>TRUMP S&rsquo;ENTRETIENT AVEC LE PR\u00c9SIDENT POLONAIS06:59<\/p>\n<p>Le pr\u00e9sident am\u00e9ricain s&rsquo;est entretenu dans la nuit de mercredi \u00e0 jeudi avec son homologue polonais Karol Nawrocki, apr\u00e8s l&rsquo;incursion d&rsquo;une vingtaine de drones russes en Pologne. \u00a0<\/p>\n<p>\u00ab\u00a0Qu&rsquo;est-ce qui se passe avec la Russie qui viole l&rsquo;espace a\u00e9rien polonais avec des drones? C&rsquo;est parti !\u00a0\u00bb, avait-il \u00e9crit sur son r\u00e9seau Truth Social dans la soir\u00e9e mercredi. \u00a0La Pologne, soutenue par ses alli\u00e9s, a mis en garde mercredi contre un \u00ab\u00a0conflit ouvert\u00a0\u00bb avec la Russie.<\/p>\n<p>Les Occidentaux et l&rsquo;Alliance atlantique ont r\u00e9agi avec fermet\u00e9, et le secr\u00e9taire g\u00e9n\u00e9ral de l&rsquo;ONU, Antonio Guterres, a \u00e9voqu\u00e9 le \u00ab\u00a0risque r\u00e9el\u00a0\u00bb d&rsquo;une extension du conflit ukrainien. Moscou a d\u00e9menti.\u00a0<\/p>\n<p>06:54<\/p>\n<p>Bonjour \u00e0 toutes et \u00e0 tous, bienvenue dans ce live. Nous allons suivre ensemble les derni\u00e8res actualit\u00e9s de ce jeudi 11 septembre concernant la guerre en Ukraine, et notamment les suites de l&rsquo;incursion de drones russes en Pologne, qui met \u00e0 l&rsquo;\u00e9preuve l&rsquo;Otan.<\/p>\n<p data-module=\"article-paragraph\" class=\"jsx-3046738180 Paragraph\">La Pologne, soutenue par ses alli\u00e9s, a mis en garde ce mercredi contre un \u00ab\u00a0conflit ouvert\u00a0\u00bb avec la Russie apr\u00e8s l&rsquo;intrusion d&rsquo;une <a href=\"https:\/\/www.tf1info.fr\/international\/que-sait-on-de-l-incursion-inedite-de-drones-russes-en-pologne-2393752.html\" target=\"_blank\" rel=\"noopener\">vingtaine de drones attribu\u00e9s \u00e0 l&rsquo;arm\u00e9e russe (nouvelle fen\u00eatre)<\/a> sur le territoire de ce pays de l&rsquo;UE frontalier de l&rsquo;Ukraine, qui a n\u00e9cessit\u00e9 dans la nuit l&rsquo;intervention d&rsquo;avions de l&rsquo;Otan. Les Occidentaux et l&rsquo;Alliance atlantique ont r\u00e9agi avec fermet\u00e9, et le secr\u00e9taire g\u00e9n\u00e9ral de l&rsquo;ONU, Antonio Guterres, a \u00e9voqu\u00e9 le \u00ab\u00a0risque r\u00e9el\u00a0\u00bb d&rsquo;une extension du conflit ukrainien. Moscou a d\u00e9menti.<\/p>\n<p data-module=\"article-paragraph\" class=\"jsx-3046738180 Paragraph Paragraph__End\">Quant au pr\u00e9sident am\u00e9ricain Donald Trump, il a publi\u00e9 un message laconique mais validant l&rsquo;accusation lanc\u00e9e contre Moscou : \u00ab\u00a0Qu&rsquo;est-ce qui se passe avec la Russie qui viole l&rsquo;espace a\u00e9rien polonais avec des drones ? C&rsquo;est parti !\u00a0\u00bb, a-t-il \u00e9crit sur son r\u00e9seau Truth Social, la Maison Blanche indiquant par ailleurs que le pr\u00e9sident suivait la situation et devait s&rsquo;entretenir avec son homologue polonais Karol Nawrocki.<\/p>\n<p><a href=\"https:\/\/www.tf1info.fr\/international\/incursion-de-drones-russes-en-pologne-c-est-quoi-l-article-4-que-varsovie-demande-a-l-otan-d-activer-2393758.html\" rel=\"noopener\" class=\"jsx-3308031228 Link flex\" target=\"_blank\"><img decoding=\"async\" src=\"https:\/\/www.europesays.com\/fr\/wp-content\/uploads\/2025\/09\/donald-tusk-pologne-decembre-2023-9db061-0@1x.jpeg\" alt=\"AFP\" loading=\"lazy\" importance=\"low\" fetchpriority=\"low\" class=\"\" aria-hidden=\"true\"\/><\/p>\n<p class=\"jsx-3657663356 ReadMoreArticle__Title\">Lire aussi<\/p>\n<p class=\"jsx-3657663356\">Incursion de drones russes en Pologne : c&rsquo;est quoi l&rsquo;article 4 que Varsovie demande \u00e0 l&rsquo;Otan d&rsquo;activer ?<\/p>\n<p><\/a><\/p>\n<p data-module=\"article-paragraph\" class=\"jsx-3046738180 Paragraph\">Selon le Premier ministre polonais, Donald Tusk, ce sont 19 appareils au moins qui ont p\u00e9n\u00e9tr\u00e9 le territoire du pays dans la nuit, exigeant le d\u00e9collage d&rsquo;avions de chasse polonais mais aussi l&rsquo;intervention d&rsquo;appareils de l&rsquo;Otan. Ni les drones, dont au moins trois ont \u00e9t\u00e9 abattus, ni leur destruction n&rsquo;ont fait de victimes, a d\u00e9clar\u00e9 Tusk devant le Parlement polonais, mais cette \u00ab\u00a0action russe\u00a0\u00bb est de nature \u00e0 \u00ab\u00a0nous rapprocher plus que cela n&rsquo;a jamais \u00e9t\u00e9 d&rsquo;un conflit ouvert depuis la Seconde Guerre mondiale\u00a0\u00bb, a-t-il d\u00e9clar\u00e9.<\/p>\n<p data-module=\"article-paragraph\" class=\"jsx-3046738180 Paragraph Paragraph__End\">Au total, 14 drones ont \u00e9t\u00e9 retrouv\u00e9s, selon la porte-parole du minist\u00e8re de l&rsquo;Int\u00e9rieur Karolina Galecka. Le minist\u00e8re avait auparavant \u00e9galement fait \u00e9tat de la d\u00e9couverte de d\u00e9bris d&rsquo;un projectile non identifi\u00e9, et indiqu\u00e9 qu&rsquo;une maison et une voiture avaient \u00e9t\u00e9 endommag\u00e9es dans l&rsquo;est de la Pologne. \u00ab\u00a0Nous n&rsquo;avons aucun doute que ce n&rsquo;\u00e9tait pas un fait accidentel\u00a0\u00bb, a soulign\u00e9 le ministre polonais des Affaires \u00e9trang\u00e8res Radoslaw Sikorski, qui a d\u00e9nonc\u00e9 \u00ab\u00a0un cas d&rsquo;attaque sans pr\u00e9c\u00e9dent, non seulement sur le territoire de la Pologne mais aussi sur celui de l&rsquo;Otan et de l&rsquo;Union europ\u00e9enne\u00a0\u00bb.\u00a0<\/p>\n<p data-module=\"article-paragraph\" class=\"jsx-3046738180 Paragraph\">La Russie a oppos\u00e9 un d\u00e9menti laconique a ces accusations, son minist\u00e8re de la D\u00e9fense indiquant n&rsquo;avoir pas eu de projets \u00ab\u00a0d&rsquo;attaquer des cibles\u00a0\u00bb sur le sol polonais durant sa vague nocturne de frappes a\u00e9riennes sur le territoire ukrainien, et l&rsquo;ambassade russe \u00e0 Varsovie relevant que la Pologne n&rsquo;avait pas apport\u00e9 de \u00ab\u00a0preuves\u00a0\u00bb de ses affirmations. La diplomatie russe a en d\u00e9finitive accus\u00e9 la Pologne de vouloir \u00ab\u00a0aggraver\u00a0\u00bb la situation par des accusations infond\u00e9es.<\/p>\n<p data-module=\"article-paragraph\" class=\"jsx-3046738180 Paragraph Paragraph__End\">\u00c9voquant un \u00ab\u00a0ciblage d\u00e9lib\u00e9r\u00e9\u00a0\u00bb, le pr\u00e9sident ukrainien Volodymyr Zelensky a de son c\u00f4t\u00e9 affirm\u00e9 qu&rsquo;au moins huit drones russes avaient \u00e9t\u00e9 \u00ab\u00a0dirig\u00e9s vers la Pologne\u00a0\u00bb. Simultan\u00e9ment, la Russie a envoy\u00e9 458 drones et missiles contre l&rsquo;Ukraine, selon l&rsquo;arm\u00e9e ukrainienne. \u00ab\u00a0L&rsquo;Ukraine propose depuis longtemps \u00e0 ses partenaires la cr\u00e9ation d&rsquo;un syst\u00e8me commun de d\u00e9fense antia\u00e9rienne afin de garantir la destruction\u00a0\u00bb de ces engins, a expliqu\u00e9 Zelensky. Dans la soir\u00e9e, il a regrett\u00e9 le \u00ab\u00a0manque d&rsquo;action\u00a0\u00bb et de \u00ab\u00a0r\u00e9ponse ferme\u00a0\u00bb des dirigeants occidentaux, au-del\u00e0 des \u00ab\u00a0d\u00e9clarations\u00a0\u00bb.<\/p>\n<p>La r\u00e9daction de TF1info<\/p>\n","protected":false},"excerpt":{"rendered":"Volodymyr Zelensky a regrett\u00e9 le \u00ab\u00a0manque d&rsquo;action\u00a0\u00bb des dirigeants occidentaux apr\u00e8s l&rsquo;interception dans la nuit par la Pologne&hellip;\n","protected":false},"author":2,"featured_media":382268,"comment_status":"","ping_status":"","sticky":false,"template":"","format":"standard","meta":{"footnotes":""},"categories":[1590],"tags":[1111,11,1921,51538,75,1777,674,1922,1916,12,136,2437,132,220,1917,50704,364,133,1920,135,134],"class_list":{"0":"post-382267","1":"post","2":"type-post","3":"status-publish","4":"format-standard","5":"has-post-thumbnail","7":"category-ukraine","8":"tag-actu","9":"tag-actualites","10":"tag-article-video","11":"tag-des-drones-russes-violent-lespace-aerien-polonais","12":"tag-donald-trump","13":"tag-eu","14":"tag-europe","15":"tag-info","16":"tag-moscou","17":"tag-news","18":"tag-otan","19":"tag-pologne","20":"tag-russie","21":"tag-ukraine","22":"tag-ukraine-4-annee-de-guerre","23":"tag-ukraine-russie-des-negociations-dans-limpasse","24":"tag-union-europeenne","25":"tag-video","26":"tag-video-international","27":"tag-vladimir-poutine","28":"tag-volodymyr-zelensky"},"share_on_mastodon":{"url":"https:\/\/pubeurope.com\/@fr\/115184633708045142","error":""},"_links":{"self":[{"href":"https:\/\/www.europesays.com\/fr\/wp-json\/wp\/v2\/posts\/382267","targetHints":{"allow":["GET"]}}],"collection":[{"href":"https:\/\/www.europesays.com\/fr\/wp-json\/wp\/v2\/posts"}],"about":[{"href":"https:\/\/www.europesays.com\/fr\/wp-json\/wp\/v2\/types\/post"}],"author":[{"embeddable":true,"href":"https:\/\/www.europesays.com\/fr\/wp-json\/wp\/v2\/users\/2"}],"replies":[{"embeddable":true,"href":"https:\/\/www.europesays.com\/fr\/wp-json\/wp\/v2\/comments?post=382267"}],"version-history":[{"count":0,"href":"https:\/\/www.europesays.com\/fr\/wp-json\/wp\/v2\/posts\/382267\/revisions"}],"wp:featuredmedia":[{"embeddable":true,"href":"https:\/\/www.europesays.com\/fr\/wp-json\/wp\/v2\/media\/382268"}],"wp:attachment":[{"href":"https:\/\/www.europesays.com\/fr\/wp-json\/wp\/v2\/media?parent=382267"}],"wp:term":[{"taxonomy":"category","embeddable":true,"href":"https:\/\/www.europesays.com\/fr\/wp-json\/wp\/v2\/categories?post=382267"},{"taxonomy":"post_tag","embeddable":true,"href":"https:\/\/www.europesays.com\/fr\/wp-json\/wp\/v2\/tags?post=382267"}],"curies":[{"name":"wp","href":"https:\/\/api.w.org\/{rel}","templated":true}]}}