{"id":382273,"date":"2025-09-11T08:08:12","date_gmt":"2025-09-11T08:08:12","guid":{"rendered":"https:\/\/www.europesays.com\/fr\/382273\/"},"modified":"2025-09-11T08:08:12","modified_gmt":"2025-09-11T08:08:12","slug":"lallemagne-resiste-a-un-immense-luka-doncic-et-defiera-la-surprise-finlandaise-en-demi-finale","status":"publish","type":"post","link":"https:\/\/www.europesays.com\/fr\/382273\/","title":{"rendered":"l\u2019Allemagne r\u00e9siste \u00e0 un immense Luka Doncic et d\u00e9fiera la surprise finlandaise en demi-finale"},"content":{"rendered":"<p>Plus adroits \u00e0 3 points et ma\u00eetres de leurs nerfs, les Finlandais rallient pour la premi\u00e8re fois les demi-finales apr\u00e8s avoir remport\u00e9 le duel des surprises contre la G\u00e9orgie (93-79), qui avait sorti la France en 8e de finale (80-70).<\/p>\n<p>Tombeuse de la Serbie en 8e (92-86), la Finlande a creus\u00e9 l\u2019\u00e9cart en premi\u00e8re p\u00e9riode (57-40 \u00e0 la mi-temps) gr\u00e2ce notamment \u00e0 son adresse ext\u00e9rieure (10\u00a0\/\u00a015, 17\u00a0\/\u00a031 au final), en particulier celle de l\u2019ancien parisien Mikael Jantunen (15 pts \u00e0 3\/4 derri\u00e8re l\u2019arc, 19 pts \u00e0 3\/7 au final).<\/p>\n<p>L\u2019\u00e9quipe du joueur phare de la NBA dans les rangs des Utah Jazz, Lauri Markkanen (17 pts et 6 rebonds), a ensuite r\u00e9sist\u00e9 au retour des G\u00e9orgiens, qui disputaient leur premier quart de finale.<\/p>\n<p>Les co\u00e9quipiers d\u2019Alexander Mamukelashvili (Toronto, 22 pts) sont revenus \u00e0 11 longueurs en fin de troisi\u00e8me quart-temps (71-62) puis \u00e0 sept \u00e0 cinq minutes du buzzer, mais les deux seuls tirs prim\u00e9s d\u2019Elias Valtonen les ont repouss\u00e9s imm\u00e9diatement \u00e0 distance (87-74 \u00e0 3 min 30 sec de la fin). L\u2019exclusion dans la foul\u00e9e de Tornike Shengelia, pour une double faute technique et sportive sur Edhon Maxhuni et apr\u00e8s celle de Goga Bitadze, a \u00f4t\u00e9 leurs derniers espoirs.<\/p>\n<p>Doncic n\u2019a pas suffi<\/p>\n<p>Dans le match au sommet des quarts de finale, les Allemands, m\u00e9daill\u00e9s de bronze du dernier Euro et champions du monde en titre, ont fait plier les Slov\u00e8nes (99-91).<\/p>\n<p>Luka Doncic, joueur star des Lakers de Los Angeles, et ses co\u00e9quipiers semblaient pourtant avoir le match en main, menant au score d\u00e8s la 4e minute et comptant jusqu\u2019\u00e0 onze points d\u2019avance \u00e0 la fin du premier quart-temps.<\/p>\n<p>Doncic, fid\u00e8le \u00e0 ses standards habituels (39 points, 34 en moyenne depuis le d\u00e9but de l\u2019Euro), n\u2019a cependant pas suffi et les Allemands port\u00e9s par leur ma\u00eetre \u00e0 jouer Dennis Schroder (20 pts) et leur meilleur scoreur Franz Wagner (23 pts), ont tout renvers\u00e9 dans les dix derni\u00e8res minutes.<\/p>\n","protected":false},"excerpt":{"rendered":"Plus adroits \u00e0 3 points et ma\u00eetres de leurs nerfs, les Finlandais rallient pour la premi\u00e8re fois les&hellip;\n","protected":false},"author":2,"featured_media":382274,"comment_status":"","ping_status":"","sticky":false,"template":"","format":"standard","meta":{"footnotes":""},"categories":[1587],"tags":[11,672,1804,1805,1803,1777,674,1801,12,1802],"class_list":{"0":"post-382273","1":"post","2":"type-post","3":"status-publish","4":"format-standard","5":"has-post-thumbnail","7":"category-allemagne","8":"tag-actualites","9":"tag-allemagne","10":"tag-bundesrepublik-deutschland","11":"tag-de","12":"tag-deutschland","13":"tag-eu","14":"tag-europe","15":"tag-germany","16":"tag-news","17":"tag-republique-federale-dallemagne"},"share_on_mastodon":{"url":"https:\/\/pubeurope.com\/@fr\/115184645256073213","error":""},"_links":{"self":[{"href":"https:\/\/www.europesays.com\/fr\/wp-json\/wp\/v2\/posts\/382273","targetHints":{"allow":["GET"]}}],"collection":[{"href":"https:\/\/www.europesays.com\/fr\/wp-json\/wp\/v2\/posts"}],"about":[{"href":"https:\/\/www.europesays.com\/fr\/wp-json\/wp\/v2\/types\/post"}],"author":[{"embeddable":true,"href":"https:\/\/www.europesays.com\/fr\/wp-json\/wp\/v2\/users\/2"}],"replies":[{"embeddable":true,"href":"https:\/\/www.europesays.com\/fr\/wp-json\/wp\/v2\/comments?post=382273"}],"version-history":[{"count":0,"href":"https:\/\/www.europesays.com\/fr\/wp-json\/wp\/v2\/posts\/382273\/revisions"}],"wp:featuredmedia":[{"embeddable":true,"href":"https:\/\/www.europesays.com\/fr\/wp-json\/wp\/v2\/media\/382274"}],"wp:attachment":[{"href":"https:\/\/www.europesays.com\/fr\/wp-json\/wp\/v2\/media?parent=382273"}],"wp:term":[{"taxonomy":"category","embeddable":true,"href":"https:\/\/www.europesays.com\/fr\/wp-json\/wp\/v2\/categories?post=382273"},{"taxonomy":"post_tag","embeddable":true,"href":"https:\/\/www.europesays.com\/fr\/wp-json\/wp\/v2\/tags?post=382273"}],"curies":[{"name":"wp","href":"https:\/\/api.w.org\/{rel}","templated":true}]}}