{"id":382275,"date":"2025-09-11T08:09:12","date_gmt":"2025-09-11T08:09:12","guid":{"rendered":"https:\/\/www.europesays.com\/fr\/382275\/"},"modified":"2025-09-11T08:09:12","modified_gmt":"2025-09-11T08:09:12","slug":"a-chatelet-incendies-violences-et-gaz-lacrymogenes-ont-marque-la-journee-de-mobilisation","status":"publish","type":"post","link":"https:\/\/www.europesays.com\/fr\/382275\/","title":{"rendered":"\u00e0 Ch\u00e2telet, incendies, violences et gaz lacrymog\u00e8nes ont marqu\u00e9 la journ\u00e9e de mobilisation"},"content":{"rendered":"<p class=\"intro \">La France a connu une journ\u00e9e difficile, ce mercredi 10 septembre, notamment dans le centre de Paris avec des centaines d&rsquo;actions et d&rsquo;interpellations lors d&rsquo;une mobilisation n\u00e9e sur les r\u00e9seaux sociaux. Un incendie a endommag\u00e9 la fa\u00e7ade d&rsquo;un immeuble alors que des manifestants faisaient face \u00e0 des policiers.<\/p>\n<p>Contre l&rsquo;aust\u00e9rit\u00e9, les \u00ab\u00a0in\u00e9galit\u00e9s\u00a0\u00bb et le \u00ab\u00a0d\u00e9ni\u00a0\u00bb d\u00e9mocratique : la France a connu un 10 septembre sous tensions, avec des centaines d&rsquo;actions et d&rsquo;interpellations lors d&rsquo;une mobilisation n\u00e9e sur les r\u00e9seaux sociaux. Malheureusement, lors de cette journ\u00e9e de mobilisation, des sc\u00e8nes d&rsquo;une violence inou\u00efe ont \u00e9clat\u00e9.<\/p>\n<p>    La suite apr\u00e8s cette publicit\u00e9<\/p>\n<p>    La suite apr\u00e8s cette publicit\u00e9<\/p>\n<p>Dans le centre de Paris o\u00f9 le mobilier urbain a \u00e9t\u00e9 fortement d\u00e9grad\u00e9, Europe 1 a sillonn\u00e9 les rues de la capitale. Des poubelles calcin\u00e9es, des vitres bris\u00e9es ou encore des abribus d\u00e9grad\u00e9s ont \u00e9t\u00e9 observ\u00e9s. <a href=\"https:\/\/www.europe1.fr\/societe\/mouvement-du-10-septembre-le-quartier-de-chatelet-a-paris-theatre-de-vives-tensions-772160\" target=\"_blank\" rel=\"nofollow noopener\">Dans les rues du quartier de Ch\u00e2telet<\/a>, les traces du passage des manifestants \u00e9taient partout.<\/p>\n<p>Tr\u00e8s mobiles et souvent v\u00eatues de noirs, quelques casseurs ont cru bon de s&rsquo;en prendre aux forces de l&rsquo;ordre avec des projectiles sous les insultes de la foule.\u00a0<\/p>\n<p>    La suite apr\u00e8s cette publicit\u00e9<\/p>\n<p>    La suite apr\u00e8s cette publicit\u00e9<\/p>\n<p>Les CRS ont tent\u00e9 d&rsquo;\u00e9vacuer la foule<\/p>\n<p>\u00ab\u00a0Tout le monde d\u00e9teste la police\u00a0\u00bb, ont scand\u00e9 les manifestants qui, repouss\u00e9s par les charges polici\u00e8res, ont fini par se retrancher sur la place de la R\u00e9publique. Sur la statue de la R\u00e9publique, de nombreux tags anti-Emmanuel Macron mais aussi <a href=\"https:\/\/www.europe1.fr\/dossiers\/gaza\" target=\"_blank\" rel=\"nofollow noopener\">pro-Gaza<\/a> ont \u00e9t\u00e9 inscrits au feutre noir et rouge.\u00a0<\/p>\n<p>Dans un nuage de gaz lacrymog\u00e8ne, les CRS ont tent\u00e9 d&rsquo;\u00e9vacuer la foule, usant \u00e0 plusieurs reprises de grenades de dispersion. Encercl\u00e9s par les forces de l&rsquo;ordre, les manifestants, souvent tr\u00e8s jeunes, ont fini par \u00e9vacuer les lieux par le m\u00e9tro. Les plus obstin\u00e9s ont \u00e9t\u00e9 interpell\u00e9s et exfiltr\u00e9s vers des camions de CRS pour \u00eatre plac\u00e9s en garde \u00e0 vue, laissant derri\u00e8re eux des fracas de bouteilles en verre, utilis\u00e9s comme projectiles contre les policiers.\u00a0<\/p>\n","protected":false},"excerpt":{"rendered":"La France a connu une journ\u00e9e difficile, ce mercredi 10 septembre, notamment dans le centre de Paris avec&hellip;\n","protected":false},"author":2,"featured_media":382276,"comment_status":"","ping_status":"","sticky":false,"template":"","format":"standard","meta":{"footnotes":""},"categories":[1586],"tags":[11,1777,674,1011,27,12,25],"class_list":{"0":"post-382275","1":"post","2":"type-post","3":"status-publish","4":"format-standard","5":"has-post-thumbnail","7":"category-europe","8":"tag-actualites","9":"tag-eu","10":"tag-europe","11":"tag-fr","12":"tag-france","13":"tag-news","14":"tag-republique-francaise"},"share_on_mastodon":{"url":"https:\/\/pubeurope.com\/@fr\/115184649172859183","error":""},"_links":{"self":[{"href":"https:\/\/www.europesays.com\/fr\/wp-json\/wp\/v2\/posts\/382275","targetHints":{"allow":["GET"]}}],"collection":[{"href":"https:\/\/www.europesays.com\/fr\/wp-json\/wp\/v2\/posts"}],"about":[{"href":"https:\/\/www.europesays.com\/fr\/wp-json\/wp\/v2\/types\/post"}],"author":[{"embeddable":true,"href":"https:\/\/www.europesays.com\/fr\/wp-json\/wp\/v2\/users\/2"}],"replies":[{"embeddable":true,"href":"https:\/\/www.europesays.com\/fr\/wp-json\/wp\/v2\/comments?post=382275"}],"version-history":[{"count":0,"href":"https:\/\/www.europesays.com\/fr\/wp-json\/wp\/v2\/posts\/382275\/revisions"}],"wp:featuredmedia":[{"embeddable":true,"href":"https:\/\/www.europesays.com\/fr\/wp-json\/wp\/v2\/media\/382276"}],"wp:attachment":[{"href":"https:\/\/www.europesays.com\/fr\/wp-json\/wp\/v2\/media?parent=382275"}],"wp:term":[{"taxonomy":"category","embeddable":true,"href":"https:\/\/www.europesays.com\/fr\/wp-json\/wp\/v2\/categories?post=382275"},{"taxonomy":"post_tag","embeddable":true,"href":"https:\/\/www.europesays.com\/fr\/wp-json\/wp\/v2\/tags?post=382275"}],"curies":[{"name":"wp","href":"https:\/\/api.w.org\/{rel}","templated":true}]}}