{"id":382279,"date":"2025-09-11T08:11:11","date_gmt":"2025-09-11T08:11:11","guid":{"rendered":"https:\/\/www.europesays.com\/fr\/382279\/"},"modified":"2025-09-11T08:11:11","modified_gmt":"2025-09-11T08:11:11","slug":"en-direct-mouvement-du-10-septembre-bloquons-tout-a-ete-un-echec-il-ny-a-eu-aucun-blocage-malgre-les-nombreuses-tentatives-assure-laurent-nunez-le-monde-fr","status":"publish","type":"post","link":"https:\/\/www.europesays.com\/fr\/382279\/","title":{"rendered":"En direct, mouvement du 10 septembre : \u00ab Bloquons tout a \u00e9t\u00e9 un \u00e9chec : il n\u2019y a eu aucun blocage malgr\u00e9 les nombreuses tentatives \u00bb, assure Laurent Nu\u00f1ez &#8211; Le Monde.fr"},"content":{"rendered":"<ol>\n<li><a href=\"https:\/\/news.google.com\/rss\/articles\/CBMiuAJBVV95cUxOd01VOTh0a2k3VWVVaXFTZWhyUlFDcUdsU193TUNLQzc1M1N1ZFpuamp4emZrSmczNXdQNU9lWFpLSW0tNmt0VkJwZVcxVlJrby1yRzNzbG1XUk50VkpyZHBxUjJLdzhZWm91UnlTNVNTbGZNVHI5TXktQ2UzbGZOdDRQaTdPVjFuYjhHLVNkVm5fM3pidzJvOVlRb05PT2ZHcl9WWVltcEFPWmliUUxfMHQ0MWVKTWZjQ2VMV0MwWXg2VTRqTHRVTjJKamhOVzEwc3Y2RFFEMDh1bDBtODVwSUR6b2lSNm1pejhEd2paY3JaQ1FZaFF5TU5UNlNtZ0ZwOWZpM091T0tzVklacFRkbTVmZU54YUhUN3JkUTNvQjJOelJxSFhPTE5XcUhnV1psMDcwaXN2S1k?oc=5\" target=\"_blank\" rel=\"nofollow noopener\">En direct, mouvement du 10 septembre : \u00ab Bloquons tout a \u00e9t\u00e9 un \u00e9chec : il n\u2019y a eu aucun blocage malgr\u00e9 les nombreuses tentatives \u00bb, assure Laurent Nu\u00f1ez<\/a>&nbsp;&nbsp;Le Monde.fr<\/li>\n<li><a href=\"https:\/\/news.google.com\/rss\/articles\/CBMiwwFBVV95cUxPenpnQlU0eC1QNktuUGhRSXVhLW1nOV8zN0JpNDhRWUpxcFRYeU5iWGZWSG0wVXhkTWFwQjJ2SjRaYVNIcjg5MzF5cDZBUkRPWktyaWJvT1h6bmp6Wm1tNWJTR2V1Z0NlUjZHSU52WDZMLVR0cHAwTGlIT0VNa2s5U2dhbGxnVllVZmIzU2VmaWwwOWlUYWdtT2hTaHJpUjJ0TWdzODg3V3ZRRHhYcjF3MTJMNmNYdlZPVGd6ZjZWLUJmc0k?oc=5\" target=\"_blank\" rel=\"nofollow noopener\">Les tentatives de blocage du 10 septembre contr\u00e9es par les forces de l&rsquo;ordre, place \u00e0 la gr\u00e8ve<\/a>&nbsp;&nbsp;Hit West<\/li>\n<li><a href=\"https:\/\/news.google.com\/rss\/articles\/CBMi3gFBVV95cUxPWFRqQ09kZm8wc0lEV2hINTBhRnhaYUhmaFdWR01oenR0dVBpWjRSejhBVTNJUHNNdlB1eGRtWmpzRGVwVzlOdGQzaU5Ca1YxZzh1N2RrV2VjamtQazNrZ2xPTDA1Z2JZbjlUUWZBVnhUQk90UHhFM0dZR3Y3U292SVUzemR4akp0Z1FYZG13bzBUNzFueXVIV1dwdzRveHZsRV9aMEc1ZlM1dFpUNlQzSllPUU0zZmpzbWRMbkF3ZXhVU0tJT1hSVm55c1laOFdDOHdXNW5NaDNadE4wUUE?oc=5\" target=\"_blank\" rel=\"nofollow noopener\">675 interpellations en France apr\u00e8s le mouvement du 10 septembre, selon un dernier bilan<\/a>&nbsp;&nbsp;BFMTV<\/li>\n<li><a href=\"https:\/\/news.google.com\/rss\/articles\/CBMi_AFBVV95cUxQMkZnVTE0Z2VHZWdLcFRFTndhSG9iV2ZYOTNwUVBXOGlFUjhIOW0tZUNZVzJWNnRTS0dMNVlfdm9CeEFLejJxeFVON1dyeXh6ZFkxbFZtZEF0NmE2a2RPVjF1OG9feEFwMVN1Z25PQUxmVjBfaGJQRTI1TjVSQmkzeUpQY0VmS0NVbzdNcjBsV1c2WXFUeFQtU05ZTkV4TDFiUFFxbXlCUUpnYnNhckwxTWVzUWJVVV9qcWNGYlJKT0g5eDJnRHl1T05FdHU0SjZJa2VZMnhMYnJvam5rTlZIbWhiM1BDMFRCbUxIN29TQ0ZCbk9QeHl4MW9JXzQ?oc=5\" target=\"_blank\" rel=\"nofollow noopener\">Mouvement du 10 septembre : 164 gardes \u00e0 vue en IDF, \u00ab Il n\u2019y a eu aucun blocage \u00bb, se f\u00e9licite le pr\u00e9fet de police de Paris<\/a>&nbsp;&nbsp;Le Parisien<\/li>\n<li><a href=\"https:\/\/news.google.com\/rss\/articles\/CBMitwFBVV95cUxNU1ZoZGNlRGJnM2Y5ek1nSWIyejRTME9jUmFSUkhCejlJX19BUzZzU3JtVURrNUFLLXVfSEV4X3VkSTJXdC1oalVETGo2cFp1UzJzdjh3WTRXODdpVWNUc1RZM2RJd0t3Y3JyaDJNLUV5NzR0WVRwWkpPR2dDQUZubmhyOTRFUlZ6ZHRoM0xSOGdnNFg5ZHVrMmsyN0U3eG84Skt5M2JrblZyR0ctVEEzNFJCeFhqXzTSAbwBQVVfeXFMUFQ0aGJRTUJxQkoxazJVSjM0ZVR3LXpiQlVHVnM4cWhWd0VuOUZJdktlVGJCa1c2ZGZSTVBZV3U1dGVKcDhQVkRBQngzbW9lM0lxZFpJc3ZOQzlrMzBQN0RTcllfVUtZMDVBbmRQZTF1T2tzMF9yUlluajBtRDRHdVZEOFNRLVl0TWgzODZPWXRTTHdvbXB5SWdRcHQzUjdkNVB1QXg4WXlMSkpPQ2JYdGlNQ3BRbWhNUlJTbzg?oc=5\" target=\"_blank\" rel=\"nofollow noopener\">Mouvement du 10 septembre : \u00abOn a eu affaire \u00e0 des groupes extr\u00eamement violents et tr\u00e8s jeunes qui s&rsquo;en sont pris \u00e0 des policiers\u00bb, t\u00e9moigne Laurent Nu\u00f1ez<\/a>&nbsp;&nbsp;CNews<\/li>\n<\/ol>\n","protected":false},"excerpt":{"rendered":"En direct, mouvement du 10 septembre : \u00ab Bloquons tout a \u00e9t\u00e9 un \u00e9chec : il n\u2019y a&hellip;\n","protected":false},"author":2,"featured_media":382280,"comment_status":"","ping_status":"","sticky":false,"template":"","format":"standard","meta":{"footnotes":""},"categories":[2],"tags":[11,1011,27,12,25],"class_list":{"0":"post-382279","1":"post","2":"type-post","3":"status-publish","4":"format-standard","5":"has-post-thumbnail","7":"category-actualites","8":"tag-actualites","9":"tag-fr","10":"tag-france","11":"tag-news","12":"tag-republique-francaise"},"share_on_mastodon":{"url":"https:\/\/pubeurope.com\/@fr\/115184656961370479","error":""},"_links":{"self":[{"href":"https:\/\/www.europesays.com\/fr\/wp-json\/wp\/v2\/posts\/382279","targetHints":{"allow":["GET"]}}],"collection":[{"href":"https:\/\/www.europesays.com\/fr\/wp-json\/wp\/v2\/posts"}],"about":[{"href":"https:\/\/www.europesays.com\/fr\/wp-json\/wp\/v2\/types\/post"}],"author":[{"embeddable":true,"href":"https:\/\/www.europesays.com\/fr\/wp-json\/wp\/v2\/users\/2"}],"replies":[{"embeddable":true,"href":"https:\/\/www.europesays.com\/fr\/wp-json\/wp\/v2\/comments?post=382279"}],"version-history":[{"count":0,"href":"https:\/\/www.europesays.com\/fr\/wp-json\/wp\/v2\/posts\/382279\/revisions"}],"wp:featuredmedia":[{"embeddable":true,"href":"https:\/\/www.europesays.com\/fr\/wp-json\/wp\/v2\/media\/382280"}],"wp:attachment":[{"href":"https:\/\/www.europesays.com\/fr\/wp-json\/wp\/v2\/media?parent=382279"}],"wp:term":[{"taxonomy":"category","embeddable":true,"href":"https:\/\/www.europesays.com\/fr\/wp-json\/wp\/v2\/categories?post=382279"},{"taxonomy":"post_tag","embeddable":true,"href":"https:\/\/www.europesays.com\/fr\/wp-json\/wp\/v2\/tags?post=382279"}],"curies":[{"name":"wp","href":"https:\/\/api.w.org\/{rel}","templated":true}]}}