{"id":382281,"date":"2025-09-11T08:12:15","date_gmt":"2025-09-11T08:12:15","guid":{"rendered":"https:\/\/www.europesays.com\/fr\/382281\/"},"modified":"2025-09-11T08:12:15","modified_gmt":"2025-09-11T08:12:15","slug":"retraite-protection-chauffeur-les-ministres-sortants-ont-ils-droit-a-une-retraite-specifique","status":"publish","type":"post","link":"https:\/\/www.europesays.com\/fr\/382281\/","title":{"rendered":"Retraite, protection, chauffeur&#8230; Les ministres sortants ont-ils droit \u00e0 une retraite sp\u00e9cifique ?"},"content":{"rendered":"<p class=\"article-p mdl\">Neuf mois apr\u00e8s son arriv\u00e9e \u00e0 Matignon, Fran\u00e7ois Bayrou a d\u00e9missionn\u00e9 le mardi 9 septembre, \u00e0 l&rsquo;issue d&rsquo;un vote de confiance d\u00e9favorable \u00e0 l&rsquo;Assembl\u00e9e nationale. Il a quitt\u00e9 son poste de Premier ministre, comme l&rsquo;ensemble de son gouvernement qui n&rsquo;est pas garanti d&rsquo;\u00eatre rappel\u00e9 par S\u00e9bastien Lecornu. Ces ministres, dont la mission dur\u00e9 moins longtemps que pr\u00e9vu, ne vont pas pour autant b\u00e9n\u00e9ficier d&rsquo;une retraite \u00e0 vie.<\/p>\n<p class=\"article-p mdl\">Les ministres sortants ne partent pas n\u00e9cessairement \u00e0 la retraite. \u00c0 l&rsquo;image de Jean Castex, \u00e0 la t\u00eate de la RATP. De plus, les ministres ne peuvent pr\u00e9tendre \u00e0 une retraite sp\u00e9cifique. Comme l&rsquo;explique la\u00a0<a class=\"link\" href=\"https:\/\/www.prefon.fr\/guide-de-la-retraite\/la-retraite-des-ministres.html\" target=\"_blank\" rel=\"noopener\">Caisse nationale de pr\u00e9voyance de la fonction publique<\/a>\u00a0(Pr\u00e9fon), les ministres\u00a0cotisent aux m\u00eames caisses de retraite que les fonctionnaires.\u00a0<\/p>\n<p class=\"article-p mdl\">Les membres du gouvernement peuvent b\u00e9n\u00e9ficier d&rsquo;une indemnit\u00e9 de d\u00e9part pendant trois mois maximum. Ils doivent seulement \u00eatre en r\u00e8gle concernant leur d\u00e9claration de patrimoine et d&rsquo;int\u00e9r\u00eat ainsi que n&rsquo;avoir aucune activit\u00e9 r\u00e9mun\u00e9r\u00e9e. <strong>Cette indemnit\u00e9 s&rsquo;\u00e9l\u00e8ve \u00e0 9.940 euros pour les ministres et 15.140 euros pour le Premier ministre<\/strong>.<\/p>\n<p>            Bayrou renonce \u00e0 une partie des avantages<\/p>\n<p class=\"article-p mdl\">Selon le poste occup\u00e9, certains avantages existent. Ceux qui exer\u00e7aient des fonctions r\u00e9galiennes ont droit \u00e0 une protection par un agent de s\u00e9curit\u00e9 \u00e0 vie. Le Premier ministre a aussi droit \u00e0 <strong>un assistant personnel<\/strong> \u00e0 condition d\u2019avoir cess\u00e9 ses fonctions depuis moins de 10 ans et ne pas b\u00e9n\u00e9ficier davantage \u00e9quivalent pour une autre fonction publique de mandataire. L&rsquo;ancien locataire de Matignon a \u00e9galement droit \u00e0 <strong>une voiture avec chauffeur<\/strong> \u00e0 vie.<\/p>\n<p class=\"article-p mdl\">\u00ab\u00a0Tout le monde croit qu&rsquo;il y a des privil\u00e8ges et des avantages, (&#8230;) ce n&rsquo;est pas vrai\u00a0\u00bb, a d\u00e9fendu Fran\u00e7ois Bayrou dans un entretien avec\u00a0<a class=\"link\" href=\"https:\/\/www.brut.media\/fr\/articles\/9-citations-a-retenir-de-linterview-de-francois-bayrou-sur-brut\" target=\"_blank\" rel=\"noopener\">Brut<\/a>. Dans son cas, il a assur\u00e9 qu&rsquo;il renon\u00e7ait \u00e0 tous les avantages auxquels il a droit en tant que Premier ministre sortant. Il ne conservera que la protection par un agent de s\u00e9curit\u00e9.<\/p>\n<p>    La r\u00e9daction vous recommande<\/p>\n<p class=\"s-newsletter__title\">\n                L\u2019actualit\u00e9 par la r\u00e9daction de RTL dans votre bo\u00eete mail.\n            <\/p>\n<p class=\"s-newsletter__subtitle\">\n                Gr\u00e2ce \u00e0 votre compte RTL abonnez-vous \u00e0 la newsletter RTL info pour suivre toute l&rsquo;actualit\u00e9 au quotidien\n            <\/p>\n<p>\n                                    Lire la suite\n                                <\/p>\n","protected":false},"excerpt":{"rendered":"Neuf mois apr\u00e8s son arriv\u00e9e \u00e0 Matignon, Fran\u00e7ois Bayrou a d\u00e9missionn\u00e9 le mardi 9 septembre, \u00e0 l&rsquo;issue d&rsquo;un&hellip;\n","protected":false},"author":2,"featured_media":382282,"comment_status":"","ping_status":"","sticky":false,"template":"","format":"standard","meta":{"footnotes":""},"categories":[2],"tags":[11,107,1011,27,418,49272,12,25],"class_list":{"0":"post-382281","1":"post","2":"type-post","3":"status-publish","4":"format-standard","5":"has-post-thumbnail","7":"category-actualites","8":"tag-actualites","9":"tag-fil-info","10":"tag-fr","11":"tag-france","12":"tag-gouvernement","13":"tag-matignon","14":"tag-news","15":"tag-republique-francaise"},"share_on_mastodon":{"url":"https:\/\/pubeurope.com\/@fr\/115184660892249097","error":""},"_links":{"self":[{"href":"https:\/\/www.europesays.com\/fr\/wp-json\/wp\/v2\/posts\/382281","targetHints":{"allow":["GET"]}}],"collection":[{"href":"https:\/\/www.europesays.com\/fr\/wp-json\/wp\/v2\/posts"}],"about":[{"href":"https:\/\/www.europesays.com\/fr\/wp-json\/wp\/v2\/types\/post"}],"author":[{"embeddable":true,"href":"https:\/\/www.europesays.com\/fr\/wp-json\/wp\/v2\/users\/2"}],"replies":[{"embeddable":true,"href":"https:\/\/www.europesays.com\/fr\/wp-json\/wp\/v2\/comments?post=382281"}],"version-history":[{"count":0,"href":"https:\/\/www.europesays.com\/fr\/wp-json\/wp\/v2\/posts\/382281\/revisions"}],"wp:featuredmedia":[{"embeddable":true,"href":"https:\/\/www.europesays.com\/fr\/wp-json\/wp\/v2\/media\/382282"}],"wp:attachment":[{"href":"https:\/\/www.europesays.com\/fr\/wp-json\/wp\/v2\/media?parent=382281"}],"wp:term":[{"taxonomy":"category","embeddable":true,"href":"https:\/\/www.europesays.com\/fr\/wp-json\/wp\/v2\/categories?post=382281"},{"taxonomy":"post_tag","embeddable":true,"href":"https:\/\/www.europesays.com\/fr\/wp-json\/wp\/v2\/tags?post=382281"}],"curies":[{"name":"wp","href":"https:\/\/api.w.org\/{rel}","templated":true}]}}