{"id":382283,"date":"2025-09-11T08:13:11","date_gmt":"2025-09-11T08:13:11","guid":{"rendered":"https:\/\/www.europesays.com\/fr\/382283\/"},"modified":"2025-09-11T08:13:11","modified_gmt":"2025-09-11T08:13:11","slug":"jeremy-decroche-lor-au-concours-un-des-meilleurs-apprentis-de-france","status":"publish","type":"post","link":"https:\/\/www.europesays.com\/fr\/382283\/","title":{"rendered":"J\u00e9r\u00e9my, d\u00e9croche l\u2019or au concours \u00ab\u00a0Un des meilleurs apprentis de France\u00a0\u00bb"},"content":{"rendered":"<p>\n                                                                    l&rsquo;essentiel<br \/>\n                                                                J\u00e9r\u00e9my, apprenti au P\u00f4le Formation Adour, remporte la m\u00e9daille d\u2019or nationale du concours MAF en chaudronnerie industrielle, apr\u00e8s un parcours exemplaire alliant passion, pers\u00e9v\u00e9rance et excellence technique.\n                            <\/p>\n<p>Depuis quatre ans, J\u00e9r\u00e9my suit un parcours en apprentissage au P\u00f4le Formation Adour. Apr\u00e8s un CAP R\u00e9alisations industrielles en chaudronnerie et soudage (RICS), puis un baccalaur\u00e9at professionnel Technicien en chaudronnerie industrielle (TCI), il entame cette ann\u00e9e un BTS Conception et r\u00e9alisation en chaudronnerie industrielle (CRCI), en partenariat avec l\u2019entreprise M\u00e9camont Hydro.<\/p>\n<p>Il d\u00e9couvre une passion en stage de 3e<\/p>\n<p>C\u2019est en classe de 3e que J\u00e9r\u00e9my d\u00e9couvre la chaudronnerie lors d\u2019un stage. Tr\u00e8s vite, il est s\u00e9duit par l\u2019aspect concret du m\u00e9tier\u00a0: \u201cCe qui m\u2019a plu, c\u2019est de suivre la fabrication d\u2019une pi\u00e8ce de A \u00e0 Z, du dessin jusqu\u2019\u00e0 la r\u00e9alisation. On voit le projet prendre vie\u00a0!\u201d.<\/p>\n<p>D\u00e9j\u00e0 m\u00e9daill\u00e9 au niveau d\u00e9partemental et r\u00e9gional lors d\u2019une premi\u00e8re participation au concours \u201cUn des Meilleurs Apprentis de France\u201d (MAF) en bac pro, J\u00e9r\u00e9my avait manqu\u00e9 la m\u00e9daille nationale. Cette ann\u00e9e, il rel\u00e8ve brillamment le d\u00e9fi et d\u00e9croche l\u2019or\u00a0: \u201cC\u2019\u00e9tait un vrai challenge. J\u2019avais envie de retenter ma chance, de montrer mes progr\u00e8s. Et d\u00e9crocher la m\u00e9daille d\u2019or nationale, c\u2019est une vraie fiert\u00e9.\u201d<br \/>Au-del\u00e0 de sa r\u00e9ussite personnelle, il souligne l\u2019implication collective\u00a0: \u201cMon patron et mes formateurs m\u2019ont toujours soutenu. C\u2019est une r\u00e9compense pour tout ce qu\u2019ils m\u2019ont transmis.\u201d<\/p>\n<p>Un concours technique exigeant<\/p>\n<p>Le concours MAF exige rigueur et savoir-faire. Les candidats doivent r\u00e9aliser une pi\u00e8ce technique complexe, depuis le dessin industriel jusqu\u2019\u00e0 la fabrication compl\u00e8te, repr\u00e9sentant environ 70\u00a0heures de travail. \u201cLa pi\u00e8ce de cette ann\u00e9e \u00e9tait particuli\u00e8rement complexe, rien \u00e0 voir avec ce que je fabrique habituellement en entreprise. Mais c\u2019est justement \u00e7a qui m\u2019a fait progresser\u201d, confie-t-il. Engag\u00e9 dans la cat\u00e9gorie \u201cTechnicien en chaudronnerie industrielle\u201d, J\u00e9r\u00e9my encourage les jeunes \u00e0 oser\u00a0: \u201cIl ne faut pas avoir peur, il faut foncer. C\u2019est un concours qui rend fier, et qui montre ce dont on est capable.\u201d Cette distinction vient confirmer l\u2019excellence des formations industrielles propos\u00e9es par le P\u00f4le Formation Adour et l\u2019accompagnement de qualit\u00e9 offert par les entreprises partenaires comme M\u00e9camont Hydro.<\/p>\n","protected":false},"excerpt":{"rendered":"l&rsquo;essentiel J\u00e9r\u00e9my, apprenti au P\u00f4le Formation Adour, remporte la m\u00e9daille d\u2019or nationale du concours MAF en chaudronnerie industrielle,&hellip;\n","protected":false},"author":2,"featured_media":382284,"comment_status":"","ping_status":"","sticky":false,"template":"","format":"standard","meta":{"footnotes":""},"categories":[4],"tags":[11,1011,27,12,25],"class_list":{"0":"post-382283","1":"post","2":"type-post","3":"status-publish","4":"format-standard","5":"has-post-thumbnail","7":"category-france","8":"tag-actualites","9":"tag-fr","10":"tag-france","11":"tag-news","12":"tag-republique-francaise"},"share_on_mastodon":{"url":"https:\/\/pubeurope.com\/@fr\/115184664794679640","error":""},"_links":{"self":[{"href":"https:\/\/www.europesays.com\/fr\/wp-json\/wp\/v2\/posts\/382283","targetHints":{"allow":["GET"]}}],"collection":[{"href":"https:\/\/www.europesays.com\/fr\/wp-json\/wp\/v2\/posts"}],"about":[{"href":"https:\/\/www.europesays.com\/fr\/wp-json\/wp\/v2\/types\/post"}],"author":[{"embeddable":true,"href":"https:\/\/www.europesays.com\/fr\/wp-json\/wp\/v2\/users\/2"}],"replies":[{"embeddable":true,"href":"https:\/\/www.europesays.com\/fr\/wp-json\/wp\/v2\/comments?post=382283"}],"version-history":[{"count":0,"href":"https:\/\/www.europesays.com\/fr\/wp-json\/wp\/v2\/posts\/382283\/revisions"}],"wp:featuredmedia":[{"embeddable":true,"href":"https:\/\/www.europesays.com\/fr\/wp-json\/wp\/v2\/media\/382284"}],"wp:attachment":[{"href":"https:\/\/www.europesays.com\/fr\/wp-json\/wp\/v2\/media?parent=382283"}],"wp:term":[{"taxonomy":"category","embeddable":true,"href":"https:\/\/www.europesays.com\/fr\/wp-json\/wp\/v2\/categories?post=382283"},{"taxonomy":"post_tag","embeddable":true,"href":"https:\/\/www.europesays.com\/fr\/wp-json\/wp\/v2\/tags?post=382283"}],"curies":[{"name":"wp","href":"https:\/\/api.w.org\/{rel}","templated":true}]}}