{"id":382289,"date":"2025-09-11T08:17:10","date_gmt":"2025-09-11T08:17:10","guid":{"rendered":"https:\/\/www.europesays.com\/fr\/382289\/"},"modified":"2025-09-11T08:17:10","modified_gmt":"2025-09-11T08:17:10","slug":"coupe-davis-hewitt-suspendu-deux-semaines","status":"publish","type":"post","link":"https:\/\/www.europesays.com\/fr\/382289\/","title":{"rendered":"Coupe Davis : Hewitt suspendu deux semaines"},"content":{"rendered":"<p class=\"date\">\n                                                            Aur\u00e9lie Sacchelli, Media365, publi\u00e9 le jeudi 11 septembre 2025 \u00e0 08h38\n                                                    <\/p>\n<p>Le capitaine de l&rsquo;\u00e9quipe d&rsquo;Australie de Coupe Davis Lleyton Hewitt a \u00e9t\u00e9 suspendu deux semaines pour avoir bouscul\u00e9 un officiel durant un contr\u00f4le anti-dopage. Sanction qui ne l&#8217;emp\u00eachera pas d&rsquo;officier lors du match contre la Belgique ce week-end.<\/p>\n<p>La Coupe Davis fait son retour en cette fin de semaine, avec le deuxi\u00e8me tour au programme (la France se d\u00e9place en Croatie). L&rsquo;une de ces huit rencontres verra l&rsquo;Australie d&rsquo;Alex De Minaur et Alexei Popyrin accueillir la Belgique de Zizou Bergs et Rapha\u00ebl Collignon \u00e0 Sydney. C\u00f4t\u00e9 australien, Lleyton Hewitt sera sur la chaise de capitaine, mais il s&rsquo;en est fallu de peu pour qu&rsquo;il ne puisse pas assurer sa mission. L&rsquo;ancien n\u00b01 mondial a en effet \u00e9t\u00e9 suspendu deux semaines par l&rsquo;Agence internationale pour l&rsquo;int\u00e9grit\u00e9 du tennis. La raison ? En novembre dernier, apr\u00e8s la d\u00e9faite de son \u00e9quipe en demi-finale de la Coupe Davis contre l&rsquo;Italie \u00e0 Malaga, Lleyton Hewitt avait bouscul\u00e9 un officiel responsable du contr\u00f4le antidopage, \u00e2g\u00e9 de 60 ans, dans un couloir bond\u00e9. Le capitaine sera donc suspendu du 25 septembre au 7 octobre, c&rsquo;est-\u00e0-dire lors d&rsquo;une p\u00e9riode sans matchs de Coupe Davis, ce qui ne sera donc pas trop p\u00e9nalisant. Il va en revanche devoir s&rsquo;acquitter d&rsquo;une amende de 30 000 dollars australiens, soit 17 000 euros. <strong>Le tribunal a par ailleurs recommand\u00e9 qu&rsquo;un tiers de l&rsquo;amende re\u00e7ue par l&rsquo;Agence internationale pour l&rsquo;int\u00e9grit\u00e9 du tennis (ITIA) soit vers\u00e9 \u00e0 l&rsquo;officiel bouscul\u00e9 \u00ab en compensation du stress, de l&rsquo;inconfort et de l&#8217;embarras caus\u00e9s par l&rsquo;incident \u00bb.<\/strong> L&rsquo;homme a fait savoir qu&rsquo;il ne se porterait plus jamais volontaire pour cette fonction.<\/p>\n<p>La d\u00e9fense a plaid\u00e9 la l\u00e9gitime d\u00e9fense<\/p>\n<p>La d\u00e9fense de Lleyton Hewitt a assur\u00e9 que l&rsquo;ancien joueur avait agi en situation de l\u00e9gitime d\u00e9fense, affirmant que \u00ab sa brillante carri\u00e8re de 25 ans est marqu\u00e9e par un professionnalisme et un engagement exemplaires envers le tennis<strong>. Il a exprim\u00e9 de sinc\u00e8res regrets pour l&rsquo;incident et n&rsquo;\u00e9prouve aucune animosit\u00e9 envers l&rsquo;accompagnateur<\/strong> \u00bb. Mais le tribunal a estim\u00e9 que la pression \u00e9tait \u00ab trop forte ou trop violente et excessive ou disproportionn\u00e9e \u00bb et qu&rsquo;\u00ab il existait d&rsquo;autres options disponibles \u00bb. \u00ab Le personnel antidopage joue un r\u00f4le fondamental dans les coulisses pour maintenir l&rsquo;int\u00e9grit\u00e9 du tennis, et il devrait pouvoir exercer ses fonctions sans craindre le contact physique \u00bb, a d\u00e9clar\u00e9 Karen Moorhouse, PDG de l&rsquo;ITIA, dans un communiqu\u00e9. L&rsquo;Australien a annonc\u00e9 ce jeudi son intention de faire appel.<\/p>\n","protected":false},"excerpt":{"rendered":"Aur\u00e9lie Sacchelli, Media365, publi\u00e9 le jeudi 11 septembre 2025 \u00e0 08h38 Le capitaine de l&rsquo;\u00e9quipe d&rsquo;Australie de Coupe&hellip;\n","protected":false},"author":2,"featured_media":382290,"comment_status":"","ping_status":"","sticky":false,"template":"","format":"standard","meta":{"footnotes":""},"categories":[1415],"tags":[1011,27,60,1467],"class_list":{"0":"post-382289","1":"post","2":"type-post","3":"status-publish","4":"format-standard","5":"has-post-thumbnail","7":"category-tennis","8":"tag-fr","9":"tag-france","10":"tag-sports","11":"tag-tennis"},"share_on_mastodon":{"url":"https:\/\/pubeurope.com\/@fr\/115184680508629343","error":""},"_links":{"self":[{"href":"https:\/\/www.europesays.com\/fr\/wp-json\/wp\/v2\/posts\/382289","targetHints":{"allow":["GET"]}}],"collection":[{"href":"https:\/\/www.europesays.com\/fr\/wp-json\/wp\/v2\/posts"}],"about":[{"href":"https:\/\/www.europesays.com\/fr\/wp-json\/wp\/v2\/types\/post"}],"author":[{"embeddable":true,"href":"https:\/\/www.europesays.com\/fr\/wp-json\/wp\/v2\/users\/2"}],"replies":[{"embeddable":true,"href":"https:\/\/www.europesays.com\/fr\/wp-json\/wp\/v2\/comments?post=382289"}],"version-history":[{"count":0,"href":"https:\/\/www.europesays.com\/fr\/wp-json\/wp\/v2\/posts\/382289\/revisions"}],"wp:featuredmedia":[{"embeddable":true,"href":"https:\/\/www.europesays.com\/fr\/wp-json\/wp\/v2\/media\/382290"}],"wp:attachment":[{"href":"https:\/\/www.europesays.com\/fr\/wp-json\/wp\/v2\/media?parent=382289"}],"wp:term":[{"taxonomy":"category","embeddable":true,"href":"https:\/\/www.europesays.com\/fr\/wp-json\/wp\/v2\/categories?post=382289"},{"taxonomy":"post_tag","embeddable":true,"href":"https:\/\/www.europesays.com\/fr\/wp-json\/wp\/v2\/tags?post=382289"}],"curies":[{"name":"wp","href":"https:\/\/api.w.org\/{rel}","templated":true}]}}