{"id":382295,"date":"2025-09-11T08:21:11","date_gmt":"2025-09-11T08:21:11","guid":{"rendered":"https:\/\/www.europesays.com\/fr\/382295\/"},"modified":"2025-09-11T08:21:11","modified_gmt":"2025-09-11T08:21:11","slug":"le-fils-de-fausto-coppi-ma-meme-envoye-une-video-pour-me-remercier-le-musicien-setois-nicolas-grosso-sort-son-deuxieme-album-intitule-fausto","status":"publish","type":"post","link":"https:\/\/www.europesays.com\/fr\/382295\/","title":{"rendered":"\u00ab\u00a0Le fils de Fausto Coppi m\u2019a m\u00eame envoy\u00e9 une vid\u00e9o pour me remercier\u00a0\u00bb, le musicien s\u00e9tois Nicolas Grosso sort son deuxi\u00e8me album intitul\u00e9 Fausto"},"content":{"rendered":"<p>\n                                                                Le musicien s\u00e9tois, passionn\u00e9 de v\u00e9lo, sort ce samedi 13\u00a0septembre son deuxi\u00e8me album qui porte le nom du grand champion cycliste italien.\n                            <\/p>\n<p>Il est tout nouveau, tout beau. Aussi beau que le\u00a0tatouage que porte d\u00e9sormais le musicien s\u00e9tois\u00a0Nicolas Grosso sur\u00a0la poitrine. Il repr\u00e9sente un c\u0153ur barr\u00e9 d\u2019un \u00ab\u00a0Fausto\u00a0\u00bb devant une fleur. L\u2019image est d\u2019ailleurs celle de la couverture de l\u2019album \u2013 pas besoin donc de lui demander d\u2019ouvrir sa chemise\u00a0&#8211; qui sort ce samedi 13\u00a0septembre.<\/p>\n<blockquote>\n<p>Mes grands-m\u00e8res italiennes disaient qu\u2019il \u00e9tait le plus grand<\/p>\n<\/blockquote>\n<p>Un album d\u00e9di\u00e9 au grand champion cycliste, Fausto Coppi. La treizi\u00e8me et derni\u00e8re chanson s\u2019appelle d\u2019ailleurs tout simplement Fausto. \u00ab\u00a0Mes grands-m\u00e8res italiennes disaient qu\u2019il \u00e9tait le plus grand, se souvient le musicien. Et d\u00e8s qu\u2019il devait passer par S\u00e8te, elles sortaient pour le voir.\u00a0\u00bb\u00a0Un\u00a0album \u2013 aussi \u2013 sous forme de reconstruction pour Nicolas Grosso. Ce<a href=\"https:\/\/www.midilibre.fr\/2025\/05\/08\/a-sete-meme-en-musique-le-velo-cest-la-vie-de-nicolas-grosso-et-didier-wampas-12683238.php\" target=\"_self\" rel=\"nofollow noopener\"> passionn\u00e9 de cyclisme \u2013 et par ailleurs pr\u00e9sident du guidon sportif s\u00e9tois<\/a> \u2013 avait pris une belle gamelle en v\u00e9lo en octobre\u00a02024.<\/p>\n<p>Cinq mois de r\u00e9\u00e9ducation apr\u00e8s une gamelle en v\u00e9lo<\/p>\n<p>\u00ab\u00a0Pendant cinq mois, j\u2019ai \u00e9t\u00e9\u00a0hors service dans un centre de r\u00e9\u00e9ducation, dit-il. J\u2019ai donc eu le temps de faire des chansons\u00a0\u00bb. Les destins de ses deux grands mod\u00e8les \u2013 Django Reinhardt pour la musique jazz manouche, et de Fausto Coppi par atavisme familial \u2013 l\u2019ont inspir\u00e9. \u00ab\u00a0Apr\u00e8s un accident, Django ne devait plus jamais jouer \u00e0 la guitare. Et Fausto avec toutes ses chutes ne devait jamais remonter sur un v\u00e9lo.\u00a0\u00bb Rat\u00e9. D\u2019ailleurs, un m\u00e9decin avait pr\u00e9dit au S\u00e9tois qu\u2019il ne jouerait plus de la guitare et qu\u2019il ne pourrait plus faire de v\u00e9lo. Comme disait Brassens, \u00ab\u00a0la suite lui prouva que non.\u00a0\u00bb<\/p>\n<p>Une tourn\u00e9e en janvier<\/p>\n<p>De nouveau cycliste et musicien \u2013 m\u00eame s\u2019il n\u2019est pas totalement remis \u2013 Nicolas Grosso se lancera dans une tourn\u00e9e \u00e0 partir de janvier pour d\u00e9fendre ce deuxi\u00e8me album \u2013 produit par les S\u00e9tois de Chichois production \u2013 aux sons ouvertement swing et rockabilly. Peut-\u00eatre y aura-t-il dans le public Faustino, le fils du champion. Ayant d\u00e9j\u00e0 entendu sur les r\u00e9seaux la chanson d\u00e9di\u00e9e \u00e0 son p\u00e8re, \u00ab\u00a0il\u00a0m\u2019a m\u00eame envoy\u00e9 une vid\u00e9o pour me remercier\u00a0\u00bb, raconte le S\u00e9tois. D\u2019ailleurs les deux hommes se sont rencontr\u00e9s il y a peu \u00e0 B\u00e9doin pour une s\u00e9ance de signatures de la biographie \u00e9crite par le fils. \u00ab\u00a0Il y raconte la vie de son p\u00e8re et dans ce livre il y a trois pages sur moi\u00a0\u00bb, dit Nicolas toujours aussi surpris.<\/p>\n<p>Fausto, de Nicolas Grosso. En CD, vinyles (limit\u00e9) et sur TuneCore.<\/p>\n","protected":false},"excerpt":{"rendered":"Le musicien s\u00e9tois, passionn\u00e9 de v\u00e9lo, sort ce samedi 13\u00a0septembre son deuxi\u00e8me album qui porte le nom du&hellip;\n","protected":false},"author":2,"featured_media":382296,"comment_status":"","ping_status":"","sticky":false,"template":"","format":"standard","meta":{"footnotes":""},"categories":[1411],"tags":[1154,207,1011,27,60],"class_list":{"0":"post-382295","1":"post","2":"type-post","3":"status-publish","4":"format-standard","5":"has-post-thumbnail","7":"category-cyclisme","8":"tag-cycling","9":"tag-cyclisme","10":"tag-fr","11":"tag-france","12":"tag-sports"},"share_on_mastodon":{"url":"https:\/\/pubeurope.com\/@fr\/115184696301029940","error":""},"_links":{"self":[{"href":"https:\/\/www.europesays.com\/fr\/wp-json\/wp\/v2\/posts\/382295","targetHints":{"allow":["GET"]}}],"collection":[{"href":"https:\/\/www.europesays.com\/fr\/wp-json\/wp\/v2\/posts"}],"about":[{"href":"https:\/\/www.europesays.com\/fr\/wp-json\/wp\/v2\/types\/post"}],"author":[{"embeddable":true,"href":"https:\/\/www.europesays.com\/fr\/wp-json\/wp\/v2\/users\/2"}],"replies":[{"embeddable":true,"href":"https:\/\/www.europesays.com\/fr\/wp-json\/wp\/v2\/comments?post=382295"}],"version-history":[{"count":0,"href":"https:\/\/www.europesays.com\/fr\/wp-json\/wp\/v2\/posts\/382295\/revisions"}],"wp:featuredmedia":[{"embeddable":true,"href":"https:\/\/www.europesays.com\/fr\/wp-json\/wp\/v2\/media\/382296"}],"wp:attachment":[{"href":"https:\/\/www.europesays.com\/fr\/wp-json\/wp\/v2\/media?parent=382295"}],"wp:term":[{"taxonomy":"category","embeddable":true,"href":"https:\/\/www.europesays.com\/fr\/wp-json\/wp\/v2\/categories?post=382295"},{"taxonomy":"post_tag","embeddable":true,"href":"https:\/\/www.europesays.com\/fr\/wp-json\/wp\/v2\/tags?post=382295"}],"curies":[{"name":"wp","href":"https:\/\/api.w.org\/{rel}","templated":true}]}}