{"id":382297,"date":"2025-09-11T08:22:14","date_gmt":"2025-09-11T08:22:14","guid":{"rendered":"https:\/\/www.europesays.com\/fr\/382297\/"},"modified":"2025-09-11T08:22:14","modified_gmt":"2025-09-11T08:22:14","slug":"un-stephanois-en-lice","status":"publish","type":"post","link":"https:\/\/www.europesays.com\/fr\/382297\/","title":{"rendered":"Un St\u00e9phanois en lice !"},"content":{"rendered":"<p data-start=\"244\" data-end=\"793\"><strong>L\u2019AS Saint-\u00c9tienne continue de voir \u00e9clore ses jeunes talents, et cette fois, c\u2019est Luan Gadegbeku qui attire la lumi\u00e8re. \u00c0 seulement 18 ans, le milieu form\u00e9 dans le Forez est en lice pour d\u00e9crocher le titre de p\u00e9pite du mois d\u2019ao\u00fbt en Ligue 2, une distinction qui r\u00e9compense chaque mois l\u2019un des jeunes les plus prometteurs du championnat. Les supporters sont invit\u00e9s \u00e0 voter pour d\u00e9signer le vainqueur, et le joueur st\u00e9phanois devra convaincre face \u00e0 deux autres concurrents : Mahussi Aristide Zossou (Dunkerque) et Ange Martial Tia (Reims).<\/strong><\/p>\n<p data-start=\"848\" data-end=\"1379\">Arriv\u00e9 au centre de formation en 2022 en provenance du RC Fleury, Gadegbeku n\u2019a cess\u00e9 de progresser dans toutes les cat\u00e9gories jeunes jusqu\u2019\u00e0 int\u00e9grer le groupe professionnel. Sa pr\u00e9paration estivale convaincante lui a permis de franchir le pas cette saison : il a disput\u00e9 ses premi\u00e8res minutes en Ligue 2, avec notamment une titularisation \u00e0 Laval (3-3) et deux entr\u00e9es remarqu\u00e9es face \u00e0 Rodez (4-0) puis Grenoble (1-1). En trois matchs, il a d\u00e9j\u00e0 montr\u00e9 sa personnalit\u00e9, son volume de jeu et sa maturit\u00e9 \u00e9tonnante pour son \u00e2ge.<\/p>\n<p data-start=\"1381\" data-end=\"1642\">Fid\u00e8le \u00e0 ses habitudes, le jeune milieu s\u2019illustre par son intelligence de jeu et sa capacit\u00e9 \u00e0 se projeter. \u00ab Il comprend tr\u00e8s vite ce qu\u2019on lui demande, il est intelligent et humble \u00bb, r\u00e9sume son ancien \u00e9ducateur Jayson Malonga, qui l\u2019avait dirig\u00e9 \u00e0 Fleury.<\/p>\n<p>L\u2019ADN formation de l\u2019ASSE<\/p>\n<p data-start=\"1676\" data-end=\"2114\">En voyant Gadegbeku \u00e9clore, les supporters st\u00e9phanois ne peuvent s\u2019emp\u00eacher de penser \u00e0 une tradition bien connue dans le Forez : celle des milieux de terrain form\u00e9s maison. Apr\u00e8s Aimen <a href=\"https:\/\/peuple-vert.fr\/joueurs\/aimen-moueffek\/\" rel=\"nofollow noopener\" target=\"_blank\">Moueffek<\/a>, Lucas Gourna-Douath ou encore Mathis Amougou, c\u2019est une nouvelle p\u00e9pite qui frappe \u00e0 la porte de l\u2019\u00e9quipe premi\u00e8re. Et ce n\u2019est pas un hasard : \u00ab Luan a toujours \u00e9t\u00e9 en avance sur les autres dans la compr\u00e9hension du jeu \u00bb, poursuit Malonga.<\/p>\n<p data-start=\"2116\" data-end=\"2327\">La nomination de Gadegbeku pour le titre de p\u00e9pite du mois illustre cette continuit\u00e9. Elle t\u00e9moigne \u00e9galement de la confiance accord\u00e9e par l\u2019entra\u00eeneur, qui n\u2019h\u00e9site pas \u00e0 lancer ses jeunes dans le grand bain.<\/p>\n<p>P\u00e9pite du mois ? Une concurrence relev\u00e9e<\/p>\n<p data-start=\"2359\" data-end=\"2752\">Pour d\u00e9crocher ce troph\u00e9e, le milieu st\u00e9phanois devra n\u00e9anmoins faire face \u00e0 deux adversaires de taille. \u00c0 Dunkerque, Mahussi Aristide Zossou a d\u00e9j\u00e0 marqu\u00e9 les esprits avec son explosivit\u00e9 et ses percussions. Du c\u00f4t\u00e9 du Stade de Reims, Ange Martial Tia s\u2019affirme comme l\u2019un des grands espoirs de la g\u00e9n\u00e9ration 2006. Le vote des supporters sera donc d\u00e9cisif pour d\u00e9partager ces trois profils.<\/p>\n<p data-start=\"2787\" data-end=\"3204\">Si Gadegbeku venait \u00e0 l\u2019emporter, ce serait un symbole fort pour la jeunesse verte et une confirmation du travail r\u00e9alis\u00e9 \u00e0 l\u2019ASSE en mati\u00e8re de formation. Cela r\u00e9compenserait aussi l\u2019abn\u00e9gation d\u2019un joueur qui, malgr\u00e9 une longue blessure en 2023, n\u2019a jamais cess\u00e9 de croire en son r\u00eave. \u00ab C\u2019est une grande fiert\u00e9 d\u2019avoir jou\u00e9 ma premi\u00e8re \u00e0 Geoffroy-Guichard \u00bb, confiait-il r\u00e9cemment apr\u00e8s la victoire face \u00e0 Rodez.<\/p>\n<p data-start=\"3206\" data-end=\"3338\">Les supporters ont donc d\u00e9sormais la main : c\u2019est \u00e0 eux de voter pour faire de Luan Gadegbeku la p\u00e9pite du mois d\u2019ao\u00fbt en Ligue 2.<\/p>\n<p style=\"text-align: center;\" data-start=\"3206\" data-end=\"3338\"><strong><a href=\"https:\/\/t.co\/mcSQoxjpKn\" rel=\"nofollow\">Voter pour la p\u00e9pite du mois d&rsquo;ao\u00fbt de Ligue 2<\/a><\/strong><\/p>\n","protected":false},"excerpt":{"rendered":"L\u2019AS Saint-\u00c9tienne continue de voir \u00e9clore ses jeunes talents, et cette fois, c\u2019est Luan Gadegbeku qui attire la&hellip;\n","protected":false},"author":2,"featured_media":382298,"comment_status":"","ping_status":"","sticky":false,"template":"","format":"standard","meta":{"footnotes":""},"categories":[1410],"tags":[63,1011,27,60],"class_list":{"0":"post-382297","1":"post","2":"type-post","3":"status-publish","4":"format-standard","5":"has-post-thumbnail","7":"category-football","8":"tag-football","9":"tag-fr","10":"tag-france","11":"tag-sports"},"share_on_mastodon":{"url":"https:\/\/pubeurope.com\/@fr\/115184700231080029","error":""},"_links":{"self":[{"href":"https:\/\/www.europesays.com\/fr\/wp-json\/wp\/v2\/posts\/382297","targetHints":{"allow":["GET"]}}],"collection":[{"href":"https:\/\/www.europesays.com\/fr\/wp-json\/wp\/v2\/posts"}],"about":[{"href":"https:\/\/www.europesays.com\/fr\/wp-json\/wp\/v2\/types\/post"}],"author":[{"embeddable":true,"href":"https:\/\/www.europesays.com\/fr\/wp-json\/wp\/v2\/users\/2"}],"replies":[{"embeddable":true,"href":"https:\/\/www.europesays.com\/fr\/wp-json\/wp\/v2\/comments?post=382297"}],"version-history":[{"count":0,"href":"https:\/\/www.europesays.com\/fr\/wp-json\/wp\/v2\/posts\/382297\/revisions"}],"wp:featuredmedia":[{"embeddable":true,"href":"https:\/\/www.europesays.com\/fr\/wp-json\/wp\/v2\/media\/382298"}],"wp:attachment":[{"href":"https:\/\/www.europesays.com\/fr\/wp-json\/wp\/v2\/media?parent=382297"}],"wp:term":[{"taxonomy":"category","embeddable":true,"href":"https:\/\/www.europesays.com\/fr\/wp-json\/wp\/v2\/categories?post=382297"},{"taxonomy":"post_tag","embeddable":true,"href":"https:\/\/www.europesays.com\/fr\/wp-json\/wp\/v2\/tags?post=382297"}],"curies":[{"name":"wp","href":"https:\/\/api.w.org\/{rel}","templated":true}]}}