{"id":382299,"date":"2025-09-11T08:23:12","date_gmt":"2025-09-11T08:23:12","guid":{"rendered":"https:\/\/www.europesays.com\/fr\/382299\/"},"modified":"2025-09-11T08:23:12","modified_gmt":"2025-09-11T08:23:12","slug":"ici-on-te-donne-ta-chance-victoria-monfort-fille-de-nelson-se-lance-sur-les-planches-americaines","status":"publish","type":"post","link":"https:\/\/www.europesays.com\/fr\/382299\/","title":{"rendered":"\u00ab\u00a0Ici, on te donne ta chance\u00a0\u00bb\u00a0: Victoria Monfort, fille de Nelson, se lance sur les planches am\u00e9ricaines"},"content":{"rendered":"<p class=\"paragraph text_align_left lp-f-body-02\">Lorsqu\u2019elle d\u00e9barque en Californie le 7 janvier 2025, avec son mari, l\u2019acteur et auteur Hugo Cremaschi, et leur fille Nala, 3 ans, <a href=\"https:\/\/www.leparisien.fr\/faits-divers\/villas-calcinees-hollywood-a-larret-paradis-des-stars-los-angeles-a-bascule-dans-lenfer-des-flammes-08-01-2025-BQR46LBC5ZHKRD65I5TVOFVOGA.php\" target=\"_blank\" rel=\"noreferrer nofollow noopener\">les incendies ravagent la r\u00e9gion<\/a>. \u00ab On a atterri au-dessus des flammes, se souvient Victoria Monfort. Mais, jamais je ne me suis dit Qu\u2019est-ce qu\u2019on a fait ? Au contraire. J\u2019\u00e9tais persuad\u00e9e que c\u2019\u00e9tait la bonne d\u00e9cision. \u00bb<\/p>\n<p class=\"paragraph text_align_left lp-f-body-02\">Cette d\u00e9termination, la fille du commentateur sportif <a href=\"https:\/\/www.leparisien.fr\/culture-loisirs\/tv\/nelson-monfort-elimine-de-danse-avec-les-stars-notre-prestation-meritait-plus-quun-2-22-02-2025-RVNORMMFVVH6JHIIJPKFQM5VWA.php\" target=\"_blank\" rel=\"noreferrer nofollow noopener\">Nelson Monfort<\/a> l\u2019a chevill\u00e9e au corps. Hyperactive assum\u00e9e, elle n\u2019attend pas que le t\u00e9l\u00e9phone sonne. \u00ab On m\u2019a souvent dit que j\u2019\u00e9tais une faiseuse, sourit-elle. Moi je lance, je relance, je f\u00e9d\u00e8re. J\u2019adore travailler en groupe. \u00bb<\/p>\n","protected":false},"excerpt":{"rendered":"Lorsqu\u2019elle d\u00e9barque en Californie le 7 janvier 2025, avec son mari, l\u2019acteur et auteur Hugo Cremaschi, et leur&hellip;\n","protected":false},"author":2,"featured_media":382300,"comment_status":"","ping_status":"","sticky":false,"template":"","format":"standard","meta":{"footnotes":""},"categories":[1359],"tags":[872,58,59,1011,27,973],"class_list":{"0":"post-382299","1":"post","2":"type-post","3":"status-publish","4":"format-standard","5":"has-post-thumbnail","7":"category-people","8":"tag-culture-et-loisirs","9":"tag-divertissement","10":"tag-entertainment","11":"tag-fr","12":"tag-france","13":"tag-people"},"share_on_mastodon":{"url":"https:\/\/pubeurope.com\/@fr\/115184704196180272","error":""},"_links":{"self":[{"href":"https:\/\/www.europesays.com\/fr\/wp-json\/wp\/v2\/posts\/382299","targetHints":{"allow":["GET"]}}],"collection":[{"href":"https:\/\/www.europesays.com\/fr\/wp-json\/wp\/v2\/posts"}],"about":[{"href":"https:\/\/www.europesays.com\/fr\/wp-json\/wp\/v2\/types\/post"}],"author":[{"embeddable":true,"href":"https:\/\/www.europesays.com\/fr\/wp-json\/wp\/v2\/users\/2"}],"replies":[{"embeddable":true,"href":"https:\/\/www.europesays.com\/fr\/wp-json\/wp\/v2\/comments?post=382299"}],"version-history":[{"count":0,"href":"https:\/\/www.europesays.com\/fr\/wp-json\/wp\/v2\/posts\/382299\/revisions"}],"wp:featuredmedia":[{"embeddable":true,"href":"https:\/\/www.europesays.com\/fr\/wp-json\/wp\/v2\/media\/382300"}],"wp:attachment":[{"href":"https:\/\/www.europesays.com\/fr\/wp-json\/wp\/v2\/media?parent=382299"}],"wp:term":[{"taxonomy":"category","embeddable":true,"href":"https:\/\/www.europesays.com\/fr\/wp-json\/wp\/v2\/categories?post=382299"},{"taxonomy":"post_tag","embeddable":true,"href":"https:\/\/www.europesays.com\/fr\/wp-json\/wp\/v2\/tags?post=382299"}],"curies":[{"name":"wp","href":"https:\/\/api.w.org\/{rel}","templated":true}]}}