{"id":382301,"date":"2025-09-11T08:24:11","date_gmt":"2025-09-11T08:24:11","guid":{"rendered":"https:\/\/www.europesays.com\/fr\/382301\/"},"modified":"2025-09-11T08:24:11","modified_gmt":"2025-09-11T08:24:11","slug":"georges-de-la-tour-le-peintre-du-silence-et-de-la-vie-spirituelle","status":"publish","type":"post","link":"https:\/\/www.europesays.com\/fr\/382301\/","title":{"rendered":"\u00ab\u00a0Georges de La\u00a0Tour, le peintre du silence et de la vie spirituelle\u00a0\u00bb"},"content":{"rendered":"<p><strong>L\u2019\u00c9DITORIAL DU FIGARO HISTOIRE &#8211; <\/strong>R\u00e9unissant plus de la moiti\u00e9 des \u0153uvres d\u00e9sormais identifi\u00e9es du peintre, l\u2019exposition que lui consacre le mus\u00e9e Jacquemart-Andr\u00e9 offre l\u2019occasion de m\u00e9diter sur ce qui provoque, dans ces toiles, notre \u00e9merveillement.<\/p>\n<p class=\"fig-paragraph\">Cet article est issu du Figaro hors-s\u00e9rie \u00ab Georges de La Tour, Ombres et lumi\u00e8res\u00a0\u00bb. Plongez dans le myst\u00e8re La Tour et\u00a0<a href=\"https:\/\/boutique.lefigaro.fr\/produit\/140822-georges-de-la-tour-l-enigmatique\" target=\"_blank\" rel=\"noopener\" data-gtm-custom-categorie=\"navigation\" data-gtm-custom-action=\"crossclick\" data-gtm-custom-label=\"Contextuel\" data-gtm-event=\"customEventSPE\">la compr\u00e9hension de son \u0153uvre en 160 pages<\/a> , magnifiquement illustr\u00e9es.<\/p>\n<p>    \u00ab Georges de La Tour, Ombres et lumi\u00e8res\u00a0\u00bb.<br \/>\n                Le Figaro hors-s\u00e9rie<\/p>\n<p class=\"fig-paragraph\">On l\u2019avait oubli\u00e9 pendant plus de deux si\u00e8cles. On attribuait lib\u00e9ralement ses \u0153uvres\u00a0<a href=\"http:\/\/www.lefigaro.fr\/arts-expositions\/a-rome-la-plus-importante-reunion-de-toiles-du-caravage-depuis-plus-d-un-demi-siecle-20250416\" target=\"_blank\" data-fig-type=\"Article\" rel=\"noopener\" data-gtm-custom-categorie=\"navigation\" data-gtm-custom-action=\"crossclick\" data-gtm-custom-label=\"Contextuel\" data-gtm-event=\"customEventSPE\" data-fig-domain=\"LEFIGARO\">\u00e0 Caravage<\/a>, Guido Reni, Le Nain, Ribera, Murillo, Vel\u00e1zquez.\u00a0<a href=\"http:\/\/www.lefigaro.fr\/culture\/encheres\/un-tableau-de-georges-de-la-tour-bat-un-record-aux-encheres-en-allemagne-20201210\" target=\"_blank\" data-fig-type=\"Article\" rel=\"noopener\" data-gtm-custom-categorie=\"navigation\" data-gtm-custom-action=\"crossclick\" data-gtm-custom-label=\"Contextuel\" data-gtm-event=\"customEventSPE\" data-fig-domain=\"LEFIGARO\">Georges de La Tour<\/a>\u00a0avait disparu dans l\u2019ombre de ses contemporains. Le ma\u00eetre de la lumi\u00e8re s\u2019\u00e9tait fondu dans l\u2019obscurit\u00e9 m\u00eame d\u2019o\u00f9 il avait fait jaillir la vie comme un scintillement. Il avait, comme personne, habit\u00e9 les t\u00e9n\u00e8bres pour en explorer le myst\u00e8re. Il y avait \u00e9t\u00e9 absorb\u00e9 sous le regard d\u2019une post\u00e9rit\u00e9 qui avait \u00e0 peine retenu son nom.<\/p>\n<p class=\"fig-paragraph\">De sa vie, on sait encore peu de choses, en d\u00e9pit de sa red\u00e9couverte au XXe si\u00e8cle. Quelques bribes dessinent un profil, une silhouette, \u00e0 l\u2019image de certains de ses personnages, qui ne nous apparaissent qu\u2019\u00e0 la lueur tremblante d\u2019un flambeau. Ni portrait ni livre de comptes, moins encore de journal intime\u2026<\/p>\n<p class=\"fig-premium-paywall__infos\">\n        Cet article est r\u00e9serv\u00e9 aux abonn\u00e9s.        Il vous reste 91% \u00e0 d\u00e9couvrir.\n    <\/p>\n<p>                <img  data- alt=\"Le Figaro\" class=\"fig-img--complete fig-img\"\/><\/p>\n<p class=\"fig-premium-paywall__title\">Vous avez envie de lire la suite ?<\/p>\n<p class=\"fig-premium-paywall__subtitle\">D\u00e9bloquez tous les articles imm\u00e9diatement.<\/p>\n<p class=\"fig-premium-paywall__connect\">\n                D\u00e9j\u00e0 abonn\u00e9\u00a0?                <a class=\"fig-premium-paywall__connect-link\" href=\"https:\/\/connect.lefigaro.fr\/login?client=horizon_web&amp;type=main&amp;redirect_uri=https%3A%2F%2Fwww.lefigaro.fr%2Fvox%2Fculture%2Fmichel-de-jaeghere-georges-de-la-tour-le-peintre-du-silence-et-de-la-vie-spirituelle-20250911\" data-js-gtm=\"{&quot;customCategorie&quot;: &quot;conversion&quot;, &quot;customAction&quot;: &quot;before_Landing_Connexion_paywall_auto&quot;, &quot;customLabel&quot;: &quot;bGVmaWdhcm8uZnJfXzFmMDhlM2E5LWIxNDYtNjc5Mi05ODlmLTE3MDZjZjJjOTcxYV9fQXJ0aWNsZQ==_Michel De Jaeghere\u00a0: \u00ab\u00a0Georges de La\u00a0Tour, le peintre du silence et de la vie spirituelle\u00a0\u00bb_308&quot;, &quot;customIDSPE&quot;: &quot;bGVmaWdhcm8uZnJfXzFmMDhlM2E5LWIxNDYtNjc5Mi05ODlmLTE3MDZjZjJjOTcxYV9fQXJ0aWNsZQ==&quot;, &quot;event&quot;: &quot;customEventSPE&quot;}\" target=\"_blank\" rel=\"noopener\"><br \/>\n                    Connectez-vous<br \/>\n                <\/a>\n            <\/p>\n","protected":false},"excerpt":{"rendered":"L\u2019\u00c9DITORIAL DU FIGARO HISTOIRE &#8211; R\u00e9unissant plus de la moiti\u00e9 des \u0153uvres d\u00e9sormais identifi\u00e9es du peintre, l\u2019exposition que&hellip;\n","protected":false},"author":2,"featured_media":382302,"comment_status":"","ping_status":"","sticky":false,"template":"","format":"standard","meta":{"footnotes":""},"categories":[1358],"tags":[1348,1384,1385,10448,1386,58,59,3293,1011,27,51539],"class_list":{"0":"post-382301","1":"post","2":"type-post","3":"status-publish","4":"format-standard","5":"has-post-thumbnail","7":"category-arts-et-design","8":"tag-arts","9":"tag-arts-and-design","10":"tag-arts-et-design","11":"tag-caravage","12":"tag-design","13":"tag-divertissement","14":"tag-entertainment","15":"tag-exposition","16":"tag-fr","17":"tag-france","18":"tag-georges-de-la-tour"},"share_on_mastodon":{"url":"https:\/\/pubeurope.com\/@fr\/115184708107248845","error":""},"_links":{"self":[{"href":"https:\/\/www.europesays.com\/fr\/wp-json\/wp\/v2\/posts\/382301","targetHints":{"allow":["GET"]}}],"collection":[{"href":"https:\/\/www.europesays.com\/fr\/wp-json\/wp\/v2\/posts"}],"about":[{"href":"https:\/\/www.europesays.com\/fr\/wp-json\/wp\/v2\/types\/post"}],"author":[{"embeddable":true,"href":"https:\/\/www.europesays.com\/fr\/wp-json\/wp\/v2\/users\/2"}],"replies":[{"embeddable":true,"href":"https:\/\/www.europesays.com\/fr\/wp-json\/wp\/v2\/comments?post=382301"}],"version-history":[{"count":0,"href":"https:\/\/www.europesays.com\/fr\/wp-json\/wp\/v2\/posts\/382301\/revisions"}],"wp:featuredmedia":[{"embeddable":true,"href":"https:\/\/www.europesays.com\/fr\/wp-json\/wp\/v2\/media\/382302"}],"wp:attachment":[{"href":"https:\/\/www.europesays.com\/fr\/wp-json\/wp\/v2\/media?parent=382301"}],"wp:term":[{"taxonomy":"category","embeddable":true,"href":"https:\/\/www.europesays.com\/fr\/wp-json\/wp\/v2\/categories?post=382301"},{"taxonomy":"post_tag","embeddable":true,"href":"https:\/\/www.europesays.com\/fr\/wp-json\/wp\/v2\/tags?post=382301"}],"curies":[{"name":"wp","href":"https:\/\/api.w.org\/{rel}","templated":true}]}}