{"id":382305,"date":"2025-09-11T08:26:13","date_gmt":"2025-09-11T08:26:13","guid":{"rendered":"https:\/\/www.europesays.com\/fr\/382305\/"},"modified":"2025-09-11T08:26:13","modified_gmt":"2025-09-11T08:26:13","slug":"tensions-sur-le-plateau-alain-duhamel-tire-a-boulets","status":"publish","type":"post","link":"https:\/\/www.europesays.com\/fr\/382305\/","title":{"rendered":"tensions sur le plateau, Alain Duhamel tire \u00e0 boulets &#8230;"},"content":{"rendered":"<p>EN BREF<\/p>\n<ul class=\"bloc_resume_post_list\">\n<li>Le 10 septembre, Alain Duhamel a d\u00e9battu avec Fran\u00e7ois<br \/>\nRuffin et Patrick Cohen sur le plateau de C \u00e0 vous.<\/li>\n<li>L\u00a0\u00bb\u00e9change s&rsquo;est intensifi\u00e9 lorsque Ruffin a compar\u00e9<br \/>\nMacron \u00e0 De Gaulle, provoquant une vive r\u00e9action de<br \/>\nDuhamel.<\/li>\n<li>Duhamel a \u00e9galement exprim\u00e9 son d\u00e9saccord sur la<br \/>\nproportionnelle, d\u00e9fiant la position de Laurent<br \/>\nWauquiez.<\/li>\n<\/ul>\n<p data-start=\"460\" data-end=\"716\">Ce mardi 10 septembre, le<br \/>\nplateau de <a href=\"https:\/\/www.telestar.fr\/actu_tv\/c-a-vous-oh-taisez-vous-emilie-tran-nguyen-stoppee-net-par-un-invite-1737612\" target=\"_blank\" rel=\"noopener\"><br \/>\nC \u00e0 vous<\/a> a \u00e9t\u00e9 le<br \/>\nth\u00e9\u00e2tre d\u2019un \u00e9change particuli\u00e8rement \u00e9lectrique. Autour de la<br \/>\ntable, <a href=\"https:\/\/www.telestar.fr\/actu_tv\/alain-duhamel-proche-de-son-neveu-ses-etonnantes-revelations-sur-sa-relation-avec-benjamin-duhamel-1730831\" target=\"_blank\" rel=\"noopener\"><br \/>\nAlain Duhamel<\/a> \u00e9tait invit\u00e9 pour commenter la nomination de<br \/>\n<a href=\"https:\/\/www.telestar.fr\/culture\/sebastien-lecornu-premier-ministre-quel-est-son-salaire-1737637\" target=\"_blank\" rel=\"noopener\"><br \/>\nS\u00e9bastien Lecornu<\/a> \u00e0 Matignon, apr\u00e8s la d\u00e9mission de <a href=\"https:\/\/www.telestar.fr\/societe\/demission-de-francois-bayrou-france-inter-lache-une-bombe-1737465\" target=\"_blank\" rel=\"noopener\"><br \/>\nFran\u00e7ois Bayrou<\/a>. Mais face \u00e0 Fran\u00e7ois Ruffin et Patrick Cohen,<br \/>\nl\u2019\u00e9ditorialiste n\u2019a pas m\u00e2ch\u00e9 ses mots. Entre interruptions,<br \/>\nr\u00e9pliques s\u00e8ches et agacement palpable, l\u2019ambiance est vite devenue<br \/>\ntendue !<\/p>\n<p data-start=\"460\" data-end=\"716\">La discussion s\u2019est envenim\u00e9e<br \/>\nlorsque Fran\u00e7ois Ruffin a \u00e9voqu\u00e9 <strong>une possible<br \/>\nd\u00e9mission<\/strong> d\u2019<a href=\"https:\/\/www.telestar.fr\/people\/emmanuel-macron-gifle-par-brigitte-cette-specialiste-a-lu-tres-clair-dans-leurs-attitudes-post-polemique-1725021\" target=\"_blank\" rel=\"noopener\">Emmanuel<br \/>\nMacron<\/a>. \u00ab\u00a0D\u2019abord, c\u2019est<br \/>\nde la politique-fiction. Ensuite, ce serait la fin de la logique de<br \/>\nla Ve R\u00e9publique\u00a0\u00bb, a d\u2019abord r\u00e9pondu Alain Duhamel, avant de<br \/>\nd\u00e9velopper : \u00ab\u00a0Alors, il y a<br \/>\nbeaucoup de gens qui peuvent dire, apr\u00e8s tout, on s\u2019en fiche de la<br \/>\nVe R\u00e9publique, pourquoi pas une sixi\u00e8me, une septi\u00e8me ou une<br \/>\nhuiti\u00e8me. Mais il y a une logique dans les institutions. S\u2019il<br \/>\ns\u2019agit d\u2019additionner l\u2019instabilit\u00e9 gouvernementale caricaturale,<br \/>\nqu\u2019on vit, avec <strong>l\u2019invention d\u2019une instabilit\u00e9<br \/>\npr\u00e9sidentielle<\/strong>, parce que si une fois, vous demandez, vous<br \/>\nimposez, vous exigez d\u2019un pr\u00e9sident de se retirer\u2026\u00a0\u00bb.<\/p>\n<p>C \u00e0 vous : Alain Duhamel<br \/>\ns\u2019emporte face \u00e0 Fran\u00e7ois Ruffin<\/p>\n<p data-start=\"1651\" data-end=\"2011\">Coup\u00e9 par le d\u00e9put\u00e9 de<br \/>\n<a href=\"https:\/\/www.telestar.fr\/actu_tv\/les-bons-chasseurs-et-les-mauvais-chasseurs-face-a-manuel-bompard-apolline-de-malherbe-se-lache-en-direct-1737609\" target=\"_blank\" rel=\"noopener\"><br \/>\nLa France insoumise<\/a>, il a imm\u00e9diatement r\u00e9pliqu\u00e9. Fran\u00e7ois<br \/>\nRuffin avait lanc\u00e9 : \u00ab\u00a0Il<br \/>\nfaudrait <strong>qu\u2019il le fasse de lui-m\u00eame<\/strong>, comme le<br \/>\ng\u00e9n\u00e9ral De Gaulle en 1969, monsieur Duhamel.\u00a0\u00bb Une comparaison<br \/>\nqui a fait bondir l\u2019essayiste : \u00ab\u00a0Je termine ce que je disais ! <strong>\u00c7a n\u2019a rien \u00e0 voir<br \/>\navec de Gaulle en 69<\/strong>, alors l\u00e0, vraiment, rien du tout<br \/>\n!\u00a0\u00bb Puis, pour reprendre son argumentaire, il a ajout\u00e9 :<br \/>\n\u00ab\u00a0Si l\u2019id\u00e9e, c\u2019est d\u2019ajouter<br \/>\nune instabilit\u00e9 pr\u00e9sidentielle, parce qu\u2019une fois qu\u2019il y aura un<br \/>\npr\u00e9sident qui aura \u00e9t\u00e9 oblig\u00e9 de d\u00e9missionner, tout pr\u00e9sident, d\u00e8s<br \/>\nqu\u2019il sera impopulaire, <strong>se verra in\u00e9vitablement demander<br \/>\nune d\u00e9mission<\/strong>. C\u2019est \u00e9crit d\u2019avance ! C\u2019est comme \u00e7a que<br \/>\n\u00e7a s\u2019est pass\u00e9 pour les gouvernements dans les r\u00e9gimes<br \/>\nparlementaires, c\u2019est comme \u00e7a que \u00e7a se passera dans un r\u00e9gime<br \/>\nn\u00e9o-pr\u00e9sidentiel. C\u2019est pour cela que moi, j\u2019ai beaucoup admir\u00e9<br \/>\nl\u2019\u00e9loquence de mon voisin de gauche\u2026 tant qu\u2019il a parl\u00e9 des gens.<br \/>\nEt mon admiration s\u2019est effondr\u00e9e quand il a parl\u00e9 des cons\u00e9quences<br \/>\npolitiques.\u00a0\u00bb<\/p>\n<p data-start=\"2670\" data-end=\"2887\">Un tacle direct, auquel Ruffin<br \/>\na r\u00e9pondu du tac au tac : \u00ab\u00a0Ce<br \/>\nque je cherche en premier, ce n\u2019est pas l\u2019admiration de monsieur<br \/>\nDuhamel !\u00a0\u00bb avant d\u2019entendre l\u2019essayiste r\u00e9pliquer, sans filtre<br \/>\n: <strong>\u00ab\u00a0C\u2019est r\u00e9ciproque<br \/>\n!\u00a0\u00bb<\/strong><\/p>\n<p>L\u2019essayiste recadre Patrick Cohen sur la proportionnelle<\/p>\n<p data-start=\"2950\" data-end=\"3402\">Un peu plus t\u00f4t dans<br \/>\nl\u2019\u00e9mission, Alain Duhamel avait d\u00e9j\u00e0 montr\u00e9 son agacement, cette<br \/>\nfois face \u00e0 <a href=\"https:\/\/www.telestar.fr\/actu_tv\/alain-duhamel-sort-de-ses-gonds-dans-c-a-vous-patrick-cohen-ne-sait-plus-ou-se-mettre-1737666\" target=\"_blank\" rel=\"noopener\"><br \/>\nPatrick Cohen<\/a>. Sur la question de la proportionnelle, il avait<br \/>\nd\u00e9clar\u00e9 : \u00ab\u00a0Je pense qu\u2019il<br \/>\nfaut se d\u00e9p\u00eacher, comme premi\u00e8re loi \u2014 pas comme premi\u00e8re mesure,<br \/>\nles premi\u00e8res mesures doivent \u00eatre budg\u00e9taires et sociales \u2014 mais<br \/>\ncomme premi\u00e8re loi : <strong>la proportionnelle<\/strong>. \u00c7a lib\u00e8re<br \/>\ndes liens et \u00e7a donne une v\u00e9ritable autonomie aux diff\u00e9rents partis<br \/>\npolitiques.\u00a0\u00bb Mais Patrick Cohen a rappel\u00e9 la ligne de Laurent<br \/>\nWauquiez : \u00ab\u00a0Ligne rouge fix\u00e9e<br \/>\npar LR et rappel\u00e9e ce matin par Laurent Wauquiez. \u2018Nous ne<br \/>\nsoutiendrons pas un gouvernement qui instaure la<br \/>\nproportionnelle\u2019.\u00a0\u00bb<\/p>\n<p data-start=\"3615\" data-end=\"4007\">De quoi faire exploser<br \/>\nDuhamel, qui a r\u00e9torqu\u00e9 : \u00ab\u00a0Absolument, <strong>il n\u2019y a qu\u2019\u00e0 le mettre au<br \/>\nd\u00e9fi<\/strong>. Qu\u2019est-ce que vous voulez ? Pas de changement de loi<br \/>\net le gouvernement est en l\u2019air, et c\u2019est vous qui portez, vous,<br \/>\nR\u00e9publicains, qui appartenez \u00e0 la majorit\u00e9 et qui avez au moins une<br \/>\ndemi-douzaine de ministres dans ce gouvernement, c\u2019est vous qui le<br \/>\nmettez en l\u2019air ? Eh bien, faites-le.\u00a0\u00bb Face au <strong>silence<br \/>\ng\u00ean\u00e9 de Patrick Cohen,<\/strong> l\u2019essayiste a ajout\u00e9, sarcastique :<br \/>\n\u00ab\u00a0Non mais on a bien compris \u00e0<br \/>\nqui je m\u2019adressais.\u00a0\u00bb Une s\u00e9quence tendue qui a laiss\u00e9 planer<br \/>\nun froid sur le plateau.<\/p>\n","protected":false},"excerpt":{"rendered":"EN BREF Le 10 septembre, Alain Duhamel a d\u00e9battu avec Fran\u00e7ois Ruffin et Patrick Cohen sur le plateau&hellip;\n","protected":false},"author":2,"featured_media":382306,"comment_status":"","ping_status":"","sticky":false,"template":"","format":"standard","meta":{"footnotes":""},"categories":[1356],"tags":[5631,548,5632,58,1073,59,1011,27,4467,431,252,1364],"class_list":{"0":"post-382305","1":"post","2":"type-post","3":"status-publish","4":"format-standard","5":"has-post-thumbnail","7":"category-television","8":"tag-anne-elisabeth-lemoine","9":"tag-article-simple","10":"tag-c-a-vous","11":"tag-divertissement","12":"tag-emmanuel-macron","13":"tag-entertainment","14":"tag-fr","15":"tag-france","16":"tag-france-5","17":"tag-francois-bayrou","18":"tag-television","19":"tag-tv"},"share_on_mastodon":{"url":"https:\/\/pubeurope.com\/@fr\/115184716100002144","error":""},"_links":{"self":[{"href":"https:\/\/www.europesays.com\/fr\/wp-json\/wp\/v2\/posts\/382305","targetHints":{"allow":["GET"]}}],"collection":[{"href":"https:\/\/www.europesays.com\/fr\/wp-json\/wp\/v2\/posts"}],"about":[{"href":"https:\/\/www.europesays.com\/fr\/wp-json\/wp\/v2\/types\/post"}],"author":[{"embeddable":true,"href":"https:\/\/www.europesays.com\/fr\/wp-json\/wp\/v2\/users\/2"}],"replies":[{"embeddable":true,"href":"https:\/\/www.europesays.com\/fr\/wp-json\/wp\/v2\/comments?post=382305"}],"version-history":[{"count":0,"href":"https:\/\/www.europesays.com\/fr\/wp-json\/wp\/v2\/posts\/382305\/revisions"}],"wp:featuredmedia":[{"embeddable":true,"href":"https:\/\/www.europesays.com\/fr\/wp-json\/wp\/v2\/media\/382306"}],"wp:attachment":[{"href":"https:\/\/www.europesays.com\/fr\/wp-json\/wp\/v2\/media?parent=382305"}],"wp:term":[{"taxonomy":"category","embeddable":true,"href":"https:\/\/www.europesays.com\/fr\/wp-json\/wp\/v2\/categories?post=382305"},{"taxonomy":"post_tag","embeddable":true,"href":"https:\/\/www.europesays.com\/fr\/wp-json\/wp\/v2\/tags?post=382305"}],"curies":[{"name":"wp","href":"https:\/\/api.w.org\/{rel}","templated":true}]}}