{"id":382307,"date":"2025-09-11T08:27:12","date_gmt":"2025-09-11T08:27:12","guid":{"rendered":"https:\/\/www.europesays.com\/fr\/382307\/"},"modified":"2025-09-11T08:27:12","modified_gmt":"2025-09-11T08:27:12","slug":"une-grille-repensee-pour-la-nouvelle-saison-de-la-radio-ici-cotentin","status":"publish","type":"post","link":"https:\/\/www.europesays.com\/fr\/382307\/","title":{"rendered":"Une grille repens\u00e9e pour la nouvelle saison de la radio Ici Cotentin"},"content":{"rendered":"<p>            Par<br \/>\n        <strong><br \/>\n            <a href=\"https:\/\/actu.fr\/auteur\/redaction-pressemanche\" title=\"Consulter tous les articles de R\u00e9daction La Presse de la Manche\" target=\"_blank\" rel=\"noopener\">R\u00e9daction La Presse de la Manche<\/a><br \/>\n        <\/strong><\/p>\n<p>        Publi\u00e9 le<\/p>\n<p>            11 sept. 2025 \u00e0 9h02        <\/p>\n<p data-end=\"445\">Depuis<b> janvier\u00a02025<\/b>, le <b>r\u00e9seau France Bleu<\/b> a <b>chang\u00e9 d\u2019identit\u00e9<\/b> pour devenir Ici, en lien avec la cha\u00eene <a href=\"https:\/\/www.france.tv\/france-3\/?gad_source=1&amp;gad_campaignid=22445036120&amp;gbraid=0AAAAAD4epFKduwn3lmiqoDmXd6fDoLLgy&amp;gclid=Cj0KCQjww4TGBhCKARIsAFLXndSuNl0bKDDAuZS9N4kRKVWNLwGv-ocAjomwMbo0mxXJUX1WuHQbNTwaAlUzEALw_wcB#at_medium=1&amp;at_platform=2&amp;at_offre=1&amp;at_campaign=ftv_se_mrq&amp;at_adgroup=mrq_f3&amp;at_adgroupid=177914890453&amp;at_adid=746315793987&amp;at_term=france%203\" target=\"_blank\" rel=\"noopener\">France 3<\/a>. Il regroupe d\u00e9sormais<b> 44 radios locales<\/b> \u00e0 travers l\u2019Hexagone.<\/p>\n<p data-end=\"807\" class=\" wall-content\">Dans le <b>Cotentin<\/b>, France Bleu Cotentin s\u2019appelle donc <a href=\"https:\/\/www.francebleu.fr\/radio\/cotentin\" target=\"_blank\" rel=\"noopener\">Ici Cotentin<\/a>. La station, install\u00e9e \u00e0 <a href=\"https:\/\/actu.fr\/normandie\/cherbourg-en-cotentin_50129\" target=\"_blank\" rel=\"noopener\">Cherbourg <\/a>(Manche), reste fid\u00e8le \u00e0 ses <b>valeurs de proximit\u00e9<\/b>.<\/p>\n<blockquote class=\"ac-article-quote wall-content\">\n<p>Nous sommes tr\u00e8s satisfaits de la progression du r\u00e9seau. Cette ann\u00e9e, nous avons gagn\u00e9 plus de 4\u2009300 auditeurs dans la Manche, et plus de 6\u2009600 en deux ans.<\/p>\n<p>J\u00e9r\u00f4me Guyon, directeur de la station<\/p><\/blockquote>\n<p>Une grille repens\u00e9e<\/p>\n<p data-end=\"1059\" class=\" wall-content\">Pour cette rentr\u00e9e, la grille a \u00e9t\u00e9 repens\u00e9e. \u00ab\u2009Avec toute l\u2019\u00e9quipe, nous cherchons toujours \u00e0 nous r\u00e9inventer en proposant des<b> rendez-vous de qualit\u00e9<\/b>\u2009\u00bb, souligne St\u00e9phanie Mounier, <b>responsable des programmes<\/b>.<\/p>\n<p data-end=\"1359\" class=\" wall-content\">\u00c0 11\u00a0heures, Aurore Le Helloco et \u00c9ric Delor animent <b>un nouveau jeu<\/b>, Une bonne paire de Manche. Ce rendez-vous propose de <b>s\u2019amuser <\/b>tout en remportant des <b>cartes cadeaux<\/b> pour le <b>carburant<\/b>, une op\u00e9ration qui se poursuit jusqu\u2019en <b>d\u00e9cembre<\/b>.<\/p>\n<p data-end=\"1359\" class=\" wall-content\">D\u00e8s 13\u2009h\u200930, place aux rendez-vous <b>musicaux <\/b>jusqu\u2019\u00e0 16\u00a0heures.<\/p>\n<p>Vid\u00e9os : en ce moment sur ActuUn duo f\u00e9minin le matin<\/p>\n<p data-end=\"1833\" class=\" wall-content\">La <b>matinale <\/b>est confi\u00e9e \u00e0<b> un duo f\u00e9minin<\/b>\u2009: Caroline Jouanneau et Katia Lautrou. Leur \u00e9mission Ici Matin, diffus\u00e9e de 6\u2009h\u200930 \u00e0 9\u2009h sur Ici Cotentin et France 3 Normandie, m\u00e9lange <b>infos<\/b>, <b>chroniques <\/b>et jeux.<\/p>\n<blockquote class=\"ac-article-quote wall-content\">\n<p>Nous proposons une grande proximit\u00e9, m\u00eame dans le traitement de l\u2019actualit\u00e9.<\/p>\n<p>Juliette Lemeunier, r\u00e9dactrice en chef<\/p><\/blockquote>\n<p>Votre r\u00e9gion, votre actu !<\/p>\n<p>Recevez chaque jour les infos qui comptent pour vous.<\/p>\n<p>\t<a href=\"https:\/\/actu.fr\/newsletter\" class=\"ac-btn ac-btn--corner ac-btn--medium ac-btn--blue800\" target=\"_blank\" rel=\"noopener\">S&rsquo;incrire<\/a><\/p>\n<p data-end=\"1833\" class=\" wall-content\">\u00c0 6\u2009h\u200940, les <b>enfants <\/b>s\u2019expriment dans Parole d\u2019enfants, avant le <b>billet d\u2019humeur<\/b> d\u2019Emmanuel Gouache. Chaque lundi \u00e0 18\u2009h\u200930, un rendez-vous est \u00e9galement consacr\u00e9 \u00e0 l\u2019<b>actualit\u00e9 sportive<\/b> locale.<\/p>\n<p class=\" wall-content\">Ici Cotentin, c\u2019est aussi une <b>pr\u00e9sence num\u00e9rique<\/b> via l\u2019application \u00ab<a href=\"https:\/\/play.google.com\/store\/apps\/details?id=com.radiofrance.radio.francebleu.android&amp;hl=fr\" target=\"_blank\" rel=\"noopener\">\u2009Ici\u2009: actu locale, radio, TV<\/a>\u2009\u00bb. Elle permet d\u2019\u00e9couter la station en <b>direct<\/b>, de suivre la matinale en <b>version t\u00e9l\u00e9vis\u00e9e<\/b> et d\u2019acc\u00e9der \u00e0 <b>plusieurs podcasts<\/b>.<\/p>\n<p class=\" wall-content\">Parmi eux, Histoires sal\u00e9es explore l\u2019<b>univers maritime<\/b>, avec un \u00e9pisode sur le <a href=\"https:\/\/actu.fr\/normandie\/cherbourg-en-cotentin_50129\/recit-au-large-de-cherbourg-763-soldats-americains-ont-sombre-a-bord-du-leopoldville_61682499.html\" target=\"_blank\" rel=\"noopener\">naufrage du L\u00e9opoldville <\/a>en <b>1944<\/b>. Le podcast Partir propose, quant \u00e0 lui, des \u00e9pisodes consacr\u00e9s \u00e0 des<b> lieux touristiques<\/b> du Cotentin, comme l<b>\u2019\u00eele Tatihou<\/b> ou le <a href=\"https:\/\/actu.fr\/normandie\/le-mont-saint-michel_50353\" target=\"_blank\" rel=\"noopener\">Mont Saint-Michel<\/a>.<\/p>\n<p class=\" wall-content\"><b>De notre correspondante Julien LUCAS<\/b><\/p>\n<p>R\u00e9seau FM\u2009: Cherbourg\u2009: 100.7\u2009; Saint-L\u00f4\u2009: 98.6<\/p>\n<p class=\" wall-content\">Personnalisez votre actualit\u00e9 en ajoutant vos villes et m\u00e9dias en favori avec <a href=\"https:\/\/moncompte.actu.fr\" title=\"D\u00e9couvez Mon Actu\" rel=\"nofollow noopener\" data-trk=\"{&quot;cta&quot;:{&quot;action&quot;:&quot;https:\\\/\\\/moncompte.actu.fr&quot;,&quot;category&quot;:&quot;mon compte&quot;,&quot;from&quot;:&quot;article footer&quot;,&quot;name&quot;:&quot;Mon actu&quot;,&quot;type&quot;:&quot;cta&quot;}}\" target=\"_blank\">Mon Actu<\/a>.<\/p>\n","protected":false},"excerpt":{"rendered":"Par R\u00e9daction La Presse de la Manche Publi\u00e9 le 11 sept. 2025 \u00e0 9h02 Depuis janvier\u00a02025, le r\u00e9seau&hellip;\n","protected":false},"author":2,"featured_media":382308,"comment_status":"","ping_status":"","sticky":false,"template":"","format":"standard","meta":{"footnotes":""},"categories":[1355],"tags":[3168,58,33,59,1011,27,500,1361,873],"class_list":{"0":"post-382307","1":"post","2":"type-post","3":"status-publish","4":"format-standard","5":"has-post-thumbnail","7":"category-musique","8":"tag-cotentin","9":"tag-divertissement","10":"tag-economie","11":"tag-entertainment","12":"tag-fr","13":"tag-france","14":"tag-medias","15":"tag-music","16":"tag-musique"},"share_on_mastodon":{"url":"https:\/\/pubeurope.com\/@fr\/115184719903728773","error":""},"_links":{"self":[{"href":"https:\/\/www.europesays.com\/fr\/wp-json\/wp\/v2\/posts\/382307","targetHints":{"allow":["GET"]}}],"collection":[{"href":"https:\/\/www.europesays.com\/fr\/wp-json\/wp\/v2\/posts"}],"about":[{"href":"https:\/\/www.europesays.com\/fr\/wp-json\/wp\/v2\/types\/post"}],"author":[{"embeddable":true,"href":"https:\/\/www.europesays.com\/fr\/wp-json\/wp\/v2\/users\/2"}],"replies":[{"embeddable":true,"href":"https:\/\/www.europesays.com\/fr\/wp-json\/wp\/v2\/comments?post=382307"}],"version-history":[{"count":0,"href":"https:\/\/www.europesays.com\/fr\/wp-json\/wp\/v2\/posts\/382307\/revisions"}],"wp:featuredmedia":[{"embeddable":true,"href":"https:\/\/www.europesays.com\/fr\/wp-json\/wp\/v2\/media\/382308"}],"wp:attachment":[{"href":"https:\/\/www.europesays.com\/fr\/wp-json\/wp\/v2\/media?parent=382307"}],"wp:term":[{"taxonomy":"category","embeddable":true,"href":"https:\/\/www.europesays.com\/fr\/wp-json\/wp\/v2\/categories?post=382307"},{"taxonomy":"post_tag","embeddable":true,"href":"https:\/\/www.europesays.com\/fr\/wp-json\/wp\/v2\/tags?post=382307"}],"curies":[{"name":"wp","href":"https:\/\/api.w.org\/{rel}","templated":true}]}}