{"id":382311,"date":"2025-09-11T08:29:11","date_gmt":"2025-09-11T08:29:11","guid":{"rendered":"https:\/\/www.europesays.com\/fr\/382311\/"},"modified":"2025-09-11T08:29:11","modified_gmt":"2025-09-11T08:29:11","slug":"linsomnie-chronique-pourrait-favoriser-le-vieillissement-du-cerveau","status":"publish","type":"post","link":"https:\/\/www.europesays.com\/fr\/382311\/","title":{"rendered":"L\u2019insomnie chronique pourrait favoriser le vieillissement du cerveau"},"content":{"rendered":"<p>    L\u2019insomnie chronique est d\u00e9finie comme le fait d\u2019avoir des troubles du sommeil au moins trois nuits par semaine pendant trois mois ou plus.<br \/>\n                Andrii Lysenko &#8211; stock.adobe.com<\/p>\n<p>Une \u00e9quipe r\u00e9v\u00e8le une association entre une dette de sommeil chronique et le vieillissement cognitif et rappelle l\u2019importance du sommeil pour la sant\u00e9 du cerveau.<\/p>\n<p class=\"fig-paragraph\">Des nuits \u00e9court\u00e9es peuvent peser bien plus lourd que de simples cernes au r\u00e9veil. Si tout le monde est concern\u00e9 par des\u00a0<a href=\"https:\/\/sante.lefigaro.fr\/sante\/symptome\/insomnie\/quelles-consequences\" target=\"_blank\" data-fig-type=\"Keyword\" rel=\"sponsored noopener\" data-gtm-custom-categorie=\"navigation\" data-gtm-custom-action=\"crossclick\" data-gtm-custom-label=\"Contextuel\" data-gtm-event=\"customEventSPE\" data-fig-domain=\"SANTE\">insomnies<\/a>\u00a0ponctuelles, qui restent inoffensives, l\u2019insomnie chronique \u2013 d\u00e9finie comme des troubles du sommeil au moins trois nuits par semaine pendant trois mois ou plus \u2013\u00a0<a href=\"http:\/\/sante.lefigaro.fr\/mieux-etre\/ces-troubles-du-sommeil-qui-augmentent-le-risque-de-declin-cognitif-20240520\" data-fig-type=\"Article\" data-gtm-custom-categorie=\"navigation\" data-gtm-custom-action=\"crossclick\" data-gtm-custom-label=\"Contextuel\" data-gtm-event=\"customEventSPE\" data-fig-domain=\"SANTE\" target=\"_blank\" rel=\"noopener\">pourrait affecter sur le long terme les performances cognitives<\/a>. Notamment, en faisant vieillir notre\u00a0<a href=\"https:\/\/sante.lefigaro.fr\/sante\/organe\/cerveau\/quelles-sont-principales-maladies-cerveau\" target=\"_blank\" data-fig-type=\"Keyword\" rel=\"sponsored noopener\" data-gtm-custom-categorie=\"navigation\" data-gtm-custom-action=\"crossclick\" data-gtm-custom-label=\"Contextuel\" data-gtm-event=\"customEventSPE\" data-fig-domain=\"SANTE\">cerveau<\/a>\u00a0plus vite qu\u2019il ne le devrait.<\/p>\n<p class=\"fig-paragraph\">C\u2019est une vieille inqui\u00e9tude, soulev\u00e9e une nouvelle fois par\u00a0<a href=\"https:\/\/www.neurology.org\/doi\/10.1212\/WNL.0000000000214155\" target=\"_blank\" rel=\"nofollow noopener\" data-gtm-custom-categorie=\"navigation\" data-gtm-custom-action=\"crossclick\" data-gtm-custom-label=\"Contextuel\" data-gtm-event=\"customEventSPE\">une \u00e9tude publi\u00e9e dans Neurology<\/a> . Dans ces travaux, une \u00e9quipe am\u00e9ricaine pointe une association entre une dette de sommeil chronique et un vieillissement c\u00e9r\u00e9bral acc\u00e9l\u00e9r\u00e9. \u00ab\u00a0Si le lien de causalit\u00e9 reste \u00e0 d\u00e9montrer, ces donn\u00e9es renforcent l\u2019importance de traiter l\u2019insomnie chronique, non seulement pour am\u00e9liorer la qualit\u00e9 du sommeil, mais aussi potentiellement pour pr\u00e9server la sant\u00e9 c\u00e9r\u00e9brale avec l\u2019\u00e2ge\u00a0\u00bb, souligne Diego Carvalho, neurologue \u00e0 l\u2019h\u00f4pital de Rochester, aux \u00c9tats-Unis, qui a conduit\u2026<\/p>\n<p class=\"fig-premium-paywall__infos\">\n        Cet article est r\u00e9serv\u00e9 aux abonn\u00e9s.        Il vous reste 81% \u00e0 d\u00e9couvrir.\n    <\/p>\n<p>                <img  data- alt=\"Le Figaro\" class=\"fig-img--complete fig-img\"\/><\/p>\n<p class=\"fig-premium-paywall__title\">Vous avez envie de lire la suite ?<\/p>\n<p class=\"fig-premium-paywall__subtitle\">D\u00e9bloquez tous les articles imm\u00e9diatement.<\/p>\n<p class=\"fig-premium-paywall__connect\">\n                D\u00e9j\u00e0 abonn\u00e9\u00a0?                <a class=\"fig-premium-paywall__connect-link\" href=\"https:\/\/connect.lefigaro.fr\/login?client=sante_web&amp;type=main&amp;redirect_uri=https%3A%2F%2Fsante.lefigaro.fr%2Fmieux-etre%2Fl-insomnie-chronique-pourrait-favoriser-le-vieillissement-du-cerveau-20250911\" data-js-gtm=\"{&quot;customCategorie&quot;: &quot;conversion&quot;, &quot;customAction&quot;: &quot;before_Landing_Connexion_paywall_auto&quot;, &quot;customLabel&quot;: &quot;c2FudGUubGVmaWdhcm8uZnJfXzFmMDhlNTZjLWMxZjctNjMzOC1iMGNjLTRiMzFmOWIzMzM4OF9fQXJ0aWNsZQ==_L\u2019insomnie chronique pourrait favoriser le vieillissement du cerveau_567&quot;, &quot;customIDSPE&quot;: &quot;c2FudGUubGVmaWdhcm8uZnJfXzFmMDhlNTZjLWMxZjctNjMzOC1iMGNjLTRiMzFmOWIzMzM4OF9fQXJ0aWNsZQ==&quot;, &quot;event&quot;: &quot;customEventSPE&quot;}\" target=\"_blank\" rel=\"noopener\"><br \/>\n                    Connectez-vous<br \/>\n                <\/a>\n            <\/p>\n","protected":false},"excerpt":{"rendered":"L\u2019insomnie chronique est d\u00e9finie comme le fait d\u2019avoir des troubles du sommeil au moins trois nuits par semaine&hellip;\n","protected":false},"author":2,"featured_media":382312,"comment_status":"","ping_status":"","sticky":false,"template":"","format":"standard","meta":{"footnotes":""},"categories":[10],"tags":[231,1011,27,72,4982,71,3552,279],"class_list":{"0":"post-382311","1":"post","2":"type-post","3":"status-publish","4":"format-standard","5":"has-post-thumbnail","7":"category-sante","8":"tag-cerveau","9":"tag-fr","10":"tag-france","11":"tag-health","12":"tag-insomnie","13":"tag-sante","14":"tag-seniors","15":"tag-sommeil"},"share_on_mastodon":{"url":"https:\/\/pubeurope.com\/@fr\/115184727826225165","error":""},"_links":{"self":[{"href":"https:\/\/www.europesays.com\/fr\/wp-json\/wp\/v2\/posts\/382311","targetHints":{"allow":["GET"]}}],"collection":[{"href":"https:\/\/www.europesays.com\/fr\/wp-json\/wp\/v2\/posts"}],"about":[{"href":"https:\/\/www.europesays.com\/fr\/wp-json\/wp\/v2\/types\/post"}],"author":[{"embeddable":true,"href":"https:\/\/www.europesays.com\/fr\/wp-json\/wp\/v2\/users\/2"}],"replies":[{"embeddable":true,"href":"https:\/\/www.europesays.com\/fr\/wp-json\/wp\/v2\/comments?post=382311"}],"version-history":[{"count":0,"href":"https:\/\/www.europesays.com\/fr\/wp-json\/wp\/v2\/posts\/382311\/revisions"}],"wp:featuredmedia":[{"embeddable":true,"href":"https:\/\/www.europesays.com\/fr\/wp-json\/wp\/v2\/media\/382312"}],"wp:attachment":[{"href":"https:\/\/www.europesays.com\/fr\/wp-json\/wp\/v2\/media?parent=382311"}],"wp:term":[{"taxonomy":"category","embeddable":true,"href":"https:\/\/www.europesays.com\/fr\/wp-json\/wp\/v2\/categories?post=382311"},{"taxonomy":"post_tag","embeddable":true,"href":"https:\/\/www.europesays.com\/fr\/wp-json\/wp\/v2\/tags?post=382311"}],"curies":[{"name":"wp","href":"https:\/\/api.w.org\/{rel}","templated":true}]}}