{"id":382313,"date":"2025-09-11T08:30:14","date_gmt":"2025-09-11T08:30:14","guid":{"rendered":"https:\/\/www.europesays.com\/fr\/382313\/"},"modified":"2025-09-11T08:30:14","modified_gmt":"2025-09-11T08:30:14","slug":"andy-delort-explique-pourquoi-il-va-jouer-en-regional-2","status":"publish","type":"post","link":"https:\/\/www.europesays.com\/fr\/382313\/","title":{"rendered":"Andy Delort explique pourquoi il va jouer en R\u00e9gional 2"},"content":{"rendered":"<p>\u00c0 33 ans, <a href=\"https:\/\/www.footmercato.net\/joueur\/andy-delort\/\" rel=\"nofollow noopener\" target=\"_blank\">Andy Delort<\/a> a d\u00e9cid\u00e9 de faire un choix fort de sens : revenir \u00e0 l\u2019AC <a href=\"https:\/\/www.footmercato.net\/club\/ac-ajaccio\/\" rel=\"nofollow noopener\" target=\"_blank\">Ajaccio<\/a>, <a href=\"https:\/\/www.footmercato.net\/a4257092299276480172-andy-delort-fait-son-retour-a-lac-ajaccio\" rel=\"nofollow noopener\" target=\"_blank\">aujourd\u2019hui plong\u00e9 en R\u00e9gional 2 apr\u00e8s de lourds probl\u00e8mes financiers<\/a>. L\u2019attaquant, qui avait port\u00e9 les couleurs corses entre 2010 et 2013, a annonc\u00e9 vouloir aider le club de ses d\u00e9buts \u00e0 remonter la pente. \u00ab Je me dois de rendre ce que le club m\u2019a donn\u00e9 \u00bb, confie-t-il \u00e0 L\u2019\u00c9quipe, rappelant que c\u2019est \u00e0 Ajaccio qu\u2019il avait eu la chance de d\u00e9couvrir le monde professionnel. Tr\u00e8s attach\u00e9 \u00e0 la ville et \u00e0 ses supporters, Andy Delort assume un retour marqu\u00e9 par l\u2019\u00e9motion : \u00ab pour moi, l\u2019ACA est bien plus qu\u2019un club. \u00bb<\/p>\n<p>            La suite apr\u00e8s cette publicit\u00e9<\/p>\n<p>En rejoignant le projet port\u00e9 par Anthony Lippini, ancien joueur du club d\u00e9sormais entra\u00eeneur, Delort s\u2019inscrit dans une mission claire, qui est donc de faire remonter l\u2019ACA le plus rapidement possible. Le but est de redonner une place au club corse dans le paysage professionnel, malgr\u00e9 les enqu\u00eates judiciaires en cours qui ont plong\u00e9 l\u2019institution dans la tourmente. Mais Delort ne veut retenir que l\u2019essentiel : \u00ab si nous arrivons \u00e0 faire remonter l\u2019ACA, dans cinq ans ou m\u00eame dix ans, nous pourrons alors dire : nous y \u00e9tions \u00e0 la base \u00bb, affirme-t-il, <a href=\"https:\/\/www.footmercato.net\/a1463365810265829687-plusieurs-stars-de-ligue-1-vont-venir-aider-lac-ajaccio-en-regional-2\" rel=\"nofollow noopener\" target=\"_blank\">d\u00e9termin\u00e9 \u00e0 transformer ce d\u00e9fi en une aventure humaine et sportive inoubliable.<\/a><\/p>\n<p>\n    Pub. le 11\/09\/2025 09:00<br \/>\n            &#8211; MAJ le 11\/09\/2025 10:18\n    <\/p>\n","protected":false},"excerpt":{"rendered":"\u00c0 33 ans, Andy Delort a d\u00e9cid\u00e9 de faire un choix fort de sens : revenir \u00e0 l\u2019AC&hellip;\n","protected":false},"author":2,"featured_media":382314,"comment_status":"","ping_status":"","sticky":false,"template":"","format":"standard","meta":{"footnotes":""},"categories":[9],"tags":[1011,27,60],"class_list":{"0":"post-382313","1":"post","2":"type-post","3":"status-publish","4":"format-standard","5":"has-post-thumbnail","7":"category-sports","8":"tag-fr","9":"tag-france","10":"tag-sports"},"share_on_mastodon":{"url":"https:\/\/pubeurope.com\/@fr\/115184731727825634","error":""},"_links":{"self":[{"href":"https:\/\/www.europesays.com\/fr\/wp-json\/wp\/v2\/posts\/382313","targetHints":{"allow":["GET"]}}],"collection":[{"href":"https:\/\/www.europesays.com\/fr\/wp-json\/wp\/v2\/posts"}],"about":[{"href":"https:\/\/www.europesays.com\/fr\/wp-json\/wp\/v2\/types\/post"}],"author":[{"embeddable":true,"href":"https:\/\/www.europesays.com\/fr\/wp-json\/wp\/v2\/users\/2"}],"replies":[{"embeddable":true,"href":"https:\/\/www.europesays.com\/fr\/wp-json\/wp\/v2\/comments?post=382313"}],"version-history":[{"count":0,"href":"https:\/\/www.europesays.com\/fr\/wp-json\/wp\/v2\/posts\/382313\/revisions"}],"wp:featuredmedia":[{"embeddable":true,"href":"https:\/\/www.europesays.com\/fr\/wp-json\/wp\/v2\/media\/382314"}],"wp:attachment":[{"href":"https:\/\/www.europesays.com\/fr\/wp-json\/wp\/v2\/media?parent=382313"}],"wp:term":[{"taxonomy":"category","embeddable":true,"href":"https:\/\/www.europesays.com\/fr\/wp-json\/wp\/v2\/categories?post=382313"},{"taxonomy":"post_tag","embeddable":true,"href":"https:\/\/www.europesays.com\/fr\/wp-json\/wp\/v2\/tags?post=382313"}],"curies":[{"name":"wp","href":"https:\/\/api.w.org\/{rel}","templated":true}]}}