{"id":382315,"date":"2025-09-11T08:31:12","date_gmt":"2025-09-11T08:31:12","guid":{"rendered":"https:\/\/www.europesays.com\/fr\/382315\/"},"modified":"2025-09-11T08:31:12","modified_gmt":"2025-09-11T08:31:12","slug":"audiences-access-20h-tout-beau-tout-n9uf-et-cyril-hanouna-ont-ils-remonte-la-pente-apres-un-debut-de-semaine-complique-sur-w9","status":"publish","type":"post","link":"https:\/\/www.europesays.com\/fr\/382315\/","title":{"rendered":"Audiences access 20h : \u00ab\u00a0Tout beau, tout n9uf\u00a0\u00bb et Cyril Hanouna ont-ils remont\u00e9 la pente apr\u00e8s un d\u00e9but de semaine compliqu\u00e9 sur W9 ?"},"content":{"rendered":"<p>La suite apr\u00e8s la publicit\u00e9<\/p>\n<p>Les JT<\/p>\n<p>Le \u00ab\u00a020 Heures\u00a0\u00bb de TF1 \u2013 <a href=\"https:\/\/www.ozap.com\/personnalite\/gilles-bouleau_e143149\" rel=\"nofollow noopener\" target=\"_blank\">Gilles Bouleau<\/a> (19h58-20h45) : <strong>5,59 millions (28,0%)<\/strong><br \/>Le \u00ab\u00a020 Heures\u00a0\u00bb de France 2 (19h58-20h29) \u2013 <a href=\"https:\/\/www.ozap.com\/personnalite\/lea-salame_e149105\" rel=\"nofollow noopener\" target=\"_blank\">L\u00e9a Salam\u00e9<\/a> : <strong>4,15 millions (21,0%)<\/strong><br \/>Le \u00ab\u00a020 Heures\u00a0\u00bb de France 2 (20h29-20h42) \u2013 L\u00e9a Salam\u00e9 : <strong>4,32 millions (21,2%)<\/strong><br \/>\u00ab\u00a0Le 19.45\u00a0\u00bb de M6 (19h48-20h21) &#8211; <a href=\"https:\/\/www.ozap.com\/personnalite\/xavier-de-moulins_e24038\" rel=\"nofollow noopener\" target=\"_blank\">Xavier de Moulins<\/a> :<strong> 2,33 millions (12,3%)<\/strong><\/p>\n<p>Largement leader, le \u00ab\u00a020 Heures\u00a0\u00bb de TF1, pr\u00e9sent\u00e9 par Gilles Bouleau, atteint, comme hier, la barre des 5,5 millions de t\u00e9l\u00e9spectateurs. Mais parce qu&rsquo;il y avait plus de monde devant la t\u00e9l\u00e9vision hier soir par rapport \u00e0 la veille, sa part d&rsquo;audience est en repli de 1,8 point.<br \/>Sur France 2, L\u00e9a Salam\u00e9 repart \u00e0 la hausse, au soir de la journ\u00e9e de mobilisation \u00ab\u00a0Bloquons tout !\u00a0\u00bb. Le \u00ab\u00a020 Heures\u00a0\u00bb de France 2, suivi par plus de 4 millions de t\u00e9l\u00e9spectateurs, signe son record d&rsquo;audience t\u00e9l\u00e9spectateurs depuis son arriv\u00e9e (+ 1,0 point de part d&rsquo;audience versus J-1). La P2, plus suivie encore, a inform\u00e9 4,32 millions de t\u00e9l\u00e9spectateurs (+ 0,3 point versus J-1). Un record de saison sur les deux indicateurs mesurant l&rsquo;audience sur l&rsquo;ensemble du public.<br \/>Sur M6, le \u00ab\u00a019.45\u00a0\u00bb de Xavier de Moulins s&rsquo;envole avec plus de 2,3 millions de t\u00e9l\u00e9spectateurs au rendez-vous (+ 1,3 point de part d&rsquo;audience versus J-1).<\/p>\n<p><strong>\u00c0 lire aussi : <\/strong><a href=\"https:\/\/www.ozap.com\/actu\/xavier-de-moulins-fete-ses-15-ans-a-la-tete-du-1945-sur-m6-en-television-construire-sur-la-duree-nest-pas-donne-a-tout-le-monde\/651242\" rel=\"nofollow noopener\" target=\"_blank\"><strong>Xavier de Moulins f\u00eate ses 15 ans \u00e0 la t\u00eate du \u00ab\u00a019.45\u00a0\u00bb sur M6 : \u00ab\u00a0En t\u00e9l\u00e9vision, construire sur la dur\u00e9e n&rsquo;est pas donn\u00e9 \u00e0 tout le monde\u00a0\u00bb<\/strong><\/a><\/p>\n<p>Les talks<\/p>\n<p>\u00ab\u00a0Quotidien\u00a0\u00bb (TMC \/ 21h02-21h17) : <strong>2,06 millions (10,5%)<\/strong><br \/>\u00ab\u00a0Quotidien\u00a0\u00bb \u2013 partie 2 (TMC \/ 20h12-21h02) : <strong>1,25 million (6,2%)<\/strong><\/p>\n<p>\u00ab\u00a0Tout beau, tout n9uf\u00a0\u00bb (W9 \/ 21h00-21h15) : <strong>1,43 million (7,3%)<\/strong><br \/>\u00ab\u00a0Tout beau, tout n9uf &#8211; deuxi\u00e8me partie\u00a0\u00bb (W9 \/ 20h12-21h00) : <strong>936.000 (4,7%)<\/strong><br \/>\u00a0<br \/>\u00ab\u00a0C \u00e0 vous, la suite\u00a0\u00bb (France 5 \/ 20h45-21h03) : <strong>1,11 million (5,6%)<\/strong><br \/>\u00ab\u00a0C \u00e0 vous, la suite\u00a0\u00bb (France 5 \/ 20h03-20h45) : <strong>703.000 (3,5%)<\/strong><\/p>\n<p>\u00ab\u00a028 minutes\u00a0\u00bb (Arte \/ 20h05) :<strong> 605.000 (3,0%)<\/strong><\/p>\n<p>\u00ab\u00a0Quotidien\u00a0\u00bb d\u00e9passe pour la premi\u00e8re fois de la saison les 2 millions de t\u00e9l\u00e9spectateurs dans son dernier quart d&rsquo;heure. Yann Barth\u00e8s recevait Moghiz et Benjamin Duhamel (+ 1,4 point versus J-1). La part d&rsquo;audience de la P2, elle, sort renforc\u00e9e de 0,4 point versus J-1.<br \/>\u00ab\u00a0Tout beau, tout n9uf\u00a0\u00bb, pr\u00e9sent\u00e9 par Cyril Hanouna, remonte apr\u00e8s deux scores d\u00e9cevants et gagne par rapport \u00e0 la veille 280.000 t\u00e9l\u00e9spectateurs dans son dernier quart d&rsquo;heure (+ 1,5 point par rapport \u00e0 la veille). La P2, toujours largement sous le million, est stable (+ 0,1 point sur la m\u00eame p\u00e9riode).<br \/>\u00ab\u00a0C \u00e0 vous, la suite\u00a0\u00bb s&rsquo;envole au-dessus du million (+ 1,0 point versus J-1). La partie principale progresse de fa\u00e7on plus mesur\u00e9e (+ 0,2 point sur la m\u00eame p\u00e9riode).<\/p>\n<p><strong>\u00c0 lire aussi : <\/strong><a href=\"https:\/\/www.ozap.com\/actu\/audiences-cyril-hanouna-a-t-il-fait-avec-tout-beau-tout-n9uf-sur-w9-une-meilleure-rentree-que-sur-c8-avec-tpmp-lan-passe\/651407\" rel=\"nofollow noopener\" target=\"_blank\"><strong>Audiences : Cyril Hanouna a-t-il fait avec \u00ab\u00a0Tout beau, tout n9uf\u00a0\u00bb sur W9 une meilleure rentr\u00e9e que sur C8 avec \u00ab\u00a0TPMP\u00a0\u00bb l&rsquo;an pass\u00e9 ?<\/strong><\/a><\/p>\n<p>Les feuilletons<\/p>\n<p>\u00ab\u00a0Sc\u00e8nes de m\u00e9nages\u00a0\u00bb (M6 \/ 20h47-21h00) : <strong>1,94 million (9,7%)<\/strong><br \/>\u00ab\u00a0Un si grand soleil\u00a0\u00bb (France 3 \/ 20h46-21h10) : <strong>2,25 millions (11,4%)<\/strong><br \/>\u00ab\u00a0Plus belle la vie, encore plus belle\u00a0\u00bb (TF1 S\u00e9ries Films \/ 20h34-20h59) : <strong>333.000 (1,7%)<\/strong><\/p>\n<p>\u00ab\u00a0Un si grand soleil\u00a0\u00bb souffre et perd 1 point de part d&rsquo;audience en 24 heures.<\/p>\n<p><a href=\"https:\/\/www.ozap.com\/actu\/face-au-fiasco-de-nouveau-jour-a-20h40-m6-change-lheure-de-programmation-de-son-feuilleton-quotidien-a-la-rentree\/651077\" rel=\"nofollow noopener\" target=\"_blank\"><strong>\u00c0 lire aussi : Face au fiasco de \u00ab\u00a0Nouveau Jour\u00a0\u00bb \u00e0 20h40, M6 change l&rsquo;heure de programmation de son feuilleton quotidien \u00e0 la rentr\u00e9e<\/strong><\/a><\/p>\n<p>La t\u00e9l\u00e9-r\u00e9alit\u00e9<\/p>\n<p>\u00ab\u00a0La villa des c\u0153urs bris\u00e9s\u00a0\u00bb (TFX \/20h) : <strong>322.000 (1,6%)<\/strong><\/p>\n<p>Le docu-r\u00e9alit\u00e9<\/p>\n<p>\u00ab\u00a0Un d\u00eener presque parfait\u00a0\u00bb (Gulli \/ 19h52-20h58) : <strong>118.000 (0,6%)<\/strong><\/p>\n<p>\u00ab\u00a0Un d\u00eener presque parfait\u00a0\u00bb reste largement sous le point de part d&rsquo;audience sur Gulli.\u00a0<\/p>\n<p>Chiffres M\u00e9diam\u00e9trie<\/p>\n","protected":false},"excerpt":{"rendered":"La suite apr\u00e8s la publicit\u00e9 Les JT Le \u00ab\u00a020 Heures\u00a0\u00bb de TF1 \u2013 Gilles Bouleau (19h58-20h45) : 5,59&hellip;\n","protected":false},"author":2,"featured_media":382316,"comment_status":"","ping_status":"","sticky":false,"template":"","format":"standard","meta":{"footnotes":""},"categories":[8],"tags":[58,59,1011,27],"class_list":{"0":"post-382315","1":"post","2":"type-post","3":"status-publish","4":"format-standard","5":"has-post-thumbnail","7":"category-divertissement","8":"tag-divertissement","9":"tag-entertainment","10":"tag-fr","11":"tag-france"},"share_on_mastodon":{"url":"https:\/\/pubeurope.com\/@fr\/115184735626589770","error":""},"_links":{"self":[{"href":"https:\/\/www.europesays.com\/fr\/wp-json\/wp\/v2\/posts\/382315","targetHints":{"allow":["GET"]}}],"collection":[{"href":"https:\/\/www.europesays.com\/fr\/wp-json\/wp\/v2\/posts"}],"about":[{"href":"https:\/\/www.europesays.com\/fr\/wp-json\/wp\/v2\/types\/post"}],"author":[{"embeddable":true,"href":"https:\/\/www.europesays.com\/fr\/wp-json\/wp\/v2\/users\/2"}],"replies":[{"embeddable":true,"href":"https:\/\/www.europesays.com\/fr\/wp-json\/wp\/v2\/comments?post=382315"}],"version-history":[{"count":0,"href":"https:\/\/www.europesays.com\/fr\/wp-json\/wp\/v2\/posts\/382315\/revisions"}],"wp:featuredmedia":[{"embeddable":true,"href":"https:\/\/www.europesays.com\/fr\/wp-json\/wp\/v2\/media\/382316"}],"wp:attachment":[{"href":"https:\/\/www.europesays.com\/fr\/wp-json\/wp\/v2\/media?parent=382315"}],"wp:term":[{"taxonomy":"category","embeddable":true,"href":"https:\/\/www.europesays.com\/fr\/wp-json\/wp\/v2\/categories?post=382315"},{"taxonomy":"post_tag","embeddable":true,"href":"https:\/\/www.europesays.com\/fr\/wp-json\/wp\/v2\/tags?post=382315"}],"curies":[{"name":"wp","href":"https:\/\/api.w.org\/{rel}","templated":true}]}}