{"id":382317,"date":"2025-09-11T08:32:10","date_gmt":"2025-09-11T08:32:10","guid":{"rendered":"https:\/\/www.europesays.com\/fr\/382317\/"},"modified":"2025-09-11T08:32:10","modified_gmt":"2025-09-11T08:32:10","slug":"pas-de-traduction-en-direct-pour-les-utilisateurs-europeens-dairpods-nouvelle-arnaque-waze-prise-en-main-de-geforce-now-rtx-5080","status":"publish","type":"post","link":"https:\/\/www.europesays.com\/fr\/382317\/","title":{"rendered":"pas de traduction en direct pour les utilisateurs europ\u00e9ens d&rsquo;AirPods, nouvelle arnaque Waze, prise en main de GeForce Now RTX 5080"},"content":{"rendered":"<p>Bonjour \u00e0 tous, voici la matinale de 01net\u00a0! Qu\u2019avez-vous manqu\u00e9 hier\u00a0? Retrouvez toute l\u2019actu \u00e0 connaitre pour d\u00e9marrer la journ\u00e9e du bon pied\u00a0!<\/p>\n<p>        \u00c0 retenir dans l\u2019actu <\/p>\n<p>Apple met en avant une nouveaut\u00e9 importante avec ses AirPods Pro 3. Mais si vous \u00eates en France, vous risquez d\u2019\u00eatre d\u00e9\u00e7us\u00a0: cette fonction ne sera tout simplement pas disponible\u2026<\/p>\n<blockquote>\n<p>Lire <a href=\"https:\/\/www.01net.com\/actualites\/airpods-pro-3-europeens-prives-nouvelles-fonctions-phares.html\" rel=\"nofollow noopener\" target=\"_blank\">AirPods Pro 3\u00a0: les Europ\u00e9ens priv\u00e9s d\u2019une des nouvelles fonctions phares<\/a><\/p>\n<\/blockquote>\n<p>Et si votre application GPS pr\u00e9f\u00e9r\u00e9e se transformait en pi\u00e8ge\u00a0? C\u2019est la rumeur angoissante qui d\u00e9ferle sur TikTok, accusant Waze de servir d\u2019outil pour attirer les automobilistes dans des guets-apens.<\/p>\n<blockquote>\n<p>Lire <a href=\"https:\/\/www.01net.com\/actualites\/waze-la-nouvelle-arnaque-du-guet-apens-qui-affole-tiktok-est-elle-une-realite.html\" rel=\"nofollow noopener\" target=\"_blank\">Waze\u00a0: la nouvelle arnaque du guet-apens qui affole TikTok est-elle une r\u00e9alit\u00e9\u00a0?<\/a><\/p>\n<\/blockquote>\n<p>Apple r\u00e9serve encore les transferts rapides aux mod\u00e8les les plus chers, et laisse les acheteurs d\u2019iPhone 17 et Air dans le sillage du Lightning.<\/p>\n<blockquote>\n<p>Lire <a href=\"https:\/\/www.01net.com\/actualites\/le-vrai-souci-des-iphone-air-et-iphone-17-ils-sont-toujours-bloques-a-lusb-2-0.html\" rel=\"nofollow noopener\" target=\"_blank\">Le vrai souci des iPhone Air et iPhone 17\u00a0: ils sont toujours bloqu\u00e9s \u00e0 l\u2019USB 2.0<\/a><\/p>\n<\/blockquote>\n<p>Pas besoin de se serrer la ceinture pendant des mois pour profiter des performances de la RTX 5080\u00a0! Les stocks de la carte graphique haut de gamme de Nvidia, lanc\u00e9e en d\u00e9but d\u2019ann\u00e9e, sont toujours au plus bas, ce qui ne fait qu\u2019ench\u00e9rir des tarifs d\u00e9j\u00e0 tr\u00e8s \u00e9lev\u00e9s de base. Ne vous laissez pas abattre\u00a0: pour une fraction du prix, il est d\u00e8s aujourd\u2019hui possible d\u2019en prendre plein la vue gr\u00e2ce \u00e0 GeForce Now.<\/p>\n<blockquote>\n<p>Lire <a href=\"https:\/\/www.01net.com\/actualites\/geforce-now-on-a-teste-le-nouvel-abonnement-rtx-5080-et-ca-depote.html\" rel=\"nofollow noopener\" target=\"_blank\">GeForce Now\u00a0: on a test\u00e9 le nouvel abonnement RTX 5080, et \u00e7a d\u00e9pote<\/a><\/p>\n<\/blockquote>\n<p>Attendu depuis des ann\u00e9es, le streaming sans perte de qualit\u00e9 audio arrive enfin sur Spotify. La plate-forme vient d\u2019officialiser la nouvelle sans toutefois pr\u00e9ciser son arriv\u00e9e en France.<\/p>\n<blockquote>\n<p>Lire <a href=\"https:\/\/www.01net.com\/actualites\/spotify-son-lossless-arrive-abonnes-premium.html\" rel=\"nofollow noopener\" target=\"_blank\">Spotify\u00a0: le son Lossless arrive enfin chez tous les abonn\u00e9s Premium<\/a><\/p>\n<\/blockquote>\n<p>Apple annonce \u00ab\u00a0une autonomie d\u2019une journ\u00e9e\u00a0\u00bb pour son nouvel iPhone Air. Mais o\u00f9 se situe le nouveau mod\u00e8le de la marque par rapport aux autres iPhone\u00a0? Penchons-nous sur les chiffres.<\/p>\n<blockquote>\n<p>Lire <a href=\"https:\/\/www.01net.com\/actualites\/iphone-air-quelle-autonomie-peut-on-vraiment-attendre.html\" rel=\"nofollow noopener\" target=\"_blank\">iPhone Air\u00a0: faut-il craindre pour l\u2019autonomie\u00a0?<\/a><\/p>\n<\/blockquote>\n<p>Entre l\u2019\u00e9l\u00e9gance \u00e9pur\u00e9e d\u2019Apple et la proposition audacieuse de Samsung, le choix est loin d\u2019\u00eatre simple. On a analys\u00e9 chaque d\u00e9tail de l\u2019iPhone Air et du Samsung Galaxy S25 Edge pour vous aider \u00e0 y voir plus clair.<\/p>\n<blockquote>\n<p>Lire <a href=\"https:\/\/www.01net.com\/actualites\/iphone-air-vs-samsung-galaxy-s25-edge-un-duel-tout-en-finesse-et-en-compromis.html\" rel=\"nofollow noopener\" target=\"_blank\">iPhone Air vs Samsung Galaxy S25 Edge\u00a0: l\u2019obsession de la finesse, mais \u00e0 quel prix\u00a0?<\/a><\/p>\n<\/blockquote>\n<p> La vid\u00e9o du jour <\/p>\n<p>Et si on s\u2019achetait un iPhone\u00a0? Mais pas n\u2019importe lequel\u00a0: Titouan a jet\u00e9 son d\u00e9volu sur l\u2019iPhone 17 de base, et il s\u2019en explique.<\/p>\n<blockquote>\n<p class=\"text-base text-neutral-700 dark:text-neutral-300\">\ud83d\udd34 Pour ne manquer aucune actualit\u00e9 de 01net, suivez-nous sur <a href=\"https:\/\/news.google.com\/publications\/CAAqBwgKMJPsvAswoIfUAw?hl=fr&amp;gl=FR&amp;ceid=FR%3Afr\" target=\"_blank\" rel=\"nofollow noopener\">Google Actualit\u00e9s<\/a> et <a href=\"https:\/\/whatsapp.com\/channel\/0029VaH5gKg6xCSG9nQQhQ1Z\" target=\"_blank\" rel=\"nofollow noopener\">WhatsApp<\/a>.<\/p>\n<\/blockquote>\n","protected":false},"excerpt":{"rendered":"Bonjour \u00e0 tous, voici la matinale de 01net\u00a0! Qu\u2019avez-vous manqu\u00e9 hier\u00a0? Retrouvez toute l\u2019actu \u00e0 connaitre pour d\u00e9marrer&hellip;\n","protected":false},"author":2,"featured_media":382318,"comment_status":"","ping_status":"","sticky":false,"template":"","format":"standard","meta":{"footnotes":""},"categories":[7],"tags":[51540,1011,27,43,40,41,39,42,44],"class_list":{"0":"post-382317","1":"post","2":"type-post","3":"status-publish","4":"format-standard","5":"has-post-thumbnail","7":"category-sciences-et-technologies","8":"tag-01net-morning","9":"tag-fr","10":"tag-france","11":"tag-science","12":"tag-science-and-technology","13":"tag-sciences","14":"tag-sciences-et-technologies","15":"tag-technologies","16":"tag-technology"},"share_on_mastodon":{"url":"https:\/\/pubeurope.com\/@fr\/115184739710997210","error":""},"_links":{"self":[{"href":"https:\/\/www.europesays.com\/fr\/wp-json\/wp\/v2\/posts\/382317","targetHints":{"allow":["GET"]}}],"collection":[{"href":"https:\/\/www.europesays.com\/fr\/wp-json\/wp\/v2\/posts"}],"about":[{"href":"https:\/\/www.europesays.com\/fr\/wp-json\/wp\/v2\/types\/post"}],"author":[{"embeddable":true,"href":"https:\/\/www.europesays.com\/fr\/wp-json\/wp\/v2\/users\/2"}],"replies":[{"embeddable":true,"href":"https:\/\/www.europesays.com\/fr\/wp-json\/wp\/v2\/comments?post=382317"}],"version-history":[{"count":0,"href":"https:\/\/www.europesays.com\/fr\/wp-json\/wp\/v2\/posts\/382317\/revisions"}],"wp:featuredmedia":[{"embeddable":true,"href":"https:\/\/www.europesays.com\/fr\/wp-json\/wp\/v2\/media\/382318"}],"wp:attachment":[{"href":"https:\/\/www.europesays.com\/fr\/wp-json\/wp\/v2\/media?parent=382317"}],"wp:term":[{"taxonomy":"category","embeddable":true,"href":"https:\/\/www.europesays.com\/fr\/wp-json\/wp\/v2\/categories?post=382317"},{"taxonomy":"post_tag","embeddable":true,"href":"https:\/\/www.europesays.com\/fr\/wp-json\/wp\/v2\/tags?post=382317"}],"curies":[{"name":"wp","href":"https:\/\/api.w.org\/{rel}","templated":true}]}}