{"id":382321,"date":"2025-09-11T08:34:11","date_gmt":"2025-09-11T08:34:11","guid":{"rendered":"https:\/\/www.europesays.com\/fr\/382321\/"},"modified":"2025-09-11T08:34:11","modified_gmt":"2025-09-11T08:34:11","slug":"en-direct-gaza-suivez-nos-dernieres-informations-le-monde-fr","status":"publish","type":"post","link":"https:\/\/www.europesays.com\/fr\/382321\/","title":{"rendered":"En direct, Gaza : suivez nos derni\u00e8res informations &#8211; Le Monde.fr"},"content":{"rendered":"<ol>\n<li><a href=\"https:\/\/news.google.com\/rss\/articles\/CBMiuwFBVV95cUxPUDJqRUdZSk9SNHdjUUNqM2pDRnFGdnpxSnFPNkx1X3RjWmJRODk1NHRIOGgyai1mcVVRNkxnY21VdURuQmlSTm52enlKbjRpd3BGcnU1dFN4U3dFLTlqR0dWRE0tOC1JVUF6WDR2QkIzM29kRFJvMXpQOS1nVTcyN2FMTkg0emVHODlNc2pQWjVSR0FhQ3h2c2ZIUFpqSXdvSHFoM1F3T0NGaWVhRUFDa0o1Y0hkQ3BPRnZV?oc=5\" target=\"_blank\" rel=\"nofollow noopener\">En direct, Gaza : suivez nos derni\u00e8res informations<\/a>&nbsp;&nbsp;Le Monde.fr<\/li>\n<li><a href=\"https:\/\/news.google.com\/rss\/articles\/CBMioAJBVV95cUxQZ05VSFdnY25lLXViU1J4M0JtWlZfbWEzcWJOMkx2TmxnOE85UkxWVUh4WmNtOTZURGJRNGlMNFV3UlNMLUxyZW0zWUJLdFBsTXM2Vk9jN3ZpNHpKaGdXWVJZay1wRlIzdGE1NjEwY0VWUWEyVndqVUczVlN1amQ1blZFdzlKNXVVenR5bDBNejA4SlNhcFI0TWZBTnRjZ08xeXh0LWZGOTlmUkk2cmV4dVIxVFE4QW4tNEFIeWc2LTlTaUZkUWZIclU0RG1Wdm9rX1RqWjQxVWtVeVN4bjl6V0FaaEtmaWo1VE5ZRTd0OHVsSDZPZzZfdDRpR1p0RTRIV2wxd2tBRzZHUnpsbXh2V0d3bmJoZjAwRmp2cE1RaEo?oc=5\" target=\"_blank\" rel=\"nofollow noopener\">Guerre au Proche-Orient : l&rsquo;OMS d\u00e9clare rester dans la ville de Gaza, en d\u00e9pit des appels \u00e0 \u00e9vacuer de l&rsquo;arm\u00e9e isra\u00e9lienne<\/a>&nbsp;&nbsp;France Info<\/li>\n<li><a href=\"https:\/\/news.google.com\/rss\/articles\/CBMi9AFBVV95cUxNc1RmR3drbVZKaFVaNjNveldQQkFqQzB3ZVVicXd1Sk42aDlGRTAyMHpKMDJlczIxc3BfVmZ3MjZuNzl0VUFLaFBvUWQ1QWRIc1V0ZW1nd25oMTA1S05IaUZHeTh1QnJjdFFnRVdvYXJIUlZ5R01UVHlsVGR1Vm1KWlp6VWtmNzhjYUF5bDRESDduNkJacU9TZE90ZjhYYXpDSXdVZGl5SHRtRXRINEUwU2pOSHN1R0l5cTBaS1M3QTA4bGIySW5XQWlpcFlYN0ppS0lVMUZhbURUMy1iMllXU2gyTXo0TnFGbGdJMmhQOFNQN3VN?oc=5\" target=\"_blank\" rel=\"nofollow noopener\">Israel Katz depuis Gaza : \u00ab\u00a0Le Hamas doit se rendre et se d\u00e9sarmer, sinon la campagne militaire continuera\u00a0\u00bb<\/a>&nbsp;&nbsp;i24NEWS<\/li>\n<li><a href=\"https:\/\/news.google.com\/rss\/articles\/CBMi3AFBVV95cUxOc2ZxbVFyTkxzZElXZVhZaG1TbTRRYV9tOEU1TWlaamdyYnVxdlp6R3VFcnptNDhWX25jdHZWWGgwWVBMMWZkNUtULUZrcU9yalRFMHI1aDQ5WWU0WUdESWVzaTR5M0s4MGY2Uk1IOEFXNldFZ3QwSXZObVM4TWtfQ2JYeUtWRVJBV2RGUnBtZWlYOHI4cUJtLUx4NmVpZUZTU1pIa3ZrRWY5Q2UtclI3eXJsRmduY1hRNEdRaEMya051bUlOc29QakFoVFJVTHQ4cWV3VExSTGpmcE1q?oc=5\" target=\"_blank\" rel=\"nofollow noopener\">\u00c0 Gaza-ville, les Palestiniens de nouveau contraints de fuir face \u00e0 l&rsquo;assaut isra\u00e9lien<\/a>&nbsp;&nbsp;RFI<\/li>\n<li><a href=\"https:\/\/news.google.com\/rss\/articles\/CBMinwFBVV95cUxPSTk2cDZBZ0NtVkoyU3FBT3p3dVJKcDZ2NExIcDFFb1pMYkhmNE1YbXFERzdPckFFNk9lM01xWUM5ZzExRC1oZFVwSXB5eV9aTXFOaHFoQURpc2ZMMXJNZTlBWDVXTC1veHl3SDFac1lQZENuVldJdEU0SUhMelRudUNpQXlsZXQxMWJjQkprcVVpT0s5OGh2S2hMd3pXZms?oc=5\" target=\"_blank\" rel=\"nofollow noopener\">Vivre dans Gaza-ville syst\u00e9matiquement ras\u00e9e<\/a>&nbsp;&nbsp;Mediapart<\/li>\n<\/ol>\n","protected":false},"excerpt":{"rendered":"En direct, Gaza : suivez nos derni\u00e8res informations&nbsp;&nbsp;Le Monde.fr Guerre au Proche-Orient : l&rsquo;OMS d\u00e9clare rester dans la&hellip;\n","protected":false},"author":2,"featured_media":382322,"comment_status":"","ping_status":"","sticky":false,"template":"","format":"standard","meta":{"footnotes":""},"categories":[5],"tags":[11,1011,27,14,12,28],"class_list":{"0":"post-382321","1":"post","2":"type-post","3":"status-publish","4":"format-standard","5":"has-post-thumbnail","7":"category-international","8":"tag-actualites","9":"tag-fr","10":"tag-france","11":"tag-international","12":"tag-news","13":"tag-world"},"share_on_mastodon":{"url":"https:\/\/pubeurope.com\/@fr\/115184747495410221","error":""},"_links":{"self":[{"href":"https:\/\/www.europesays.com\/fr\/wp-json\/wp\/v2\/posts\/382321","targetHints":{"allow":["GET"]}}],"collection":[{"href":"https:\/\/www.europesays.com\/fr\/wp-json\/wp\/v2\/posts"}],"about":[{"href":"https:\/\/www.europesays.com\/fr\/wp-json\/wp\/v2\/types\/post"}],"author":[{"embeddable":true,"href":"https:\/\/www.europesays.com\/fr\/wp-json\/wp\/v2\/users\/2"}],"replies":[{"embeddable":true,"href":"https:\/\/www.europesays.com\/fr\/wp-json\/wp\/v2\/comments?post=382321"}],"version-history":[{"count":0,"href":"https:\/\/www.europesays.com\/fr\/wp-json\/wp\/v2\/posts\/382321\/revisions"}],"wp:featuredmedia":[{"embeddable":true,"href":"https:\/\/www.europesays.com\/fr\/wp-json\/wp\/v2\/media\/382322"}],"wp:attachment":[{"href":"https:\/\/www.europesays.com\/fr\/wp-json\/wp\/v2\/media?parent=382321"}],"wp:term":[{"taxonomy":"category","embeddable":true,"href":"https:\/\/www.europesays.com\/fr\/wp-json\/wp\/v2\/categories?post=382321"},{"taxonomy":"post_tag","embeddable":true,"href":"https:\/\/www.europesays.com\/fr\/wp-json\/wp\/v2\/tags?post=382321"}],"curies":[{"name":"wp","href":"https:\/\/api.w.org\/{rel}","templated":true}]}}