{"id":382323,"date":"2025-09-11T08:35:11","date_gmt":"2025-09-11T08:35:11","guid":{"rendered":"https:\/\/www.europesays.com\/fr\/382323\/"},"modified":"2025-09-11T08:35:11","modified_gmt":"2025-09-11T08:35:11","slug":"en-direct-sebastien-lecornu-a-matignon-boris-vallaud-met-la-pression-sur-le-nouveau-premier-ministre-en-agitant-la-carte-de-la-motion-de-censure-liberation","status":"publish","type":"post","link":"https:\/\/www.europesays.com\/fr\/382323\/","title":{"rendered":"EN DIRECT &#8211; S\u00e9bastien Lecornu \u00e0 Matignon\u00a0: Boris Vallaud met la pression sur le nouveau Premier ministre en agitant la carte de la motion de censure \u2013 Lib\u00e9ration"},"content":{"rendered":"<p class=\"sc-cPiKLX AiZTS text-element\">Invit\u00e9 sur le plateau de BFMTV ce mercredi, le pr\u00e9sident du S\u00e9nat, qui dit vivre avec \u00abbienveillance\u00bb l\u2018arriv\u00e9e de S\u00e9bastien Lecornu \u00e0 Matignon, plaide en faveur d\u2019un \u00abcontrat de gouvernement\u00bb autour du nouveau Premier ministre, sur \u00abcinq ou six dossiers\u00bb urgents, estimant que \u00abl\u2019urgence\u00bb, c\u2019est \u00abla question budg\u00e9taire\u00bb. Selon lui, ce gouvernement se fera \u00abdepuis Horizons jusqu\u2019\u00e0 LR, en passant par Renaissance, le Modem et un certain nombre de coll\u00e8gues qui n\u2019appartiennent \u00e0 aucun groupe\u00bb. G\u00e9rard Larcher, qui doit \u00eatre re\u00e7u \u00e0 Matignon ce jeudi matin, assure enfin que \u00abl\u2019on peut essayer de trouver des points d\u2019\u00e9quilibre\u00bb avec les \u00abgroupes d\u2019opposition\u00bb. <\/p>\n","protected":false},"excerpt":{"rendered":"Invit\u00e9 sur le plateau de BFMTV ce mercredi, le pr\u00e9sident du S\u00e9nat, qui dit vivre avec \u00abbienveillance\u00bb l\u2018arriv\u00e9e&hellip;\n","protected":false},"author":2,"featured_media":382324,"comment_status":"","ping_status":"","sticky":false,"template":"","format":"standard","meta":{"footnotes":""},"categories":[4],"tags":[11,1011,27,418,12,25,11067],"class_list":{"0":"post-382323","1":"post","2":"type-post","3":"status-publish","4":"format-standard","5":"has-post-thumbnail","7":"category-france","8":"tag-actualites","9":"tag-fr","10":"tag-france","11":"tag-gouvernement","12":"tag-news","13":"tag-republique-francaise","14":"tag-sebastien-lecornu"},"share_on_mastodon":{"url":"https:\/\/pubeurope.com\/@fr\/115184751318835904","error":""},"_links":{"self":[{"href":"https:\/\/www.europesays.com\/fr\/wp-json\/wp\/v2\/posts\/382323","targetHints":{"allow":["GET"]}}],"collection":[{"href":"https:\/\/www.europesays.com\/fr\/wp-json\/wp\/v2\/posts"}],"about":[{"href":"https:\/\/www.europesays.com\/fr\/wp-json\/wp\/v2\/types\/post"}],"author":[{"embeddable":true,"href":"https:\/\/www.europesays.com\/fr\/wp-json\/wp\/v2\/users\/2"}],"replies":[{"embeddable":true,"href":"https:\/\/www.europesays.com\/fr\/wp-json\/wp\/v2\/comments?post=382323"}],"version-history":[{"count":0,"href":"https:\/\/www.europesays.com\/fr\/wp-json\/wp\/v2\/posts\/382323\/revisions"}],"wp:featuredmedia":[{"embeddable":true,"href":"https:\/\/www.europesays.com\/fr\/wp-json\/wp\/v2\/media\/382324"}],"wp:attachment":[{"href":"https:\/\/www.europesays.com\/fr\/wp-json\/wp\/v2\/media?parent=382323"}],"wp:term":[{"taxonomy":"category","embeddable":true,"href":"https:\/\/www.europesays.com\/fr\/wp-json\/wp\/v2\/categories?post=382323"},{"taxonomy":"post_tag","embeddable":true,"href":"https:\/\/www.europesays.com\/fr\/wp-json\/wp\/v2\/tags?post=382323"}],"curies":[{"name":"wp","href":"https:\/\/api.w.org\/{rel}","templated":true}]}}