{"id":382326,"date":"2025-09-11T08:37:11","date_gmt":"2025-09-11T08:37:11","guid":{"rendered":"https:\/\/www.europesays.com\/fr\/382326\/"},"modified":"2025-09-11T08:37:11","modified_gmt":"2025-09-11T08:37:11","slug":"saint-etienne-coup-denvoi-de-la-braderie-de-rentree-en-centre-ville","status":"publish","type":"post","link":"https:\/\/www.europesays.com\/fr\/382326\/","title":{"rendered":"Saint-\u00c9tienne : coup d&rsquo;envoi de la braderie de rentr\u00e9e en centre-ville"},"content":{"rendered":"<p>Les commer\u00e7ants st\u00e9phanois s&rsquo;installent \u00e0 partir de ce jeudi 11 septembre dans les rues du centre-ville pour trois jours de braderie.<\/p>\n<p>Avis aux amateurs de bonnes affaires.<\/p>\n<p>Rendez-vous de 10h \u00e0 19h<\/p>\n<p>Si vous cherchez \u00e0 refaire votre garde-robe, rendez-vous dans les rues du centre-ville de <a class=\"url\" href=\"https:\/\/www.saint-etienne.fr\/actualites\/braderie-de-la-rentree\" target=\"_blank\" rel=\"nofollow noopener\">Saint-\u00c9tienne<\/a>.<\/p>\n<p>\u00c0 partir de ce jeudi 11 septembre, les commer\u00e7ants sortent leurs \u00e9tals pendant trois jours. Rendez-vous <b>de 10h \u00e0 19h<\/b>.<\/p>\n<p><img loading=\"lazy\" decoding=\"async\" src=\"https:\/\/www.europesays.com\/fr\/wp-content\/uploads\/2025\/09\/1757579831_891_img\" width=\"350\" height=\"200\" border=\"0\" title=\"La Patrouille de France\"\/><\/p>\n<p>\u25baSoci\u00e9t\u00e9<\/p>\n<p style=\"font-size: 22px;\"><b>Saint-\u00c9tienne : la Patrouille de France viendra finalement lundi prochain<\/b><\/p>\n<p>Apr\u00e8s l&rsquo;annulation de sa venue ce jeudi 11 septembre,&#8230;<\/p>\n<p><\/p>\n","protected":false},"excerpt":{"rendered":"Les commer\u00e7ants st\u00e9phanois s&rsquo;installent \u00e0 partir de ce jeudi 11 septembre dans les rues du centre-ville pour trois&hellip;\n","protected":false},"author":2,"featured_media":382327,"comment_status":"","ping_status":"","sticky":false,"template":"","format":"standard","meta":{"footnotes":""},"categories":[9653],"tags":[1111,11,2430,17804,30490,1777,674,1011,27,12,21188,25,9920,4001],"class_list":{"0":"post-382326","1":"post","2":"type-post","3":"status-publish","4":"format-standard","5":"has-post-thumbnail","7":"category-saint-etienne","8":"tag-actu","9":"tag-actualites","10":"tag-auvergne-rhone-alpes","11":"tag-braderie","12":"tag-commerants","13":"tag-eu","14":"tag-europe","15":"tag-fr","16":"tag-france","17":"tag-news","18":"tag-rentre","19":"tag-republique-francaise","20":"tag-saint-tienne","21":"tag-saint-etienne"},"share_on_mastodon":{"url":"https:\/\/pubeurope.com\/@fr\/115184759321251097","error":""},"_links":{"self":[{"href":"https:\/\/www.europesays.com\/fr\/wp-json\/wp\/v2\/posts\/382326","targetHints":{"allow":["GET"]}}],"collection":[{"href":"https:\/\/www.europesays.com\/fr\/wp-json\/wp\/v2\/posts"}],"about":[{"href":"https:\/\/www.europesays.com\/fr\/wp-json\/wp\/v2\/types\/post"}],"author":[{"embeddable":true,"href":"https:\/\/www.europesays.com\/fr\/wp-json\/wp\/v2\/users\/2"}],"replies":[{"embeddable":true,"href":"https:\/\/www.europesays.com\/fr\/wp-json\/wp\/v2\/comments?post=382326"}],"version-history":[{"count":0,"href":"https:\/\/www.europesays.com\/fr\/wp-json\/wp\/v2\/posts\/382326\/revisions"}],"wp:featuredmedia":[{"embeddable":true,"href":"https:\/\/www.europesays.com\/fr\/wp-json\/wp\/v2\/media\/382327"}],"wp:attachment":[{"href":"https:\/\/www.europesays.com\/fr\/wp-json\/wp\/v2\/media?parent=382326"}],"wp:term":[{"taxonomy":"category","embeddable":true,"href":"https:\/\/www.europesays.com\/fr\/wp-json\/wp\/v2\/categories?post=382326"},{"taxonomy":"post_tag","embeddable":true,"href":"https:\/\/www.europesays.com\/fr\/wp-json\/wp\/v2\/tags?post=382326"}],"curies":[{"name":"wp","href":"https:\/\/api.w.org\/{rel}","templated":true}]}}