{"id":382328,"date":"2025-09-11T08:38:11","date_gmt":"2025-09-11T08:38:11","guid":{"rendered":"https:\/\/www.europesays.com\/fr\/382328\/"},"modified":"2025-09-11T08:38:11","modified_gmt":"2025-09-11T08:38:11","slug":"panique-a-la-radio-ici-loire-des-manifestants-debarquent-en-force","status":"publish","type":"post","link":"https:\/\/www.europesays.com\/fr\/382328\/","title":{"rendered":"panique \u00e0 la radio Ici Loire, des manifestants d\u00e9barquent en force"},"content":{"rendered":"<p>            Par<br \/>\n        <strong><br \/>\n            <a href=\"https:\/\/actu.fr\/auteur\/julien-sournies\" title=\"Consulter tous les articles de Julien Sournies\" target=\"_blank\" rel=\"noopener\">Julien Sournies<\/a><br \/>\n        <\/strong><\/p>\n<p>        Publi\u00e9 le<\/p>\n<p>            11 sept. 2025 \u00e0 10h27        <\/p>\n<p>Au lendemain du mouvement \u00ab\u00a0Bloquons tout\u00a0\u00bb, qui a <a href=\"https:\/\/actu.fr\/auvergne-rhone-alpes\/saint-etienne_42218\/bloquons-tout-a-saint-etienne-plus-de-5-000-personnes-dans-la-rue-des-perturbations-en-cours_63144716.html\" target=\"_blank\" rel=\"noopener\">r\u00e9uni pr\u00e8s de 5 000 personnes<\/a> \u00e0 <a href=\"https:\/\/actu.fr\/saint-etienne\/\" target=\"_blank\" rel=\"noopener\">Saint-\u00c9tienne<\/a> tout au long de la journ\u00e9e, les actions des manifestants se poursuivent. Comme l\u2019ont rapport\u00e9 nos confr\u00e8res d\u2019<a href=\"https:\/\/www.francebleu.fr\/infos\/faits-divers-justice\/bloquons-tout-une-tentative-d-intrusion-dans-les-locaux-d-ici-saint-etienne-loire-par-une-vingtaine-de-personnes-7082873\" target=\"_blank\" rel=\"noopener\">Ici Loire<\/a> ce jeudi 11 septembre, leurs locaux ont fait l\u2019objet d\u2019une <strong>tentative d\u2019intrusion<\/strong> en marge de la journ\u00e9e de mobilisation de la veille.<\/p>\n<p>Les militants veulent passer \u00e0 l\u2019antenne<\/p>\n<p class=\" wall-content\">Selon nos confr\u00e8res, les faits se sont d\u00e9roul\u00e9s aux environs de 6h45 pendant la diffusion de la matinale.<\/p>\n<p class=\" wall-content\">Une vingtaine d\u2019individus, visages cach\u00e9s, ont alors sonn\u00e9 \u00e0 plusieurs reprises, jet\u00e9 des cailloux et donn\u00e9 des coups \u00ab\u00a0tr\u00e8s forts\u00a0\u00bb sur la porte de leurs locaux, afin de <strong>\u00ab\u00a0passer \u00e0 la radio\u00a0\u00bb<\/strong>. C\u2019\u00e9tait \u00ab\u00a0stressant \u00e0 l\u2019antenne\u00a0\u00bb, confie d\u2019ailleurs l\u2019une des journalistes sur place.<\/p>\n<p class=\" wall-content\">Intervenues sur les lieux, les forces de l\u2019ordre ont pu proc\u00e9der \u00e0 l\u2019\u00e9vacuation des fauteurs de troubles aux alentours de 7 heures, nous communique la pr\u00e9fecture de la Loire. Selon nos informations, il n\u2019y a pas eu d\u2019interpellation.<\/p>\n<p class=\" wall-content\">Personnalisez votre actualit\u00e9 en ajoutant vos villes et m\u00e9dias en favori avec <a href=\"https:\/\/moncompte.actu.fr\" title=\"D\u00e9couvez Mon Actu\" rel=\"nofollow noopener\" data-trk=\"{&quot;cta&quot;:{&quot;action&quot;:&quot;https:\\\/\\\/moncompte.actu.fr&quot;,&quot;category&quot;:&quot;mon compte&quot;,&quot;from&quot;:&quot;article footer&quot;,&quot;name&quot;:&quot;Mon actu&quot;,&quot;type&quot;:&quot;cta&quot;}}\" target=\"_blank\">Mon Actu<\/a>.<\/p>\n","protected":false},"excerpt":{"rendered":"Par Julien Sournies Publi\u00e9 le 11 sept. 2025 \u00e0 10h27 Au lendemain du mouvement \u00ab\u00a0Bloquons tout\u00a0\u00bb, qui a&hellip;\n","protected":false},"author":2,"featured_media":382329,"comment_status":"","ping_status":"","sticky":false,"template":"","format":"standard","meta":{"footnotes":""},"categories":[9653],"tags":[1111,11,2430,47212,1777,674,1011,27,1272,50957,12,25,4001,104],"class_list":{"0":"post-382328","1":"post","2":"type-post","3":"status-publish","4":"format-standard","5":"has-post-thumbnail","7":"category-saint-etienne","8":"tag-actu","9":"tag-actualites","10":"tag-auvergne-rhone-alpes","11":"tag-bloquons-tout","12":"tag-eu","13":"tag-europe","14":"tag-fr","15":"tag-france","16":"tag-manifestations","17":"tag-mouvement-du-10-septembre","18":"tag-news","19":"tag-republique-francaise","20":"tag-saint-etienne","21":"tag-societe"},"share_on_mastodon":{"url":"https:\/\/pubeurope.com\/@fr\/115184763154441431","error":""},"_links":{"self":[{"href":"https:\/\/www.europesays.com\/fr\/wp-json\/wp\/v2\/posts\/382328","targetHints":{"allow":["GET"]}}],"collection":[{"href":"https:\/\/www.europesays.com\/fr\/wp-json\/wp\/v2\/posts"}],"about":[{"href":"https:\/\/www.europesays.com\/fr\/wp-json\/wp\/v2\/types\/post"}],"author":[{"embeddable":true,"href":"https:\/\/www.europesays.com\/fr\/wp-json\/wp\/v2\/users\/2"}],"replies":[{"embeddable":true,"href":"https:\/\/www.europesays.com\/fr\/wp-json\/wp\/v2\/comments?post=382328"}],"version-history":[{"count":0,"href":"https:\/\/www.europesays.com\/fr\/wp-json\/wp\/v2\/posts\/382328\/revisions"}],"wp:featuredmedia":[{"embeddable":true,"href":"https:\/\/www.europesays.com\/fr\/wp-json\/wp\/v2\/media\/382329"}],"wp:attachment":[{"href":"https:\/\/www.europesays.com\/fr\/wp-json\/wp\/v2\/media?parent=382328"}],"wp:term":[{"taxonomy":"category","embeddable":true,"href":"https:\/\/www.europesays.com\/fr\/wp-json\/wp\/v2\/categories?post=382328"},{"taxonomy":"post_tag","embeddable":true,"href":"https:\/\/www.europesays.com\/fr\/wp-json\/wp\/v2\/tags?post=382328"}],"curies":[{"name":"wp","href":"https:\/\/api.w.org\/{rel}","templated":true}]}}