{"id":382347,"date":"2025-09-11T08:48:21","date_gmt":"2025-09-11T08:48:21","guid":{"rendered":"https:\/\/www.europesays.com\/fr\/382347\/"},"modified":"2025-09-11T08:48:21","modified_gmt":"2025-09-11T08:48:21","slug":"isere-tony-parker-en-dedicace-exceptionnelle-chez-decitre-a-grenoble","status":"publish","type":"post","link":"https:\/\/www.europesays.com\/fr\/382347\/","title":{"rendered":"Is\u00e8re. Tony Parker en d\u00e9dicace exceptionnelle chez Decitre \u00e0 Grenoble"},"content":{"rendered":"<p>Une visite exceptionnelle. L\u2019ancien basketteur Tony Parker sera en d\u00e9dicace \u00e0 la librairie Decitre, d\u00e9sormais situ\u00e9 au quatri\u00e8me \u00e9tage des Galeries Lafayette \u00e0 Grenoble, le samedi 27\u00a0septembre. Le public pourra profiter d\u2019animations sp\u00e9ciales tout au long de la journ\u00e9e, c\u00e9l\u00e9brant la carri\u00e8re et l\u2019univers de Tony Parker. Ce dernier d\u00e9dicacera \u00e9galement son livre paru en 2019, Au-del\u00e0 de tous mes r\u00eaves. <\/p>\n<p>\u201cQuand j\u2019ai commenc\u00e9 \u00e0 jouer, le basket fran\u00e7ais n\u2019avait qu\u2019une toute petite place en Europe et dans le monde. On ne nous respectait pas. J\u2019ai voulu montrer qu\u2019en France aussi on savait jouer au basket. Qu\u2019on pouvait \u00eatre champion NBA avec un meneur fran\u00e7ais. Le 10\u00a0juin 2019, j\u2019ai officiellement annonc\u00e9 la fin de ma carri\u00e8re de basketteur, apr\u00e8s 20 ans au plus haut niveau. J\u2019avais 37 ans et l\u2019impression d\u2019avoir d\u00e9j\u00e0 v\u00e9cu dix vies tellement toutes ces ann\u00e9es ont \u00e9t\u00e9 riches et denses, bien au-del\u00e0 de ce dont je r\u00eavais\u2026\u201d, explique l\u2019ancien sportif.<\/p>\n<p>Ce contenu est bloqu\u00e9 car vous n&rsquo;avez pas accept\u00e9 les cookies et autres traceurs.<\/p>\n<p>En cliquant sur \u00ab J\u2019accepte \u00bb, les cookies et autres traceurs seront d\u00e9pos\u00e9s et vous pourrez visualiser les contenus  (<a href=\"\" class=\"consentModule_policy\" target=\"_blank\" title=\"Consulter la politique de protection des donn\u00e9es du fournisseur\">plus d&rsquo;informations<\/a>).<\/p>\n<p>En cliquant sur \u00ab J\u2019accepte tous les cookies \u00bb, vous autorisez des d\u00e9p\u00f4ts de cookies et autres traceurs pour le stockage de vos donn\u00e9es sur nos sites et applications \u00e0 des fins de personnalisation et de ciblage publicitaire.<\/p>\n<p class=\"consentModule_secondaryText\">Vous gardez la possibilit\u00e9 de retirer votre consentement \u00e0 tout moment en consultant notre <a href=\"https:\/\/www.ledauphine.com\/protection-des-donnees\" target=\"_blank\" title=\"Consulter notre politique de protection des donn\u00e9es\" rel=\"nofollow noopener\">politique de protection des donn\u00e9es<\/a>. <br \/>&#13;<br \/>\n            <a href=\"https:\/\/www.ledauphine.com\/culture-loisirs\/2025\/09\/11\/javascript:Didomi.notice.show()\" class=\"consentModule_cmp\" rel=\"nofollow noopener\" target=\"_blank\">G\u00e9rer mes choix<\/a>&#13;\n        <\/p>\n<p>&#13;<br \/>\n                        J&rsquo;accepte&#13;<br \/>\n            J&rsquo;accepte tous les cookies&#13;\n        <\/p>\n<p>\u00ab\u00a0Nous sommes tr\u00e8s fiers d\u2019accueillir Tony Parker \u00e0 Grenoble. Sa pr\u00e9sence symbolise notre ambition de faire de nos magasins bien plus que des lieux de commerce\u00a0: des plateformes d\u2019inspiration et de rencontre au service des Grenoblois et Grenobloises\u00a0\u00bb, explique de son c\u00f4t\u00e9 C\u00e9dric Moulart, directeur des Galeries Lafayette.<\/p>\n<p class=\"note\"> Samedi 27\u00a0septembre \u00e0 partir de 14 heures aux Galeries Lafayette \u00e0 Grenoble, espace Decitre.<\/p>\n","protected":false},"excerpt":{"rendered":"Une visite exceptionnelle. L\u2019ancien basketteur Tony Parker sera en d\u00e9dicace \u00e0 la librairie Decitre, d\u00e9sormais situ\u00e9 au quatri\u00e8me&hellip;\n","protected":false},"author":2,"featured_media":382348,"comment_status":"","ping_status":"","sticky":false,"template":"","format":"standard","meta":{"footnotes":""},"categories":[9566],"tags":[1111,11,2430,1687,112,1777,674,107,1011,27,2731,2732,108,2410,12,25],"class_list":{"0":"post-382347","1":"post","2":"type-post","3":"status-publish","4":"format-standard","5":"has-post-thumbnail","7":"category-grenoble","8":"tag-actu","9":"tag-actualites","10":"tag-auvergne-rhone-alpes","11":"tag-culture-loisirs","12":"tag-edition-grenoble-agglomeration","13":"tag-eu","14":"tag-europe","15":"tag-fil-info","16":"tag-fr","17":"tag-france","18":"tag-grenoble","19":"tag-grenoble-bassin","20":"tag-isere","21":"tag-livres-bd","22":"tag-news","23":"tag-republique-francaise"},"share_on_mastodon":{"url":"https:\/\/pubeurope.com\/@fr\/115184802439844510","error":""},"_links":{"self":[{"href":"https:\/\/www.europesays.com\/fr\/wp-json\/wp\/v2\/posts\/382347","targetHints":{"allow":["GET"]}}],"collection":[{"href":"https:\/\/www.europesays.com\/fr\/wp-json\/wp\/v2\/posts"}],"about":[{"href":"https:\/\/www.europesays.com\/fr\/wp-json\/wp\/v2\/types\/post"}],"author":[{"embeddable":true,"href":"https:\/\/www.europesays.com\/fr\/wp-json\/wp\/v2\/users\/2"}],"replies":[{"embeddable":true,"href":"https:\/\/www.europesays.com\/fr\/wp-json\/wp\/v2\/comments?post=382347"}],"version-history":[{"count":0,"href":"https:\/\/www.europesays.com\/fr\/wp-json\/wp\/v2\/posts\/382347\/revisions"}],"wp:featuredmedia":[{"embeddable":true,"href":"https:\/\/www.europesays.com\/fr\/wp-json\/wp\/v2\/media\/382348"}],"wp:attachment":[{"href":"https:\/\/www.europesays.com\/fr\/wp-json\/wp\/v2\/media?parent=382347"}],"wp:term":[{"taxonomy":"category","embeddable":true,"href":"https:\/\/www.europesays.com\/fr\/wp-json\/wp\/v2\/categories?post=382347"},{"taxonomy":"post_tag","embeddable":true,"href":"https:\/\/www.europesays.com\/fr\/wp-json\/wp\/v2\/tags?post=382347"}],"curies":[{"name":"wp","href":"https:\/\/api.w.org\/{rel}","templated":true}]}}