{"id":382349,"date":"2025-09-11T08:49:16","date_gmt":"2025-09-11T08:49:16","guid":{"rendered":"https:\/\/www.europesays.com\/fr\/382349\/"},"modified":"2025-09-11T08:49:16","modified_gmt":"2025-09-11T08:49:16","slug":"le-rheu-des-slogans-et-des-dessins-a-la-craie-pour-le-10-septembre","status":"publish","type":"post","link":"https:\/\/www.europesays.com\/fr\/382349\/","title":{"rendered":"Le Rheu. Des slogans et des dessins\u00a0\u00e0 la craie pour le 10 septembre"},"content":{"rendered":"<p>Hier, \u00e0 l\u2019occasion de la journ\u00e9e de mobilisation du 10\u00a0septembre, une dizaine de parents d\u2019\u00e9l\u00e8ves de l\u2019\u00e9cole de la Gabillais ont eu une id\u00e9e originale. Sur le goudron, des dessins et des slogans ont fleuri. \u00a0On ne voulait pas aller vers Rennes avec nos enfants, on craignait que ce soit violent,racontent ces parents r\u00e9unis avec leurs enfants dans la cour de l\u2019\u00e9cole,C\u2019est Annabel qui a eu cette id\u00e9e de venir dessiner ici avec des craies, une fa\u00e7on de faire passer le message d\u2019une mani\u00e8re ludique et de sensibiliser nos enfants.\u00a0<\/p>\n<p>Au hasard des \u00e9crits, quelques perles concoct\u00e9es par les enfants, avec les conseils des adultes. \u00a0On nous apprend \u00e0 partager les bonbons, pourquoi ils ne partagent pas les richesses, <strong>ou, <\/strong><strong><strong>les <\/strong>jours f\u00e9ri\u00e9s, il faut les garder pour que nos ma\u00eetresses puissent se reposer<\/strong>.\u00bb Et pour les bobos\u00a0? \u00a0Occupez-vous de nos h\u00f4pitaux pour soigner nos bobos\u00a0\u00bb.<\/p>\n<p>\u00a0<\/p>\n","protected":false},"excerpt":{"rendered":"Hier, \u00e0 l\u2019occasion de la journ\u00e9e de mobilisation du 10\u00a0septembre, une dizaine de parents d\u2019\u00e9l\u00e8ves de l\u2019\u00e9cole de&hellip;\n","protected":false},"author":2,"featured_media":382350,"comment_status":"","ping_status":"","sticky":false,"template":"","format":"standard","meta":{"footnotes":""},"categories":[2821],"tags":[5481,1111,11,829,51541,21350,1777,674,1011,27,12,3086,584,25,9578,395,32348],"class_list":{"0":"post-382349","1":"post","2":"type-post","3":"status-publish","4":"format-standard","5":"has-post-thumbnail","7":"category-rennes","8":"tag-5481","9":"tag-actu","10":"tag-actualites","11":"tag-bretagne","12":"tag-craie","13":"tag-dessins","14":"tag-eu","15":"tag-europe","16":"tag-fr","17":"tag-france","18":"tag-news","19":"tag-redon","20":"tag-rennes","21":"tag-republique-francaise","22":"tag-rheu","23":"tag-septembre","24":"tag-slogans"},"share_on_mastodon":{"url":"https:\/\/pubeurope.com\/@fr\/115184806376050096","error":""},"_links":{"self":[{"href":"https:\/\/www.europesays.com\/fr\/wp-json\/wp\/v2\/posts\/382349","targetHints":{"allow":["GET"]}}],"collection":[{"href":"https:\/\/www.europesays.com\/fr\/wp-json\/wp\/v2\/posts"}],"about":[{"href":"https:\/\/www.europesays.com\/fr\/wp-json\/wp\/v2\/types\/post"}],"author":[{"embeddable":true,"href":"https:\/\/www.europesays.com\/fr\/wp-json\/wp\/v2\/users\/2"}],"replies":[{"embeddable":true,"href":"https:\/\/www.europesays.com\/fr\/wp-json\/wp\/v2\/comments?post=382349"}],"version-history":[{"count":0,"href":"https:\/\/www.europesays.com\/fr\/wp-json\/wp\/v2\/posts\/382349\/revisions"}],"wp:featuredmedia":[{"embeddable":true,"href":"https:\/\/www.europesays.com\/fr\/wp-json\/wp\/v2\/media\/382350"}],"wp:attachment":[{"href":"https:\/\/www.europesays.com\/fr\/wp-json\/wp\/v2\/media?parent=382349"}],"wp:term":[{"taxonomy":"category","embeddable":true,"href":"https:\/\/www.europesays.com\/fr\/wp-json\/wp\/v2\/categories?post=382349"},{"taxonomy":"post_tag","embeddable":true,"href":"https:\/\/www.europesays.com\/fr\/wp-json\/wp\/v2\/tags?post=382349"}],"curies":[{"name":"wp","href":"https:\/\/api.w.org\/{rel}","templated":true}]}}