{"id":382353,"date":"2025-09-11T08:51:12","date_gmt":"2025-09-11T08:51:12","guid":{"rendered":"https:\/\/www.europesays.com\/fr\/382353\/"},"modified":"2025-09-11T08:51:12","modified_gmt":"2025-09-11T08:51:12","slug":"strasbourg-au-lendemain-de-la-mobilisation-bloquons-tout-tentative-de-blocage-au-lycee-fustel-de-coulanges","status":"publish","type":"post","link":"https:\/\/www.europesays.com\/fr\/382353\/","title":{"rendered":"Strasbourg. Au lendemain de la mobilisation \u00ab\u00a0Bloquons tout\u00a0\u00bb, tentative de blocage au lyc\u00e9e Fustel de Coulanges"},"content":{"rendered":"<p>Au lendemain de la mobilisation lyc\u00e9enne <a href=\"https:\/\/www.dna.fr\/bloquons-tout-ce-qu-il-faut-retenir-de-la-mobilisation-de-ce-10-septembre-dans-la-region\" target=\"_blank\" rel=\"nofollow noopener\">dans le cadre du mouvement <\/a><a href=\"https:\/\/www.dna.fr\/bloquons-tout-ce-qu-il-faut-retenir-de-la-mobilisation-de-ce-10-septembre-dans-la-region\" target=\"_blank\" rel=\"nofollow noopener\">\u00ab\u00a0Bloquons tout\u00a0\u00bb<\/a>, une dizaine de jeunes se sont mobilis\u00e9s, ce jeudi 11 septembre, devant le lyc\u00e9e Fustel de Coulanges place du Ch\u00e2teau \u00e0 Strasbourg. Ils ont tent\u00e9 de bloquer l\u2019acc\u00e8s \u00e0 l\u2019\u00e9tablissement en positionnant des poubelles et barri\u00e8res.<\/p>\n<p>La police a mis fin \u00e0 la contestation. Apr\u00e8s sommations, deux personnes ont \u00e9t\u00e9 appr\u00e9hend\u00e9es : une lyc\u00e9enne de 16 ans et une jeune femme de 27 ans.<\/p>\n<p>Selon nos informations, les gardes \u00e0 vue de la veille, en marge du mouvement \u00ab\u00a0Bloquons tout\u00a0\u00bb, sont toujours en cours.<\/p>\n","protected":false},"excerpt":{"rendered":"Au lendemain de la mobilisation lyc\u00e9enne dans le cadre du mouvement \u00ab\u00a0Bloquons tout\u00a0\u00bb, une dizaine de jeunes se&hellip;\n","protected":false},"author":2,"featured_media":382354,"comment_status":"","ping_status":"","sticky":false,"template":"","format":"standard","meta":{"footnotes":""},"categories":[2820],"tags":[1111,11,2880,1057,1777,674,274,107,1011,27,775,12,25,801,640],"class_list":{"0":"post-382353","1":"post","2":"type-post","3":"status-publish","4":"format-standard","5":"has-post-thumbnail","7":"category-strasbourg","8":"tag-actu","9":"tag-actualites","10":"tag-edition-strasbourg","11":"tag-education","12":"tag-eu","13":"tag-europe","14":"tag-faits-divers-justice","15":"tag-fil-info","16":"tag-fr","17":"tag-france","18":"tag-grand-est","19":"tag-news","20":"tag-republique-francaise","21":"tag-social","22":"tag-strasbourg"},"share_on_mastodon":{"url":"https:\/\/pubeurope.com\/@fr\/115184814247572140","error":""},"_links":{"self":[{"href":"https:\/\/www.europesays.com\/fr\/wp-json\/wp\/v2\/posts\/382353","targetHints":{"allow":["GET"]}}],"collection":[{"href":"https:\/\/www.europesays.com\/fr\/wp-json\/wp\/v2\/posts"}],"about":[{"href":"https:\/\/www.europesays.com\/fr\/wp-json\/wp\/v2\/types\/post"}],"author":[{"embeddable":true,"href":"https:\/\/www.europesays.com\/fr\/wp-json\/wp\/v2\/users\/2"}],"replies":[{"embeddable":true,"href":"https:\/\/www.europesays.com\/fr\/wp-json\/wp\/v2\/comments?post=382353"}],"version-history":[{"count":0,"href":"https:\/\/www.europesays.com\/fr\/wp-json\/wp\/v2\/posts\/382353\/revisions"}],"wp:featuredmedia":[{"embeddable":true,"href":"https:\/\/www.europesays.com\/fr\/wp-json\/wp\/v2\/media\/382354"}],"wp:attachment":[{"href":"https:\/\/www.europesays.com\/fr\/wp-json\/wp\/v2\/media?parent=382353"}],"wp:term":[{"taxonomy":"category","embeddable":true,"href":"https:\/\/www.europesays.com\/fr\/wp-json\/wp\/v2\/categories?post=382353"},{"taxonomy":"post_tag","embeddable":true,"href":"https:\/\/www.europesays.com\/fr\/wp-json\/wp\/v2\/tags?post=382353"}],"curies":[{"name":"wp","href":"https:\/\/api.w.org\/{rel}","templated":true}]}}